{"id":225410,"date":"2025-07-04T10:28:09","date_gmt":"2025-07-04T10:28:09","guid":{"rendered":"https:\/\/www.europesays.com\/fr\/225410\/"},"modified":"2025-07-04T10:28:09","modified_gmt":"2025-07-04T10:28:09","slug":"deux-auteurs-au-destin-hors-normes-dedicaceront-leurs-livres-a-saint-remy-de-provence-le-samedi-5-juillet","status":"publish","type":"post","link":"https:\/\/www.europesays.com\/fr\/225410\/","title":{"rendered":"Deux auteurs au destin hors-normes d\u00e9dicaceront leurs livres \u00e0 Saint-R\u00e9my-de-Provence le samedi 5 juillet"},"content":{"rendered":"<p>Samedi 5 juillet, Saint-R\u00e9my Presse accueille une d\u00e9dicace de deux auteurs inspirants \u00e0 <a href=\"https:\/\/www.laprovence.com\/bouches-du-rhone\/saint-remy-de-provence-13100\/page-3\" target=\"_blank\" rel=\"nofollow noopener\">Saint-R\u00e9my-de-Provence<\/a>. Brigitte <a href=\"https:\/\/www.laprovence.com\/article\/region\/45653959108566\/villa-benkemoun-a-arles-un-bien-hors-du-commun-ne-dun-projet-fou-de-gens-ordinaires-raconte-dans-un-livre\" target=\"_blank\" rel=\"nofollow noopener\">Benkemoun<\/a>, journaliste et \u00e9crivain, a \u00e9crit plusieurs ouvrages, mais La villa a mis un certain temps \u00e0 \u00eatre finalis\u00e9, certainement par le contenu affectif fort qu\u2019il recelait.<\/p>\n<p>En mai, La Provence se faisait l\u2019\u00e9cho de l\u2019histoire de cette h\u00e9riti\u00e8re qui re\u00e7oit une maison tr\u00e8s particuli\u00e8re au d\u00e9c\u00e8s de ses parents, <a href=\"https:\/\/www.laprovence.com\/article\/culture-loisirs\/2433534354052814\/lautrice-brigitte-benkemoun-rencontre-ses-lecteurs-a-tarascon-et-raconte-son-histoire-pleine-de-rebondissements\" target=\"_blank\" rel=\"nofollow noopener\">une villa futuriste et utopique<\/a> incroyable situ\u00e9e pr\u00e8s <a href=\"https:\/\/www.laprovence.com\/bouches-du-rhone\/arles-13004\" target=\"_blank\" rel=\"nofollow noopener\">d\u2019Arles<\/a>.<\/p>\n<p>En s\u2019int\u00e9ressant \u00e0 ce projet hors-norme d\u2019un couple qui semblait assez normal, l\u2019autrice va raconter son histoire dans l\u2019Histoire. L\u2019histoire de rapatri\u00e9s d\u2019Alg\u00e9rie \u00e0 l\u2019incroyable culot, \u00e0 une \u00e9poque o\u00f9 tout semblait possible. L\u2019histoire d\u2019un couple modeste qui sort des codes. L\u2019histoire d\u2019un r\u00eave architectural qui a f\u00eat\u00e9 ses 50\u00a0ans en\u00a02024, avec ses 500\u00a0m\u00b2 labellis\u00e9s Patrimoine du vingti\u00e8me si\u00e8cle.<\/p>\n<p>Un h\u00e9ritage comme fardeau<\/p>\n<p>Con\u00e7ue par l\u2019architecte arl\u00e9sien \u00c9mile Sala, qui a pass\u00e9 un long temps d\u2019exploration des attentes des commanditaires, la b\u00e2tisse incroyable en b\u00e9ton incurv\u00e9 va transformer le destin de ses habitants, requ\u00e9rant des ressources importantes et beaucoup d\u2019\u00e9nergie.<\/p>\n","protected":false},"excerpt":{"rendered":"Samedi 5 juillet, Saint-R\u00e9my Presse accueille une d\u00e9dicace de deux auteurs inspirants \u00e0 Saint-R\u00e9my-de-Provence. Brigitte Benkemoun, journaliste et&hellip;\n","protected":false},"author":2,"featured_media":225411,"comment_status":"","ping_status":"","sticky":false,"template":"","format":"standard","meta":{"footnotes":""},"categories":[1357],"tags":[17,711,1379,251,36424,36422,4070,58,59,1011,27,36423,3591,1380],"class_list":{"0":"post-225410","1":"post","2":"type-post","3":"status-publish","4":"format-standard","5":"has-post-thumbnail","7":"category-livres","8":"tag-17","9":"tag-auteurs","10":"tag-books","11":"tag-culture","12":"tag-dedicaceront","13":"tag-destin","14":"tag-deux","15":"tag-divertissement","16":"tag-entertainment","17":"tag-fr","18":"tag-france","19":"tag-hors-normes","20":"tag-leurs","21":"tag-livres"},"share_on_mastodon":{"url":"https:\/\/pubeurope.com\/@fr\/114794496206389920","error":""},"_links":{"self":[{"href":"https:\/\/www.europesays.com\/fr\/wp-json\/wp\/v2\/posts\/225410","targetHints":{"allow":["GET"]}}],"collection":[{"href":"https:\/\/www.europesays.com\/fr\/wp-json\/wp\/v2\/posts"}],"about":[{"href":"https:\/\/www.europesays.com\/fr\/wp-json\/wp\/v2\/types\/post"}],"author":[{"embeddable":true,"href":"https:\/\/www.europesays.com\/fr\/wp-json\/wp\/v2\/users\/2"}],"replies":[{"embeddable":true,"href":"https:\/\/www.europesays.com\/fr\/wp-json\/wp\/v2\/comments?post=225410"}],"version-history":[{"count":0,"href":"https:\/\/www.europesays.com\/fr\/wp-json\/wp\/v2\/posts\/225410\/revisions"}],"wp:featuredmedia":[{"embeddable":true,"href":"https:\/\/www.europesays.com\/fr\/wp-json\/wp\/v2\/media\/225411"}],"wp:attachment":[{"href":"https:\/\/www.europesays.com\/fr\/wp-json\/wp\/v2\/media?parent=225410"}],"wp:term":[{"taxonomy":"category","embeddable":true,"href":"https:\/\/www.europesays.com\/fr\/wp-json\/wp\/v2\/categories?post=225410"},{"taxonomy":"post_tag","embeddable":true,"href":"https:\/\/www.europesays.com\/fr\/wp-json\/wp\/v2\/tags?post=225410"}],"curies":[{"name":"wp","href":"https:\/\/api.w.org\/{rel}","templated":true}]}}