{"id":225418,"date":"2025-07-04T10:32:23","date_gmt":"2025-07-04T10:32:23","guid":{"rendered":"https:\/\/www.europesays.com\/fr\/225418\/"},"modified":"2025-07-04T10:32:23","modified_gmt":"2025-07-04T10:32:23","slug":"une-marque-espagnole-avec-une-composition-clean-quel-est-ce-solaire-recommande-par-dr-jimmy-mohamed","status":"publish","type":"post","link":"https:\/\/www.europesays.com\/fr\/225418\/","title":{"rendered":"\u00ab\u00a0Une marque espagnole avec une composition clean\u00a0\u00bb : quel est ce solaire recommand\u00e9 par Dr Jimmy Mohamed ?"},"content":{"rendered":"<p>Alors que les vacances approchent et que le soleil brille de plus en plus fort, il est crucial de bien choisir sa cr\u00e8me solaire pour \u00e9viter les <a href=\"https:\/\/www.voici.fr\/beaute\/skincare-coreenne-cet-ingredient-asiatique-sauvera-votre-peau-des-coups-de-soleil-804306\" rel=\"nofollow noopener\" target=\"_blank\">coups de soleil<\/a> et les risques \u00e0 long terme. <strong>Le docteur <\/strong><a href=\"https:\/\/www.voici.fr\/bios-people\/jimmy-mohamed\" data-link-people=\"a90f0ede-4922-41c5-a56f-b35167d696fd\" rel=\"nofollow noopener\" target=\"_blank\"><strong>Jimmy Mohamed<\/strong><\/a><strong> <\/strong>insiste sur l&rsquo;importance de <strong>privil\u00e9gier un indice de protection \u00e9lev\u00e9<\/strong>, d&rsquo;appliquer g\u00e9n\u00e9reusement le produit et de renouveler l&rsquo;application r\u00e9guli\u00e8rement. Il rappelle \u00e9galement que<strong> le prix n&rsquo;est pas toujours synonyme de qualit\u00e9<\/strong> et que des marques abordables peuvent offrir une protection efficace.<\/p>\n<p>Quelle marque de cr\u00e8me solaire recommande Jimmy Mohamed\u00a0?<\/p>\n<p>Au micro de RTL, le docteur d\u00e9voile la gamme \u00e0 privil\u00e9gier en mati\u00e8re de <a href=\"https:\/\/www.voici.fr\/beaute\/bestseller-dans-le-monde-cette-creme-solaire-vendue-en-pharmacie-se-decline-pour-le-corps-805974\" rel=\"nofollow noopener\" target=\"_blank\">cr\u00e8me solaire.<\/a> \u00ab\u00a0Premi\u00e8rement, il y a la ISDIN\u00a0\u00bb dit-il avant de poursuivre\u00a0:<strong> <\/strong><strong>\u00ab\u00a0Marque espagnole avec une composition clean,<\/strong> elle est sous forme de stick afin que vous puissiez la mettre directement sur le visage.\u00a0\u00bb En effet, reconnue pour ses produits orient\u00e9s vers la photoprotection, cette marque propose des sticks solaires avec une tr\u00e8s haute protection UVB\/UVA,<strong> souvent avec un SPF 50+, avec une r\u00e9sistance \u00e0 l&rsquo;eau et \u00e0 la<\/strong><a href=\"https:\/\/www.voici.fr\/beaute\/transpiration-excessive-les-4-erreurs-qui-empirent-les-odeurs-quand-il-fait-chaud-734653\" rel=\"nofollow noopener\" target=\"_blank\"><strong> transpiration.<\/strong><\/a><strong> <\/strong>Bien entendu, ils sont non-com\u00e9dog\u00e8nes, hypoallerg\u00e9niques et conviennent aux peaux sensibles. Et pour s\u00e9duire davantage les consommateurs, <strong>ce stick solaire n&rsquo;accentue pas la brillance de la peau apr\u00e8s application, au contraire, il r\u00e9duit l&rsquo;<\/strong><a href=\"https:\/\/www.voici.fr\/food\/exces-de-sebum-quels-sont-les-aliments-a-eviter-quand-on-a-la-peau-grasse-786350\" rel=\"nofollow noopener\" target=\"_blank\"><strong>exc\u00e8s de s\u00e9bum<\/strong><\/a><strong>.<\/strong> Enfin, le mini format de ce SPF convainc de le glisser dans son sac et de l&rsquo;utiliser (tr\u00e8s) r\u00e9guli\u00e8rement. Test\u00e9 et approuv\u00e9, ce stick solaire remporte tous les suffrages \u00e0 la r\u00e9daction de Voici aussi.<\/p>\n<p>Jimmy Mohamed conseille \u00e9galement les solaires japonais<\/p>\n<p>D&rsquo;apr\u00e8s ses dires \u00e0 la radio, \u00ab\u00a0souvent, les Japonais sont plus exigeants en mati\u00e8re de protection solaire, car ils ne veulent surtout pas bronzer ou bien avoir des coups de soleil. <strong>Gr\u00e2ce \u00e0 \u00e7a, les compositions sont g\u00e9n\u00e9ralement meilleures, avec un indice de protection contre les <\/strong><a href=\"https:\/\/www.voici.fr\/beaute\/cette-creme-solaire-anti-age-vendue-en-pharmacie-protege-des-uva-pendant-8-heures-779591\" rel=\"nofollow noopener\" target=\"_blank\"><strong>UVA<\/strong><\/a><strong> plus important.\u00a0\u00bb<\/strong> Pour les beauty addict fan de skincare, sachez que le m\u00e9decin recommande la marque Bior\u00e9. Tr\u00e8s connue en Asie, cette marque s\u2019est taill\u00e9 une solide r\u00e9putation gr\u00e2ce \u00e0 des formules ultra-l\u00e9g\u00e8res, au toucher \u00ab\u00a0<strong>water-like\u00a0\u00bb<\/strong>, qui se fondent sur la <a href=\"https:\/\/www.voici.fr\/beaute\/votre-peau-est-un-desastre-voici-pourquoi-les-journees-caniculaires-au-bureau-labiment-autant-807176\" rel=\"nofollow noopener\" target=\"_blank\">peau<\/a> sans laisser de film blanc ni sensation grasse.<\/p>\n<p><strong>Certains liens sont affili\u00e9s et peuvent g\u00e9n\u00e9rer une commission pour Voici. Les prix sont mentionn\u00e9s \u00e0 titre indicatif et sont susceptibles d&rsquo;\u00e9voluer. Le contenu pr\u00e9sent\u00e9 a \u00e9t\u00e9 r\u00e9dig\u00e9 en toute ind\u00e9pendance par une journaliste professionnelle.<\/strong><\/p>\n","protected":false},"excerpt":{"rendered":"Alors que les vacances approchent et que le soleil brille de plus en plus fort, il est crucial&hellip;\n","protected":false},"author":2,"featured_media":225419,"comment_status":"","ping_status":"","sticky":false,"template":"","format":"standard","meta":{"footnotes":""},"categories":[10],"tags":[1011,27,72,71],"class_list":{"0":"post-225418","1":"post","2":"type-post","3":"status-publish","4":"format-standard","5":"has-post-thumbnail","7":"category-sante","8":"tag-fr","9":"tag-france","10":"tag-health","11":"tag-sante"},"share_on_mastodon":{"url":"https:\/\/pubeurope.com\/@fr\/114794511954459769","error":""},"_links":{"self":[{"href":"https:\/\/www.europesays.com\/fr\/wp-json\/wp\/v2\/posts\/225418","targetHints":{"allow":["GET"]}}],"collection":[{"href":"https:\/\/www.europesays.com\/fr\/wp-json\/wp\/v2\/posts"}],"about":[{"href":"https:\/\/www.europesays.com\/fr\/wp-json\/wp\/v2\/types\/post"}],"author":[{"embeddable":true,"href":"https:\/\/www.europesays.com\/fr\/wp-json\/wp\/v2\/users\/2"}],"replies":[{"embeddable":true,"href":"https:\/\/www.europesays.com\/fr\/wp-json\/wp\/v2\/comments?post=225418"}],"version-history":[{"count":0,"href":"https:\/\/www.europesays.com\/fr\/wp-json\/wp\/v2\/posts\/225418\/revisions"}],"wp:featuredmedia":[{"embeddable":true,"href":"https:\/\/www.europesays.com\/fr\/wp-json\/wp\/v2\/media\/225419"}],"wp:attachment":[{"href":"https:\/\/www.europesays.com\/fr\/wp-json\/wp\/v2\/media?parent=225418"}],"wp:term":[{"taxonomy":"category","embeddable":true,"href":"https:\/\/www.europesays.com\/fr\/wp-json\/wp\/v2\/categories?post=225418"},{"taxonomy":"post_tag","embeddable":true,"href":"https:\/\/www.europesays.com\/fr\/wp-json\/wp\/v2\/tags?post=225418"}],"curies":[{"name":"wp","href":"https:\/\/api.w.org\/{rel}","templated":true}]}}