{"id":225435,"date":"2025-07-04T10:42:15","date_gmt":"2025-07-04T10:42:15","guid":{"rendered":"https:\/\/www.europesays.com\/fr\/225435\/"},"modified":"2025-07-04T10:42:15","modified_gmt":"2025-07-04T10:42:15","slug":"lasse-veut-retrouver-les-sommets-grace-a-un-staff-etoffe","status":"publish","type":"post","link":"https:\/\/www.europesays.com\/fr\/225435\/","title":{"rendered":"l\u2019ASSE veut retrouver les sommets gr\u00e2ce \u00e0 un staff \u00e9toff\u00e9"},"content":{"rendered":"<p>En avril dernier, Eirik Horneland \u00e9tait venu visiter les installations du Chambon-sur-Lignon. Avant d\u2019en repartir avec une sensation contrast\u00e9e par l\u2019\u00e9tat incertain de la pelouse chambonnaise. Cette semaine, le Norv\u00e9gien avait plusieurs raisons de s\u2019enthousiasmer, en d\u00e9pit de recrues qui se font attendre.<\/p>\n<p>D\u2019une part avec la qualit\u00e9 du terrain altilig\u00e9rien, bichonn\u00e9 pendant de longues semaines, mais aussi par les renforts effectu\u00e9s par le club au niveau du staff&#8230;<\/p>\n","protected":false},"excerpt":{"rendered":"En avril dernier, Eirik Horneland \u00e9tait venu visiter les installations du Chambon-sur-Lignon. Avant d\u2019en repartir avec une sensation&hellip;\n","protected":false},"author":2,"featured_media":225436,"comment_status":"","ping_status":"","sticky":false,"template":"","format":"standard","meta":{"footnotes":""},"categories":[9653],"tags":[1111,11,4000,2430,7539,1777,674,107,63,1011,27,4002,3367,12,25,4001,7538,517],"class_list":{"0":"post-225435","1":"post","2":"type-post","3":"status-publish","4":"format-standard","5":"has-post-thumbnail","7":"category-saint-etienne","8":"tag-actu","9":"tag-actualites","10":"tag-asse-as-saint-etienne-football","11":"tag-auvergne-rhone-alpes","12":"tag-edition-loire-sud","13":"tag-eu","14":"tag-europe","15":"tag-fil-info","16":"tag-football","17":"tag-fr","18":"tag-france","19":"tag-haute-loire","20":"tag-loire","21":"tag-news","22":"tag-republique-francaise","23":"tag-saint-etienne","24":"tag-saint-etienne-ville","25":"tag-sport"},"share_on_mastodon":{"url":"https:\/\/pubeurope.com\/@fr\/114794551267116811","error":""},"_links":{"self":[{"href":"https:\/\/www.europesays.com\/fr\/wp-json\/wp\/v2\/posts\/225435","targetHints":{"allow":["GET"]}}],"collection":[{"href":"https:\/\/www.europesays.com\/fr\/wp-json\/wp\/v2\/posts"}],"about":[{"href":"https:\/\/www.europesays.com\/fr\/wp-json\/wp\/v2\/types\/post"}],"author":[{"embeddable":true,"href":"https:\/\/www.europesays.com\/fr\/wp-json\/wp\/v2\/users\/2"}],"replies":[{"embeddable":true,"href":"https:\/\/www.europesays.com\/fr\/wp-json\/wp\/v2\/comments?post=225435"}],"version-history":[{"count":0,"href":"https:\/\/www.europesays.com\/fr\/wp-json\/wp\/v2\/posts\/225435\/revisions"}],"wp:featuredmedia":[{"embeddable":true,"href":"https:\/\/www.europesays.com\/fr\/wp-json\/wp\/v2\/media\/225436"}],"wp:attachment":[{"href":"https:\/\/www.europesays.com\/fr\/wp-json\/wp\/v2\/media?parent=225435"}],"wp:term":[{"taxonomy":"category","embeddable":true,"href":"https:\/\/www.europesays.com\/fr\/wp-json\/wp\/v2\/categories?post=225435"},{"taxonomy":"post_tag","embeddable":true,"href":"https:\/\/www.europesays.com\/fr\/wp-json\/wp\/v2\/tags?post=225435"}],"curies":[{"name":"wp","href":"https:\/\/api.w.org\/{rel}","templated":true}]}}