{"id":225437,"date":"2025-07-04T10:43:38","date_gmt":"2025-07-04T10:43:38","guid":{"rendered":"https:\/\/www.europesays.com\/fr\/225437\/"},"modified":"2025-07-04T10:43:38","modified_gmt":"2025-07-04T10:43:38","slug":"a-la-ferme-des-fruitiers-la-cerise-ouvre-le-bal-de-lete","status":"publish","type":"post","link":"https:\/\/www.europesays.com\/fr\/225437\/","title":{"rendered":"A la Ferme des Fruitiers, la cerise ouvre le bal de l\u2019\u00e9t\u00e9 !"},"content":{"rendered":"<p>Premi\u00e8re star de l\u2019\u00e9t\u00e9, la cerise signe son grand retour \u00e0 la Ferme des Fruitiers. Et cette ann\u00e9e, le petit fruit rond et charnu, v\u00e9ritable tr\u00e9sor pour la sant\u00e9, est en avance ! On le retrouve avec bonheur dans tous les magasins de la Ferme des Fruitiers. Une m\u00e9t\u00e9o cl\u00e9mente, une belle luminosit\u00e9 et des temp\u00e9ratures mod\u00e9r\u00e9es ont favoris\u00e9 une floraison pr\u00e9coce. R\u00e9sultat : des cerises d\u00e9j\u00e0 bien m\u00fbres, gorg\u00e9es de jus, pr\u00eates \u00e0 \u00eatre d\u00e9gust\u00e9es.<\/p>\n<p>Les amateurs ne s\u2019y trompent pas, son go\u00fbt sucr\u00e9 et doux avec une petite touche acidul\u00e9e fait sensation pour \u00e9gayer plats et desserts. Les recettes gourmandes feront chavirer les palais les plus exigeants\u00a0: tartes, compotes \u00e0 d\u00e9guster avec du fromage blanc, smoothies ou encore confitures maison. Et pourquoi pas dans les salades et \u00e0 l\u2019ap\u00e9ritif\u00a0?<\/p>\n<p><strong>Local et Ecoresponsable <\/strong><\/p>\n<p>Install\u00e9e \u00e0 Coyviller, l\u2019exploitation familiale labellis\u00e9e \u00c9coresponsable cultive avec passion ce fruit d\u00e9licat, depuis plus de 60 ans, avec une attention particuli\u00e8re. \u00a0Cueillie une \u00e0 une, les cerises sont emball\u00e9es directement au verger, pour pr\u00e9server toute leur fra\u00eecheur et leurs ar\u00f4mes.<\/p>\n<p>Afin que ces fruits succulents vous parviennent intacts, les vergers ont \u00e9t\u00e9 \u00e9quip\u00e9s ces derni\u00e8res ann\u00e9es de b\u00e2ches et de filets. Les fruits sont ainsi prot\u00e9g\u00e9s de la pluie, de la gr\u00eale, des insectes et m\u00eame de l\u2019app\u00e9tit des oiseaux. Une vigilance constante qui garantit une production saine et savoureuse.<\/p>\n<p>La cueillette, qui s\u2019\u00e9talera jusqu\u2019au 20 juillet, bat son plein. Et bonne nouvelle : la cerise se cong\u00e8le tr\u00e8s bien. De quoi faire durer le plaisir tout l\u2019hiver<\/p>\n<p>Vous la retrouverez dans les trois magasins de vente directe de l\u2019exploitation : \u00e0 Coyviller, Seichamps et Vand\u0153uvre-l\u00e8s-Nancy. Cerises, fraises, framboises, mais aussi tomates, concombres et courgettes \u00e0 foison\u2026A la Ferme des Fruitiers, l\u2019\u00e9t\u00e9 peut commencer !<\/p>\n<p><strong>La Ferme des Fruitiers<\/strong><\/p>\n<p><strong>&#8211; 7, rue de la Grande Ozeraille, 54280 Seichamps<br \/><\/strong><strong>\u00a0 \u00a0T\u00e9l. 03 83 31 02 99<\/strong><\/p>\n<p><strong>&#8211; 14, rue Roberval, 54500 Vandoeuvre-l\u00e8s-Nancy<br \/><\/strong><strong>\u00a0 \u00a0T\u00e9l.<\/strong><strong>03 83 28 45 11<\/strong><\/p>\n<p><strong>&#8211; RD112 54210 Coyviller<br \/><\/strong><strong>\u00a0 \u00a0T\u00e9l. 03 83 46 74 55<\/strong><\/p>\n<p><a href=\"https:\/\/www.estrepublicain.fr\/paroles-de-partenaires\/2025\/07\/04\/Fermedesfruitiers.com\" target=\"_blank\" rel=\"noopener\">Fermedesfruitiers.com<\/a><\/p>\n","protected":false},"excerpt":{"rendered":"Premi\u00e8re star de l\u2019\u00e9t\u00e9, la cerise signe son grand retour \u00e0 la Ferme des Fruitiers. Et cette ann\u00e9e,&hellip;\n","protected":false},"author":2,"featured_media":225438,"comment_status":"","ping_status":"","sticky":false,"template":"","format":"standard","meta":{"footnotes":""},"categories":[9635],"tags":[1111,11,7884,1777,674,1011,27,775,1702,12,25],"class_list":{"0":"post-225437","1":"post","2":"type-post","3":"status-publish","4":"format-standard","5":"has-post-thumbnail","7":"category-nancy","8":"tag-actu","9":"tag-actualites","10":"tag-articles-partenaires","11":"tag-eu","12":"tag-europe","13":"tag-fr","14":"tag-france","15":"tag-grand-est","16":"tag-nancy","17":"tag-news","18":"tag-republique-francaise"},"share_on_mastodon":{"url":"https:\/\/pubeurope.com\/@fr\/114794555534277097","error":""},"_links":{"self":[{"href":"https:\/\/www.europesays.com\/fr\/wp-json\/wp\/v2\/posts\/225437","targetHints":{"allow":["GET"]}}],"collection":[{"href":"https:\/\/www.europesays.com\/fr\/wp-json\/wp\/v2\/posts"}],"about":[{"href":"https:\/\/www.europesays.com\/fr\/wp-json\/wp\/v2\/types\/post"}],"author":[{"embeddable":true,"href":"https:\/\/www.europesays.com\/fr\/wp-json\/wp\/v2\/users\/2"}],"replies":[{"embeddable":true,"href":"https:\/\/www.europesays.com\/fr\/wp-json\/wp\/v2\/comments?post=225437"}],"version-history":[{"count":0,"href":"https:\/\/www.europesays.com\/fr\/wp-json\/wp\/v2\/posts\/225437\/revisions"}],"wp:featuredmedia":[{"embeddable":true,"href":"https:\/\/www.europesays.com\/fr\/wp-json\/wp\/v2\/media\/225438"}],"wp:attachment":[{"href":"https:\/\/www.europesays.com\/fr\/wp-json\/wp\/v2\/media?parent=225437"}],"wp:term":[{"taxonomy":"category","embeddable":true,"href":"https:\/\/www.europesays.com\/fr\/wp-json\/wp\/v2\/categories?post=225437"},{"taxonomy":"post_tag","embeddable":true,"href":"https:\/\/www.europesays.com\/fr\/wp-json\/wp\/v2\/tags?post=225437"}],"curies":[{"name":"wp","href":"https:\/\/api.w.org\/{rel}","templated":true}]}}