{"id":225441,"date":"2025-07-04T10:45:12","date_gmt":"2025-07-04T10:45:12","guid":{"rendered":"https:\/\/www.europesays.com\/fr\/225441\/"},"modified":"2025-07-04T10:45:12","modified_gmt":"2025-07-04T10:45:12","slug":"a-six-fours-un-guide-a-ete-edite-pour-savoir-reconnaitre-la-maltraitance-animale-et-savoir-comment-y-reagir","status":"publish","type":"post","link":"https:\/\/www.europesays.com\/fr\/225441\/","title":{"rendered":"A Six-Fours, un guide a \u00e9t\u00e9 \u00e9dit\u00e9 pour savoir reconna\u00eetre la maltraitance animale et savoir comment y r\u00e9agir"},"content":{"rendered":"<p>\u00ab\u00a0Je suis un chien enferm\u00e9 dans le v\u00e9hicule de mon ma\u00eetre, gar\u00e9 en plein soleil&#8230;\u00a0\u00bb; \u00ab\u00a0Mes propri\u00e9taires me laissent seul sur un balcon (\u2026), je vis dans mes excr\u00e9ments, mes gamelles d\u2019eau et de nourriture sont souvent vides&#8230;\u00a0\u00bb; \u00ab\u00a0Je suis un lapin nain angora (\u2026) Un jour, plusieurs gamins m\u2019ont br\u00fbl\u00e9 les poils et la peau avec leurs m\u00e9gots en ricanant, pendant que d\u2019autres filmaient et diffusaient sur les r\u00e9seaux sociaux&#8230;\u00a0\u00bb<\/p>\n<p>Afin \u00ab\u00a0d\u2019aider les citoyens \u00e0 rep\u00e9rer et identifier les situations de maltraitance animale au quotidien\u00a0\u00bb, un guide vient de para\u00eetre avec le soutien de la mairie de Six-Fours.<\/p>\n<p>Le fruit d\u2019un travail de 6 mois, initi\u00e9 par la circonscription de police nationale de Sanary \u2013 Six-Fours \u2013 Bandol, en lien avec la police municipale et avec des coll\u00e9giens de la commune (Reynier et Font de Fillol).\u00a0<\/p>\n<p>Le major Marie-Dominique Marfaing, qui a chapeaut\u00e9 ce projet \u00ab\u00a0in\u00e9dit dans le Var\u00a0\u00bb, a salu\u00e9 \u00ab\u00a0l\u2019implication des jeunes, sur un sujet qui les a passionn\u00e9s\u00a0\u00bb.<\/p>\n<p>Un chien dans une voiture: ce que dit la loi<\/p>\n<p>Ce support d\u2019information, pr\u00e9sent\u00e9 ce jeudi en mairie, comporte diff\u00e9rentes rubriques tr\u00e8s utiles, comme savoir qualifier la maltraitance animale et, surtout, savoir agir en cons\u00e9quence lorsqu\u2019on en est t\u00e9moin: comme lors des cas de figure cit\u00e9s plus haut, les r\u00e9ponses \u00e0 apporter se veulent exhaustives, pour \u00eatre efficaces.<\/p>\n<p>\u00ab\u00a0Laisser un animal seul dans une voiture, m\u00eame par temps doux, peut entra\u00eener un coup de chaleur en quelques minutes, rappelle la police. L\u2019\u00e9t\u00e9, la temp\u00e9rature peut y d\u00e9passer les 40\u00b0 en moins de 10 minutes.\u00a0\u00bb<\/p>\n<p>Face \u00e0 une situation extr\u00eame, si l\u2019on ne parvient pas \u00e0 mettre rapidement la main sur le propri\u00e9taire n\u00e9gligent, il convient donc d\u2019appeler la police (17) et les pompiers (18).<\/p>\n<p>Mais, \u00ab\u00a0si vous estimez que la vie de l\u2019animal est menac\u00e9e (inconscience, agitation anormale), stipule le guide, et que vous ne pouvez pas attendre les secours, vous pouvez briser une vitre pour lui porter secours, en pr\u00e9sence de deux t\u00e9moins qui pourront attester de l\u2019urgence de la situation\u00a0\u00bb. \u00ab\u00a0L\u2019article 122-7 du code p\u00e9nal vous prot\u00e8ge si vous agissez face \u00e0 un danger mena\u00e7ant autrui ou un bien.\u00a0\u00bb<\/p>\n<p>Collecter des preuves<\/p>\n<p>Le cas d\u2019un animal demeurant dans des conditions indignes? Dans la mesure du possible, chacun peut faciliter le travail des policiers et des associations de protection animale: \u00ab\u00a0Prenez des photos r\u00e9guli\u00e8rement, tenez un journal de bord dat\u00e9 quotidiennement (faits, interventions des ma\u00eetres, \u00e9tat de l\u2019animal)\u00a0\u00bb, pr\u00e9conisent les autorit\u00e9s.<\/p>\n<p>Si la situation perdure, \u00ab\u00a0contactez une association de protection animale ou la SPA qui pourra rendre visite au propri\u00e9taire, constater la situation et d\u00e9poser plainte. Vous pouvez aussi signaler cette situation \u00e0 la police (nationale ou municipale) sur l\u2019application \u00ab Ma S\u00e9curit\u00e9.fr\u00a0\u00bb\u00bb. Apr\u00e8s enqu\u00eate, le procureur d\u00e9cidera des suites judiciaires \u00e0 donner, qui peuvent \u00eatre lourdes.<\/p>\n<p>Le document rappelle que les sanctions encourues, peuvent aller, pour des s\u00e9vices graves et actes de cruaut\u00e9, jusqu\u2019\u00e0 45.000 euros d\u2019amende, 3 ans de prison et, bien s\u00fbr, saisie de l\u2019animal. Abandonner son animal, rappelle \u00e9galement la loi, est passible des m\u00eames peines.<\/p>\n<p>Une page est encore consacr\u00e9e aux chiens cat\u00e9goris\u00e9s, aux obligations du ma\u00eetre (permis de d\u00e9tention, \u00e9tude comportementale du chien, avoir un casier vierge\u2026) et les sanctions correspondantes en cas de manquements. \u00ab\u00a0Nous sommes particuli\u00e8rement attentifs \u00e0 ces questions\u00a0\u00bb, pr\u00e9vient l\u2019adjoint \u00e0 la s\u00e9curit\u00e9 de Six-Fours, Thierry Mas Saint-Guiral.<\/p>\n<p>Le lien avec les violences conjugales<\/p>\n<p>\u00ab\u00a0Les chiffres montrent un lien souvent \u00e9troit entre les violences conjugales et intrafamiliales\u00a0\u00bb, indique le major Marfaing. \u00c0 tel point que le guide en fait \u00e9tat: \u00ab\u00a0Les animaux de compagnie sont un moyen de pression suppl\u00e9mentaire pour l\u2019auteur des violences afin de contr\u00f4ler, atteindre et influencer la victime. Le partenaire violent instrumentalise l\u2019animal: il menace, frappe et parfois peut blesser mortellement l\u2019animal pour faire passer un message \u00e0 sa conjointe. Il se sert du lien affectif avec l\u2019animal pour asseoir son emprise.\u00a0\u00bb<\/p>\n<p>Une occasion de rappeler que toute forme de violence est bonne \u00e0 d\u00e9noncer.<\/p>\n<p>1. Le guide est disponible dans les b\u00e2timents communaux, mais \u00e9galement en version num\u00e9rique sur le site de la ville, \u00ab\u00a0www.ville-six-fours.fr\u00a0\u00bb.<\/p>\n<p>            Chats errants et chats libres, quelle diff\u00e9rence?<\/p>\n<p>\u00ab\u00a0Un chat errant est un chat non identifi\u00e9, sans propri\u00e9taire, vivant en groupe dans des lieux publics. Il est interdit de les nourrir\u00a0\u00bb, d\u00e9finit le guide. Sous ce statut, ils rel\u00e8vent de la responsabilit\u00e9 des maires.<\/p>\n<p>Mais Six-Fours subventionne des associations (Ch\u2019Amis pour la vie et L\u2019Arche du Mont Salva) pour qu\u2019elles se chargent notamment de la st\u00e9rilisation des populations, ce qui permet de freiner la prolif\u00e9ration des petits f\u00e9lins, qui ne font pas toujours l\u2019unanimit\u00e9 dans les quartiers: bagarres bruyantes, miaulements intempestifs durant les chaleurs, excr\u00e9ments et mauvaises odeurs\u2026<\/p>\n<p>St\u00e9rilis\u00e9s et surveill\u00e9s<\/p>\n<p>Mais, une fois st\u00e9rilis\u00e9s et rel\u00e2ch\u00e9s proches du lieu de leur capture, les chats se font g\u00e9n\u00e9ralement plus discrets. D\u00e8s lors identifi\u00e9s et propri\u00e9t\u00e9s d\u2019une association, ils deviennent des chats dits libres.<\/p>\n<p>\u00ab\u00a0Des abris sont install\u00e9s et un nourrissage quotidien (d\u00e9sormais permis) est mis en place pour assurer une surveillance sanitaire\u00a0\u00bb. Pour la tranquillit\u00e9 de tous, il ne faut donc pas h\u00e9siter \u00e0 faire appel aux associations.<\/p>\n","protected":false},"excerpt":{"rendered":"\u00ab\u00a0Je suis un chien enferm\u00e9 dans le v\u00e9hicule de mon ma\u00eetre, gar\u00e9 en plein soleil&#8230;\u00a0\u00bb; \u00ab\u00a0Mes propri\u00e9taires me&hellip;\n","protected":false},"author":2,"featured_media":225442,"comment_status":"","ping_status":"","sticky":false,"template":"","format":"standard","meta":{"footnotes":""},"categories":[9619],"tags":[1111,11,1867,1777,674,1011,27,12,882,25,656,2310,3366],"class_list":{"0":"post-225441","1":"post","2":"type-post","3":"status-publish","4":"format-standard","5":"has-post-thumbnail","7":"category-toulon","8":"tag-actu","9":"tag-actualites","10":"tag-animaux","11":"tag-eu","12":"tag-europe","13":"tag-fr","14":"tag-france","15":"tag-news","16":"tag-provence-alpes-cote-dazur","17":"tag-republique-francaise","18":"tag-securite","19":"tag-toulon","20":"tag-vie-locale"},"share_on_mastodon":{"url":"https:\/\/pubeurope.com\/@fr\/114794563120469896","error":""},"_links":{"self":[{"href":"https:\/\/www.europesays.com\/fr\/wp-json\/wp\/v2\/posts\/225441","targetHints":{"allow":["GET"]}}],"collection":[{"href":"https:\/\/www.europesays.com\/fr\/wp-json\/wp\/v2\/posts"}],"about":[{"href":"https:\/\/www.europesays.com\/fr\/wp-json\/wp\/v2\/types\/post"}],"author":[{"embeddable":true,"href":"https:\/\/www.europesays.com\/fr\/wp-json\/wp\/v2\/users\/2"}],"replies":[{"embeddable":true,"href":"https:\/\/www.europesays.com\/fr\/wp-json\/wp\/v2\/comments?post=225441"}],"version-history":[{"count":0,"href":"https:\/\/www.europesays.com\/fr\/wp-json\/wp\/v2\/posts\/225441\/revisions"}],"wp:featuredmedia":[{"embeddable":true,"href":"https:\/\/www.europesays.com\/fr\/wp-json\/wp\/v2\/media\/225442"}],"wp:attachment":[{"href":"https:\/\/www.europesays.com\/fr\/wp-json\/wp\/v2\/media?parent=225441"}],"wp:term":[{"taxonomy":"category","embeddable":true,"href":"https:\/\/www.europesays.com\/fr\/wp-json\/wp\/v2\/categories?post=225441"},{"taxonomy":"post_tag","embeddable":true,"href":"https:\/\/www.europesays.com\/fr\/wp-json\/wp\/v2\/tags?post=225441"}],"curies":[{"name":"wp","href":"https:\/\/api.w.org\/{rel}","templated":true}]}}