{"id":225445,"date":"2025-07-04T10:47:14","date_gmt":"2025-07-04T10:47:14","guid":{"rendered":"https:\/\/www.europesays.com\/fr\/225445\/"},"modified":"2025-07-04T10:47:14","modified_gmt":"2025-07-04T10:47:14","slug":"juan-arbelaez-ancien-de-top-chef-se-confie-dans-notre-interview-sud","status":"publish","type":"post","link":"https:\/\/www.europesays.com\/fr\/225445\/","title":{"rendered":"Juan Arbel\u00e1ez, ancien de Top Chef, se confie dans notre \u00ab\u00a0Interview Sud\u00a0\u00bb"},"content":{"rendered":"<p>            Par<br \/>\n        <strong><br \/>\n            <a href=\"https:\/\/actu.fr\/auteur\/lea-pippinato\" title=\"Consulter tous les articles de L\u00e9a Pippinato\" target=\"_blank\" rel=\"noopener\">L\u00e9a Pippinato<\/a><br \/>\n        <\/strong><\/p>\n<p>        Publi\u00e9 le<\/p>\n<p>            3 juil. 2025 \u00e0 12h31        <\/p>\n<p>En 2012, <strong>Juan Arbel\u00e1ez<\/strong> se fait conna\u00eetre du grand public gr\u00e2ce \u00e0 la saison 3 de <strong>Top Chef<\/strong> sur M6. Il n\u2019y reste que quatre \u00e9pisodes, mais sa carri\u00e8re, elle, ne fait que commencer. Il prend rapidement la t\u00eate du restaurant l\u2019<strong>Acajou<\/strong> \u00e0 Paris. Puis, en quelques ann\u00e9es, il construit un solide r\u00e9seau de tables festives et identitaires. Plantxa, Babille, Bazurto, Arbela : autant de lieux port\u00e9s par l\u2019envie de mettre la <strong>cuisine<\/strong> au centre de l\u2019exp\u00e9rience, sans jamais n\u00e9gliger l\u2019ambiance. En 2019, il s\u2019associe aux fr\u00e8res <strong>Gr\u00e9gory et Pierre-Julien<\/strong> <strong>Chantzios<\/strong> pour fonder <strong>Eleni Group<\/strong>. Ensemble, ils acc\u00e9l\u00e8rent le d\u00e9veloppement de leur offre. En 2024, leur portefeuille compte douze \u00e9tablissements en propre et quatre sous contrats de gestion. La majorit\u00e9 se situe \u00e0 Paris, mais des ouvertures ont lieu \u00e0 Lille, Rennes, Annecy ou encore Tignes.<\/p>\n<p class=\" wall-content\"><strong>\u00c0 Montpellier<\/strong>, Juan Arbel\u00e1ez collabore depuis trois ans avec le groupe <strong>Must<\/strong>. Ensemble, ils ont d\u00e9j\u00e0 ouvert le restaurant <strong>Copal<\/strong> \u00e0 Cannes. Mais jusqu\u2019ici, il n\u2019avait jamais pris le temps de venir d\u00e9couvrir le Muchacha, le bar-restaurant rooftop install\u00e9 sur le toit des Halles du Lez.<\/p>\n<p>    <a href=\"https:\/\/www.google.com\/maps\/embed?pb=!1m18!1m12!1m3!1d23114.090373704526!2d3.8567936!3d43.6011008!2m3!1f0!2f0!3f0!3m2!1i1024!2i768!4f13.1!3m3!1m2!1s0x12b6afc79f368275%3A0xb50e61c3bf7208c5!2sMuchacha!5e0!3m2!1sfr!2sfr!4v1750329153968!5m2!1sfr!2sfr\" title=\"Ouvrie le lien\" target=\"_blank\" rel=\"noopener\">Cliquez ici pour visualiser le contenu<\/a><\/p>\n<p class=\" wall-content\"><strong>Ces 17 et 18 juin<\/strong>, il s\u2019est donc d\u00e9plac\u00e9 pour une visite de terrain, sans mission pr\u00e9cise. Juste l\u2019envie de comprendre, de rencontrer, et d\u2019observer comment la cuisine fonctionne. Le chef colombien a ensuite pris le temps de se poser pour \u00e9voquer son attachement \u00e0 la r\u00e9gion, sa vision de la cuisine m\u00e9diterran\u00e9enne, et ses plaisirs simples lorsqu\u2019il descend dans le <strong>Sud<\/strong>.<\/p>\n<p class=\" wall-content\"><strong> Pour vivre \u00ab\u00a0l\u2019Interview Sud\u00a0\u00bb en images, suivez Juan Arbel\u00e1ez <a href=\"https:\/\/www.instagram.com\/metropolitainfr\" target=\"_blank\" rel=\"noopener\">sur notre compte Instagram<\/a> : soleil, saveurs et confidences au programme.<\/strong><\/p>\n<p class=\" wall-content\"><a href=\"https:\/\/www.instagram.com\/p\/DLhkuvAs89R\/embed\" title=\"Ouvrir le lien sur Instagram\" target=\"_blank\" rel=\"noopener\">Visualiser le contenu sur Instagram<\/a><\/p>\n<p>Dans le Sud, tu pr\u00e9f\u00e8res quoi ? Ap\u00e9ro tranquille ou pique-nique gastronomique ?<\/p>\n<p class=\" wall-content\">Ce que j\u2019aime vraiment ici, c\u2019est la libert\u00e9. T\u2019as pas besoin de choisir, justement. T\u2019as cette simplicit\u00e9, ce luxe incroyable de pouvoir faire ce que tu veux, quand tu veux. Il fait beau, les produits sont incroyables, tout est \u00e0 port\u00e9e de main. Tu vas au march\u00e9, tu prends un melon bien m\u00fbr, une tomate, quelques courgettes. Tu les coupes, tu mets un filet d\u2019huile d\u2019olive, une pinc\u00e9e de fleur de sel, un peu de jambon\u2026 et c\u2019est un festin. Rien qu\u2019avec \u00e7a.<\/p>\n<p class=\" wall-content\">Mais ce qui me pla\u00eet encore plus, c\u2019est la diversit\u00e9 de l\u2019offre. Il y a des restos fous, avec une vraie exigence gastronomique. Et \u00e0 c\u00f4t\u00e9, des petits bars \u00e0 tapas o\u00f9 tu manges debout, o\u00f9 tu picoles avec tes potes. Et \u00e7a cohabite parfaitement. C\u2019est cette souplesse-l\u00e0 que j\u2019adore. Le Sud sait faire la f\u00eate, il sait accueillir, et surtout, il sait cuisiner sans se prendre la t\u00eate.<\/p>\n<p>Vid\u00e9os : en ce moment sur ActuEt tu pr\u00e9f\u00e8res t\u2019installer \u00e0 une bonne table ou improviser un pique-nique dans la nature ?<\/p>\n<p class=\" wall-content\">Franchement, j\u2019aime les deux. Mais j\u2019ai une tendresse particuli\u00e8re pour l\u2019itin\u00e9rance. Prendre la route, sans plan pr\u00e9cis, et me poser dans un coin improbable : un petit champ, un bord de falaise, une crique un peu planqu\u00e9e. Le Sud est parfait pour \u00e7a. T\u2019as des paysages de dingue. C\u2019est toujours diff\u00e9rent, toujours surprenant. Je trouve que manger dehors, au contact des \u00e9l\u00e9ments, \u00e7a reconnecte \u00e0 quelque chose de plus simple, de plus vrai. Et souvent, c\u2019est l\u00e0 que les meilleurs repas ont lieu.\u00a0<\/p>\n<p>Tu es plut\u00f4t plage ou campagne ?<\/p>\n<p class=\" wall-content\">Je vais botter en touche, parce qu\u2019honn\u00eatement, je refuse de choisir. Ce qui est fou dans le Sud, c\u2019est que tu n\u2019as pas \u00e0 trancher. Le lundi, tu peux grimper dans la montagne, te faire une balade dans un d\u00e9cor de carte postale. Le mardi, tu peux aller l\u00e9zarder sur une plage, les pieds dans le sable. Le mercredi, tu changes de d\u00e9cor et tu te retrouves dans une for\u00eat. Ce changement constant, ce patchwork de paysages, c\u2019est un tr\u00e9sor. Et ce que j\u2019aime, c\u2019est cette possibilit\u00e9 de vivre plusieurs vies en une seule semaine. D\u2019avoir acc\u00e8s \u00e0 tout, sans jamais se lasser.<\/p>\n<p>Et sur l\u2019assiette, sucr\u00e9 ou sal\u00e9 ?<\/p>\n<p class=\" wall-content\">Je suis d\u00e9finitivement un mec du sal\u00e9. Le sucre m\u2019a jamais vraiment parl\u00e9. Ce que j\u2019aime dans le sucr\u00e9, ce sont surtout les fruits. Mais \u00e0 condition qu\u2019ils soient bruts, sans artifices. J\u2019adore croquer dans une p\u00eache, dans un melon m\u00fbr \u00e0 point, dans une figue gorg\u00e9e de soleil. Pas besoin d\u2019en faire plus. Et dans le sal\u00e9, j\u2019ai une passion pour les hu\u00eetres. C\u2019est un produit pur, min\u00e9ral, vivant. \u00c7a raconte un territoire, un climat, une saison. Et en plus, c\u2019est d\u2019une simplicit\u00e9. Tu l\u2019ouvres, tu la manges. Point.<\/p>\n<p>Des adresses pr\u00e9f\u00e9r\u00e9es \u00e0 Montpellier ou dans l\u2019H\u00e9rault ?<\/p>\n<p class=\" wall-content\">Aujourd\u2019hui, on est au Muchacha, et franchement, j\u2019adore cet endroit. Il y a tout ce que je cherche dans un lieu : une ambiance joyeuse, un accueil chaleureux, et une vraie exigence en cuisine. Un jour, j\u2019aimerais avoir un lieu comme \u00e7a.\u00a0<\/p>\n<p class=\" wall-content\">Sinon, j\u2019ai un \u00e9norme respect pour le restaurant de Charles Font\u00e8s, la R\u00e9serve Rimbaud. Il est au bord de l\u2019eau, l\u2019endroit est magnifique. J\u2019ai aussi un super souvenir de la Guinguette des Amoureux. Un soir d\u2019\u00e9t\u00e9, j\u2019y ai d\u00een\u00e9 les pieds dans l\u2019eau. \u00a0Et puis il y a le terroir. L\u2019H\u00e9rault, c\u2019est une terre viticole extraordinaire. Longtemps un peu oubli\u00e9e, un peu sous-estim\u00e9e, et qui aujourd\u2019hui revient avec une force incroyable. Je pense \u00e0 la Grange des P\u00e8res \u00e9videmment, mais aussi \u00e0 tous les domaines qui \u00e9mergent derri\u00e8re. C\u2019est une r\u00e9gion en pleine renaissance.<\/p>\n<p>Un souvenir gustatif marquant ici ?<\/p>\n<p class=\" wall-content\">Oui, un tr\u00e8s simple. J\u2019\u00e9tais au march\u00e9, pas loin du domaine de la Grange des P\u00e8res. J\u2019ach\u00e8te un melon. Je le sens. L\u2019odeur me transperce. J\u2019\u00e9tais bluff\u00e9. On a fait une salade avec ce melon, des courgettes violon d\u2019un petit producteur du coin. Trois ingr\u00e9dients. Rien d\u2019autre. C\u2019est \u00e7a la beaut\u00e9 de cette r\u00e9gion : des produits puissants, gorg\u00e9s de soleil, qui n\u2019ont besoin de rien pour \u00eatre extraordinaires.<\/p>\n<p>Si tu devais imaginer un menu 100 % H\u00e9rault, tu mettrais quoi dedans ?<\/p>\n<p class=\" wall-content\">Je partirais sur quelque chose de tr\u00e8s simple. D\u2019abord des hu\u00eetres, \u00e9videmment. Ensuite une aubergine, travaill\u00e9e au plus simple, pour qu\u2019elle parle d\u2019elle-m\u00eame. Une past\u00e8que grill\u00e9e, avec un filet de balsamique et d\u2019huile d\u2019olive. Et pourquoi pas une framboise, d\u00e9pos\u00e9e sur une hu\u00eetre, avec un trait de vinaigre. Ce serait un menu sans fioritures, qui raconte le terroir, sans trahir ses saveurs. Parce que quand tu as des produits de ce niveau, il faut savoir s\u2019effacer. Ne pas trop en faire.\u00a0<\/p>\n<p>Et un mot pour les H\u00e9raultais ?<\/p>\n<p class=\" wall-content\">Vous vivez dans une r\u00e9gion exceptionnelle. Souvent, on s\u2019en rend pas compte. Moi, je viens de Colombie. On a grandi avec l\u2019id\u00e9e qu\u2019on n\u2019\u00e9tait pas les plus riches, pas les plus puissants. Mais la vraie richesse, ce n\u2019est pas le bling-bling. C\u2019est la terre. Ce sont les gens. Et ici, dans l\u2019H\u00e9rault, vous \u00eates milliardaires !<\/p>\n<p class=\" wall-content\">Suivez toute l\u2019actualit\u00e9 de vos villes et m\u00e9dias favoris en vous inscrivant \u00e0 <a href=\"https:\/\/moncompte.actu.fr\" title=\"D\u00e9couvez Mon Actu\" rel=\"nofollow noopener\" data-trk=\"{&quot;cta&quot;:{&quot;action&quot;:&quot;https:\\\/\\\/moncompte.actu.fr&quot;,&quot;category&quot;:&quot;mon compte&quot;,&quot;from&quot;:&quot;article footer&quot;,&quot;name&quot;:&quot;Mon actu&quot;,&quot;type&quot;:&quot;cta&quot;}}\" target=\"_blank\">Mon Actu<\/a>.<\/p>\n<p>                    <script async src=\"\/\/www.instagram.com\/embed.js\"><\/script><\/p>\n","protected":false},"excerpt":{"rendered":"Par L\u00e9a Pippinato Publi\u00e9 le 3 juil. 2025 \u00e0 12h31 En 2012, Juan Arbel\u00e1ez se fait conna\u00eetre du&hellip;\n","protected":false},"author":2,"featured_media":225446,"comment_status":"","ping_status":"","sticky":false,"template":"","format":"standard","meta":{"footnotes":""},"categories":[9599],"tags":[1111,11,258,902,1777,674,1011,27,1305,2208,12,2680,25,492],"class_list":{"0":"post-225445","1":"post","2":"type-post","3":"status-publish","4":"format-standard","5":"has-post-thumbnail","7":"category-montpellier","8":"tag-actu","9":"tag-actualites","10":"tag-alimentation","11":"tag-cuisine","12":"tag-eu","13":"tag-europe","14":"tag-fr","15":"tag-france","16":"tag-lifestyle","17":"tag-montpellier","18":"tag-news","19":"tag-occitanie","20":"tag-republique-francaise","21":"tag-top-chef"},"share_on_mastodon":{"url":"https:\/\/pubeurope.com\/@fr\/114794570907373321","error":""},"_links":{"self":[{"href":"https:\/\/www.europesays.com\/fr\/wp-json\/wp\/v2\/posts\/225445","targetHints":{"allow":["GET"]}}],"collection":[{"href":"https:\/\/www.europesays.com\/fr\/wp-json\/wp\/v2\/posts"}],"about":[{"href":"https:\/\/www.europesays.com\/fr\/wp-json\/wp\/v2\/types\/post"}],"author":[{"embeddable":true,"href":"https:\/\/www.europesays.com\/fr\/wp-json\/wp\/v2\/users\/2"}],"replies":[{"embeddable":true,"href":"https:\/\/www.europesays.com\/fr\/wp-json\/wp\/v2\/comments?post=225445"}],"version-history":[{"count":0,"href":"https:\/\/www.europesays.com\/fr\/wp-json\/wp\/v2\/posts\/225445\/revisions"}],"wp:featuredmedia":[{"embeddable":true,"href":"https:\/\/www.europesays.com\/fr\/wp-json\/wp\/v2\/media\/225446"}],"wp:attachment":[{"href":"https:\/\/www.europesays.com\/fr\/wp-json\/wp\/v2\/media?parent=225445"}],"wp:term":[{"taxonomy":"category","embeddable":true,"href":"https:\/\/www.europesays.com\/fr\/wp-json\/wp\/v2\/categories?post=225445"},{"taxonomy":"post_tag","embeddable":true,"href":"https:\/\/www.europesays.com\/fr\/wp-json\/wp\/v2\/tags?post=225445"}],"curies":[{"name":"wp","href":"https:\/\/api.w.org\/{rel}","templated":true}]}}