{"id":225455,"date":"2025-07-04T10:54:41","date_gmt":"2025-07-04T10:54:41","guid":{"rendered":"https:\/\/www.europesays.com\/fr\/225455\/"},"modified":"2025-07-04T10:54:41","modified_gmt":"2025-07-04T10:54:41","slug":"que-faire-a-rennes-ce-week-end-du-05-juillet-au-06-juillet-2025","status":"publish","type":"post","link":"https:\/\/www.europesays.com\/fr\/225455\/","title":{"rendered":"Que faire \u00e0 Rennes ce week-end du 05 juillet au 06 juillet 2025 ?"},"content":{"rendered":"<p>\n        Au programme du vendredi : 14 h-16 h, portes ouvertes ; 18 h 30, chorale \u00ab Les Mots bleus \u00bb en ext\u00e9rieur sur le quai Saint-Martin, devant la p\u00e9niche ; 19 h 15, concert \u00ab Les Zazous \u00bb (swing vocal). Au programme du samedi : 10 h 30-12 h 30, lecture en famille avec l\u2019Espace Lecture de la Maison Bleue ; 14 h-15 h, portes ouvertes \u00e0 l\u2019int\u00e9rieur et en ext\u00e9rieur sur le quai, visite cont\u00e9e et musicale de la P\u00e9niche Spectacle et informations sur les activit\u00e9s. En partenariat avec l\u2019\u00c9t\u00e9 \u00e0 Rennes.\n        <\/p>\n<p><a href=\"https:\/\/www.letelegramme.fr\/api\/gotourl\/bevt\/2803565\/\" target=\"_blank\" rel=\"noopener\"><br \/>\n        Concert d\u2019Asfar Shamsi<br \/>\n        <\/a><\/p>\n<p>\n        La jeune Asfar Shamsi a beau avoir fr\u00e9quent\u00e9 les amphis de Science Po, c\u2019est bien en tant que chanteuse et rappeuse qu\u2019elle s\u2019\u00e9panouit aujourd\u2019hui. Apr\u00e8s un premier EP franchement hip-hop en 2023 (Au revoir f\u00e9vrier), elle sort un mini-album d\u00e9but 2025, \u00ab Le dilemme du h\u00e9risson \u00bb, dans lequel elle \u00e9largit son spectre cr\u00e9atif. Neuf titres ouverts \u00e0 la pop, sur des productions \u00e9lectroniques alternant plages a\u00e9riennes et s\u00e9quences plus rythm\u00e9es, voire dansantes.\n        <\/p>\n<p><a href=\"https:\/\/www.letelegramme.fr\/api\/gotourl\/bevt\/2850890\/\" target=\"_blank\" rel=\"noopener\"><br \/>\n        L\u2019Orchestre des jeunes de Haute-Bretagne f\u00eate ses 40 ans<br \/>\n        <\/a><\/p>\n<p>\n        Sur r\u00e9servation. L\u2019OJHB c\u00e9l\u00e8bre ses belles ann\u00e9es de musique et de partage lors d\u2019un \u00e9v\u00e8nement consacr\u00e9 au th\u00e8me de la route des Indes. Au programme : animations gratuites d\u00e8s 16 h 30 sous le pr\u00e9au (musique, danse\u2026) ; \u00e0 20 h 30, concert anniversaire avec la participation de \u00ab Olli and the Bollywood Orchestra \u00bb. Billetterie sur helloasso.\n        <\/p>\n<p><a href=\"https:\/\/www.letelegramme.fr\/api\/gotourl\/bevt\/2884945\/\" target=\"_blank\" rel=\"noopener\"><br \/>\n        Les Tomb\u00e9es de la Nuit\u00a0: spectacle \u00ab\u00a0Y\u00e9\u00a0! (l\u2019eau)\u00a0\u00bb de Circus Baobab<br \/>\n        <\/a><\/p>\n<p>\n        Tout public. Issu de la cr\u00e9ation du Centre national d\u2019art acrobatique de Guin\u00e9e, pr\u00e9curseur du cirque en Afrique subsaharienne, le Circus Baobab m\u00eale tradition circassienne, culture africaine et r\u00e9flexions contemporaines. Spectacle avec treize acrobates et danseurs qui interroge la ressource de l\u2019eau et les possibles de la renaissance et de la r\u00e9silience.\n        <\/p>\n<p>L&rsquo;agenda des loisirs<\/p>\n<p class=\"moveInBrittany__text\" style=\"color:#fff\">\n            Festivals, expositions, visites, conf\u00e9rences, &#8230;\n          <\/p>\n<p>Sortir \u00e0 Rennes le dimanche 06 juillet<a href=\"https:\/\/www.letelegramme.fr\/api\/gotourl\/bevt\/2534161\/\" target=\"_blank\" rel=\"noopener\"><br \/>\n        Exposition\u00a0: \u00ab\u00a0Fleurs, au-del\u00e0 des apparences\u00a0\u00bb<br \/>\n        <\/a><\/p>\n<p>\n        Ornements du deuil, accessoires de mariage, \u0153uvres artistiques, sujets de contemplation et de connaissances scientifiques, les fleurs sont li\u00e9es aux cycles des existences. Elles ornent les int\u00e9rieurs, parent les v\u00eatements et mobiliers, accompagnent les rituels. Au-del\u00e0 des apparences, l\u2019exposition r\u00e9v\u00e8le et r\u00e9interroge les relations aux fleurs.\n        <\/p>\n<p><a href=\"https:\/\/www.letelegramme.fr\/api\/gotourl\/bevt\/2720241\/\" target=\"_blank\" rel=\"noopener\"><br \/>\n        Exporama\u00a0: \u00ab\u00a0Claire Tabouret. Entre la m\u00e9moire et l\u2019oubli\u00a0\u00bb<br \/>\n        <\/a><\/p>\n<p>\n        L\u2019exposition d\u00e9voile une douzaine d\u2019ann\u00e9es de cr\u00e9ation, abordant des th\u00e9matiques li\u00e9es \u00e0 la m\u00e9moire, l\u2019identit\u00e9 et l\u2019oubli. Tabouret, connue pour son approche subtile et po\u00e9tique des visages, exprime \u00e0 travers ses portraits des \u00e2mes fragiles, des corps \u00e9nigmatiques, et une sensualit\u00e9 palpable. L\u2019exposition \u00ab Les yeux dans les yeux. Portraits de la Collection Pinault \u00bb est \u00e0 d\u00e9couvrir au Couvent des Jacobins\n        <\/p>\n<p><a href=\"https:\/\/www.letelegramme.fr\/api\/gotourl\/bevt\/2720235\/\" target=\"_blank\" rel=\"noopener\"><br \/>\n        Exporama\u00a0: \u00ab\u00a0Les yeux dans les yeux\u00a0\u00bb<br \/>\n        <\/a><\/p>\n<p>\n        \u200bCette exposition met en lumi\u00e8re pr\u00e8s de 90 \u0153uvres issues de la prestigieuse Collection Pinault. S\u2019\u00e9tendant sur six volets, elle explore les diff\u00e9rentes facettes du portrait, des visages iconiques aux inconnus, en passant par des repr\u00e9sentations saisissantes de l\u2019humanit\u00e9. Parmi les artistes pr\u00e9sent\u00e9s : Jean-Michel Basquiat, Nan Goldin, Damien Hirst, Cindy Sherman, Andy Warhol et Claire Tabouret. Autre exposition \u00e0 d\u00e9couvrir : \u00ab Claire Tabouret. Entre la m\u00e9moire et l\u2019oubli \u00bb au Mus\u00e9e des Beaux-Arts.\n        <\/p>\n<p><a href=\"https:\/\/www.letelegramme.fr\/api\/gotourl\/bevt\/2735388\/\" target=\"_blank\" rel=\"noopener\"><br \/>\n        Embarcad\u00e8re n\u00b0\u00a09<br \/>\n        <\/a><\/p>\n<p>\n        Au programme : 14 h-17 h, portes ouvertes ; 14 h, lecture et atelier d\u2019\u00e9criture d\u00e9couverte par l\u2019Escalier ; 15 h, chorale \u201c\u00c9chos du monde\u201d de la MJC La Paillette ; 16 h, chorale de l\u2019atelier com\u00e9die musicale du Cercle Paul Bert Noroit ; 17 h 15, Fireflies Swing Orchestra (swing manouche).\n        <\/p>\n<p><a href=\"https:\/\/www.letelegramme.fr\/api\/gotourl\/bevt\/2824480\/\" target=\"_blank\" rel=\"noopener\"><br \/>\n        Exposition\u00a0: \u00ab\u00a0Portraits\u00a0\u00bb de Philippe Cogn\u00e9e<br \/>\n        <\/a><\/p>\n<p>\n        \u00c0 l\u2019occasion d\u2019Exporama 2025, la galerie Oniris pr\u00e9sente une exposition consacr\u00e9e \u00e0 Philippe Cogn\u00e9e : Portraits. \u00c0 travers une technique singuli\u00e8re d\u2019encaustique fondue, l\u2019artiste explore la disparition de l\u2019image, entre figuration et abstraction, m\u00e9moire et effacement. Une peinture intense, sensible, charnelle et troublante.\n        <\/p>\n<p><\/p>\n","protected":false},"excerpt":{"rendered":"Au programme du vendredi : 14 h-16 h, portes ouvertes ; 18 h 30, chorale \u00ab Les Mots&hellip;\n","protected":false},"author":2,"featured_media":6963,"comment_status":"","ping_status":"","sticky":false,"template":"","format":"standard","meta":{"footnotes":""},"categories":[2821],"tags":[1111,11,829,1777,674,1011,27,12,3907,584,25],"class_list":{"0":"post-225455","1":"post","2":"type-post","3":"status-publish","4":"format-standard","5":"has-post-thumbnail","7":"category-rennes","8":"tag-actu","9":"tag-actualites","10":"tag-bretagne","11":"tag-eu","12":"tag-europe","13":"tag-fr","14":"tag-france","15":"tag-news","16":"tag-que-faire","17":"tag-rennes","18":"tag-republique-francaise"},"share_on_mastodon":{"url":"https:\/\/pubeurope.com\/@fr\/114794598422852114","error":""},"_links":{"self":[{"href":"https:\/\/www.europesays.com\/fr\/wp-json\/wp\/v2\/posts\/225455","targetHints":{"allow":["GET"]}}],"collection":[{"href":"https:\/\/www.europesays.com\/fr\/wp-json\/wp\/v2\/posts"}],"about":[{"href":"https:\/\/www.europesays.com\/fr\/wp-json\/wp\/v2\/types\/post"}],"author":[{"embeddable":true,"href":"https:\/\/www.europesays.com\/fr\/wp-json\/wp\/v2\/users\/2"}],"replies":[{"embeddable":true,"href":"https:\/\/www.europesays.com\/fr\/wp-json\/wp\/v2\/comments?post=225455"}],"version-history":[{"count":0,"href":"https:\/\/www.europesays.com\/fr\/wp-json\/wp\/v2\/posts\/225455\/revisions"}],"wp:featuredmedia":[{"embeddable":true,"href":"https:\/\/www.europesays.com\/fr\/wp-json\/wp\/v2\/media\/6963"}],"wp:attachment":[{"href":"https:\/\/www.europesays.com\/fr\/wp-json\/wp\/v2\/media?parent=225455"}],"wp:term":[{"taxonomy":"category","embeddable":true,"href":"https:\/\/www.europesays.com\/fr\/wp-json\/wp\/v2\/categories?post=225455"},{"taxonomy":"post_tag","embeddable":true,"href":"https:\/\/www.europesays.com\/fr\/wp-json\/wp\/v2\/tags?post=225455"}],"curies":[{"name":"wp","href":"https:\/\/api.w.org\/{rel}","templated":true}]}}