{"id":225458,"date":"2025-07-04T10:56:10","date_gmt":"2025-07-04T10:56:10","guid":{"rendered":"https:\/\/www.europesays.com\/fr\/225458\/"},"modified":"2025-07-04T10:56:10","modified_gmt":"2025-07-04T10:56:10","slug":"strasbourg-a-saint-guillaume-les-noces-de-figaro-sinvitent-au-barbecue","status":"publish","type":"post","link":"https:\/\/www.europesays.com\/fr\/225458\/","title":{"rendered":"Strasbourg. \u00c0 Saint-Guillaume, \u00ab\u00a0Les noces de Figaro\u00a0\u00bb s\u2019invitent au barbecue"},"content":{"rendered":"<p>C\u2019est le bouquet final de la saison 2024\/2025. Du 9 au 12\u00a0juillet, l\u2019op\u00e9ra de Wolfgang Amadeus Mozart Les noces de Figaro s\u2019invite \u00e0 Saint-Guillaume dans le cadre des Barbecues lyriques, pass\u00e9s en peu de temps \u2013 comme c\u2019est souvent le cas ici \u2013 au rang d\u2019incontournable rendez-vous du d\u00e9but d\u2019\u00e9t\u00e9.<\/p>\n<p>  Avec les solistes de l\u2019Op\u00e9ra de Paris<\/p>\n<p>En charge de la mise en sc\u00e8ne, le directeur artistique de Passions Crois\u00e9es, Guillem Aubry, a vu les choses en grand. C\u00f4t\u00e9 casting, d\u2019abord. Le public pourra entendre trois solistes de l\u2019Op\u00e9ra de Paris\u00a0: Kseniia Proshina incarnera Suzanne, la femme de chambre\u00a0; Andres Cascante le comte et Margarita Polonskaya la comtesse\u2026 \u00ab\u00a0Avant qu\u2019elle ne reprenne le r\u00f4le au Palais Garnier, les 25 et 27\u00a0d\u00e9cembre\u00a0!\u00a0\u00bb pr\u00e9cise-t-il, plut\u00f4t fier d\u2019avoir d\u00e9croch\u00e9 cette \u00ab\u00a0avant-premi\u00e8re\u00a0\u00bb. Pour compl\u00e9ter la distribution et dans le r\u00f4le de Figaro, on retrouvera Louis de Lavign\u00e8re (Acad\u00e9mie Jarrousky et Op\u00e9ra Fuoco). \u00ab\u00a0Quatre artistes de tr\u00e8s grand talent\u00a0!\u00a0\u00bb avec qui Guillem Aubry est impatient de travailler.<\/p>\n<p>Costumes et d\u00e9cors sont \u00e0 l\u2019envi. Les premiers sont sign\u00e9s Marguerite Woerl\u00e9 et mettent \u00e0 l\u2019honneur \u00ab\u00a0d\u2019imposantes robes, dans un pur style XVIII e \u00a0si\u00e8cle\u00a0\u00bb. Passions Crois\u00e9es a aussi fait bon usage de <a href=\"https:\/\/www.dna.fr\/culture-loisirs\/2025\/06\/28\/tres-gros-succes-pour-la-vente-des-costumes-de-scene-de-l-opera-national-du-rhin\" target=\"_blank\" rel=\"nofollow noopener\">la vente de costumes propos\u00e9e samedi 28\u00a0juin par l\u2019Op\u00e9ra du Rhin,<\/a> en acqu\u00e9rant une douzaine de pi\u00e8ces et accessoires. Pour ce spectacle, mais aussi pour les prochaines productions, dont un Barbier de S\u00e9ville et le Didon et En\u00e9e propos\u00e9 lors du banquet de la Saint-Valentin.<\/p>\n<p>C\u00f4t\u00e9 d\u00e9cors, <a href=\"https:\/\/www.dna.fr\/culture-loisirs\/2024\/12\/27\/a-saint-guillaume-puccini-et-liszt-s-invitent-au-festival-de-noel\" target=\"_blank\" rel=\"nofollow noopener\">Guillem Aubry<\/a> a lui-m\u00eame mis la main \u00e0 la p\u00e2te. Soutenu par l\u2019infatigable \u00e9quipe de b\u00e9n\u00e9voles, il a investi la tribune de l\u2019orgue, recul\u00e9 tout au fond sur ses rails pour l\u2019occasion. \u00ab\u00a0Une fois par an au moins, nous essayons de faire monter le public\u00a0\u00bb, explique-t-il. La tribune accueillera un lit \u00e0 baldaquin habill\u00e9 de lourds rideaux de velours, pour figurer la chambre de la comtesse. Mais aussi un secr\u00e9taire, quelques objets d\u2019\u00e9poque chin\u00e9s et une belle reproduction d\u2019un tableau d\u2019\u00c9lisabeth Vig\u00e9e Le Brun peinte par ses soins (!).<\/p>\n<p>Les mercredi\u00a09, jeudi\u00a010 et samedi 12\u00a0juillet d\u00e8s 19\u00a0h, l\u2019ap\u00e9ritif sera servi dans les jardins. \u00ab\u00a0Puis le public montera \u00e0 la tribune d\u2019orgue pour 45 minutes de spectacle\u00a0\u00bb, explique-t-il. Il retravaill\u00e9 et condens\u00e9 les actes\u00a0I, II et\u00a0III \u2013 qui se tiennent respectivement dans la chambre de Suzanne, de la comtesse et une pi\u00e8ce du palais \u2013 pour qu\u2019ils respectent le temps imparti. \u00ab\u00a0J\u2019ai aussi beaucoup travaill\u00e9 l\u2019humour. Parce que Mozart, en plus d\u2019\u00eatre un g\u00e9nie musical, \u00e9tait aussi tr\u00e8s th\u00e9\u00e2tral.  Les Noces de Figaro , quand on y r\u00e9fl\u00e9chit, c\u2019est du th\u00e9\u00e2tre de boulevard avant l\u2019heure\u00a0! Avec d\u2019un c\u00f4t\u00e9, le jeune couple qui s\u2019installe\u00a0; de l\u2019autre, le vieux couple qui fait sa s\u00e9ance de th\u00e9rapie\u00a0\u00bb, analyse-t-il.<\/p>\n<p>L\u2019op\u00e9ra, en italien, sera surtitr\u00e9 en fran\u00e7ais (sur une grande \u00ab\u00a0t\u00e9l\u00e9 mobile\u00a0\u00bb en test pour l\u2019occasion). <a href=\"https:\/\/www.dna.fr\/edition-de-strasbourg\/2019\/11\/12\/cyril-pallaud-nouvel-organiste-titulaire-de-saint-guillaume\" target=\"_blank\" rel=\"nofollow noopener\">Quant \u00e0 Cyril Pallaud, il sera \u00e0 l\u2019orgue et au clavecin. <\/a> \u00c0 20\u00a0h\u00a045, place au barbecue, servi dans les jardins en lien avec la Maison Klein. Puis \u00e0 22\u00a0h, la deuxi\u00e8me partie du spectacle investira ces m\u00eames jardins, relook\u00e9s \u00ab\u00a0\u00e0 la fran\u00e7aise\u00a0\u00bb pour \u00eatre dans le th\u00e8me. Desserts et fruits frais cl\u00f4tureront la soir\u00e9e vers 22\u00a0h\u00a015. Attention, la jauge en tribune \u00e9tant limit\u00e9e, les trois dates affichent d\u00e9j\u00e0 presque complet, m\u00eame si\u00a0les retardataires pourront se consoler\u00a0en assistant \u00e0 la g\u00e9n\u00e9rale musicale, le 6\u00a0juillet.<\/p>\n<p class=\"note\">Barbecues lyriques, les 9, 10 et 12\u00a0juillet \u00e0 19\u00a0h, \u00e9glise Saint-Guillaume, 1, rue Munch \u00e0 Strasbourg. Tarif unique (hors boissons)\u00a0: 48\u00a0\u20ac. G\u00e9n\u00e9rale musicale le 6\u00a0juillet \u00e0 20\u00a0h\u00a0: plein tarif 20\u00a0\u20ac, r\u00e9duit 6\u00a0\u20ac, gratuit pour les membres de Passions Crois\u00e9es. Un concert (r\u00e9serv\u00e9 aux clients de l\u2019h\u00f4tel) est aussi programm\u00e9 \u00e0 la Cour du Corbeau le 7\u00a0juillet \u00e0 20\u00a0h. R\u00e9servations\u00a0: www.passions-croisees.com, ou \u00e0 la Conciergerie solidaire, 11 rue Merci\u00e8re \u00e0 Strasbourg.<\/p>\n","protected":false},"excerpt":{"rendered":"C\u2019est le bouquet final de la saison 2024\/2025. Du 9 au 12\u00a0juillet, l\u2019op\u00e9ra de Wolfgang Amadeus Mozart Les&hellip;\n","protected":false},"author":2,"featured_media":225459,"comment_status":"","ping_status":"","sticky":false,"template":"","format":"standard","meta":{"footnotes":""},"categories":[2820],"tags":[1111,11,1687,2880,1777,674,107,1011,27,775,873,12,25,104,3140,640,2879,1631],"class_list":{"0":"post-225458","1":"post","2":"type-post","3":"status-publish","4":"format-standard","5":"has-post-thumbnail","7":"category-strasbourg","8":"tag-actu","9":"tag-actualites","10":"tag-culture-loisirs","11":"tag-edition-strasbourg","12":"tag-eu","13":"tag-europe","14":"tag-fil-info","15":"tag-fr","16":"tag-france","17":"tag-grand-est","18":"tag-musique","19":"tag-news","20":"tag-republique-francaise","21":"tag-societe","22":"tag-spectacle","23":"tag-strasbourg","24":"tag-strasbourg-ville","25":"tag-vie-associative"},"share_on_mastodon":{"url":"https:\/\/pubeurope.com\/@fr\/114794606499937937","error":""},"_links":{"self":[{"href":"https:\/\/www.europesays.com\/fr\/wp-json\/wp\/v2\/posts\/225458","targetHints":{"allow":["GET"]}}],"collection":[{"href":"https:\/\/www.europesays.com\/fr\/wp-json\/wp\/v2\/posts"}],"about":[{"href":"https:\/\/www.europesays.com\/fr\/wp-json\/wp\/v2\/types\/post"}],"author":[{"embeddable":true,"href":"https:\/\/www.europesays.com\/fr\/wp-json\/wp\/v2\/users\/2"}],"replies":[{"embeddable":true,"href":"https:\/\/www.europesays.com\/fr\/wp-json\/wp\/v2\/comments?post=225458"}],"version-history":[{"count":0,"href":"https:\/\/www.europesays.com\/fr\/wp-json\/wp\/v2\/posts\/225458\/revisions"}],"wp:featuredmedia":[{"embeddable":true,"href":"https:\/\/www.europesays.com\/fr\/wp-json\/wp\/v2\/media\/225459"}],"wp:attachment":[{"href":"https:\/\/www.europesays.com\/fr\/wp-json\/wp\/v2\/media?parent=225458"}],"wp:term":[{"taxonomy":"category","embeddable":true,"href":"https:\/\/www.europesays.com\/fr\/wp-json\/wp\/v2\/categories?post=225458"},{"taxonomy":"post_tag","embeddable":true,"href":"https:\/\/www.europesays.com\/fr\/wp-json\/wp\/v2\/tags?post=225458"}],"curies":[{"name":"wp","href":"https:\/\/api.w.org\/{rel}","templated":true}]}}