{"id":225460,"date":"2025-07-04T10:57:15","date_gmt":"2025-07-04T10:57:15","guid":{"rendered":"https:\/\/www.europesays.com\/fr\/225460\/"},"modified":"2025-07-04T10:57:15","modified_gmt":"2025-07-04T10:57:15","slug":"les-reussites-et-rates-de-la-maire-ecologiste-durant-son-premier-mandat","status":"publish","type":"post","link":"https:\/\/www.europesays.com\/fr\/225460\/","title":{"rendered":"les r\u00e9ussites et rat\u00e9s de la maire\u00a0\u00e9cologiste durant son premier mandat"},"content":{"rendered":"<p>            Par<br \/>\n        <strong><br \/>\n            <a href=\"https:\/\/actu.fr\/auteur\/ivan-capecchi\" title=\"Consulter tous les articles de Ivan CAPECCHI\" target=\"_blank\" rel=\"noopener\">Ivan CAPECCHI<\/a><br \/>\n        <\/strong><\/p>\n<p>        Publi\u00e9 le<\/p>\n<p>            4 juil. 2025 \u00e0 12h08        <\/p>\n<p>R\u00e9nover sans tarder des \u00e9quipements v\u00e9tustes, acc\u00e9l\u00e9rer la transition \u00e9cologique, apaiser l\u2019espace public ou repenser la place de la voiture : en cinq ans, <a href=\"https:\/\/actu.fr\/tag\/jeanne-barseghian\" target=\"_blank\" rel=\"noopener\">Jeanne Barseghian<\/a> et son \u00e9quipe ont initi\u00e9 une s\u00e9rie de r\u00e9formes structurelles qui redessinent le visage de <strong>Strasbourg<\/strong>. Des projets salu\u00e9s pour leur ambition\u2026 mais aussi parfois critiqu\u00e9s pour leur m\u00e9thode ou leurs effets. \u00c0 l\u2019approche des <a href=\"https:\/\/actu.fr\/grand-est\/strasbourg_67482\/municipales-2026-jeanne-barseghian-maire-de-strasbourg-candidate-a-sa-reelection_62866356.html\" target=\"_blank\" rel=\"noopener\">municipales de 2026<\/a>, et alors que <strong>Jeanne Barseghian<\/strong> a annonc\u00e9 \u00eatre <a href=\"https:\/\/actu.fr\/grand-est\/strasbourg_67482\/municipales-2026-jeanne-barseghian-maire-de-strasbourg-candidate-a-sa-reelection_62866356.html\" target=\"_blank\" rel=\"noopener\">candidate \u00e0 sa r\u00e9\u00e9lection<\/a>, retour sur un <strong>mandat d\u2019\u00e9cologie de rupture<\/strong>, o\u00f9 chaque avanc\u00e9e s\u2019est accompagn\u00e9e de son lot de controverses.\u00a0<\/p>\n<p>La culture, l\u2019une des priorit\u00e9s de ce mandat<\/p>\n<p class=\" wall-content\">La <strong>culture<\/strong> fut clairement l\u2019une des priorit\u00e9s de Jeanne Barseghian. Dans ce domaine, la Ville a entam\u00e9\u00a0la r\u00e9novation de plusieurs \u00e9quipements embl\u00e9matiques\u202f: agrandissement de la salle de concerts de <a href=\"https:\/\/actu.fr\/grand-est\/strasbourg_67482\/strasbourg-la-salle-de-spectacle-la-laiterie-va-connaitre-d-importants-travaux-pour-changer-de-dimension_60878840.html\" target=\"_blank\" rel=\"noopener\">La Laiterie<\/a> (r\u00e9ouverture pr\u00e9vue en 2026), mise aux normes et accessibilit\u00e9 du <a href=\"https:\/\/actu.fr\/grand-est\/strasbourg_67482\/strasbourg-nouvelles-salles-ouvertes-au-public-travaux-voici-ce-qui-va-changer-au-palais-rohan_60118902.html\" target=\"_blank\" rel=\"noopener\">Palais Rohan<\/a> et du Mus\u00e9e Alsacien, <a href=\"https:\/\/actu.fr\/grand-est\/strasbourg_67482\/mise-aux-normes-nouvelle-entree-et-moins-de-sieges-la-renovation-du-cinema-star-devoilee_62567187.html\" target=\"_blank\" rel=\"noopener\">travaux au cin\u00e9ma Star Saint-Exup\u00e9ry<\/a>, ou encore refonte attendue de l\u2019<a href=\"https:\/\/actu.fr\/grand-est\/strasbourg_67482\/opera-national-du-rhin-a-strasbourg-le-projet-de-renovation-devoile-voici-ce-qu-il-faut-en-retenir_62496236.html\" target=\"_blank\" rel=\"noopener\">Op\u00e9ra national du Rhin<\/a>, en souffrance depuis 1997.<\/p>\n<p>Des serpents de mer pris \u00e0 bras le corps<\/p>\n<p class=\" wall-content\">Jeanne Barseghian a \u00e9galement pris \u00e0 bras le corps un certain nombre de serpents de mer, \u00e0 commencer par la <strong>r\u00e9novation de l\u2019Op\u00e9ra national du Rhin<\/strong>, cit\u00e9e juste avant.\u00a0<\/p>\n<p class=\" wall-content\">L\u2019Op\u00e9ra, v\u00e9tuste et sous avis d\u00e9favorable de la commission de s\u00e9curit\u00e9 depuis 1997, doit b\u00e9n\u00e9ficier d\u2019un vaste <strong>chantier \u00e0 120 millions d\u2019euros<\/strong>.\u00a0<\/p>\n<p class=\" wall-content\">Il pr\u00e9voit <strong>deux extensions<\/strong>, un <strong>abaissement de la sc\u00e8ne pour am\u00e9liorer la logistique<\/strong>, une <strong>r\u00e9interpr\u00e9tation de la salle pour am\u00e9liorer cette fois-ci la visibilit\u00e9<\/strong>, et une <strong>r\u00e9novation \u00e9nerg\u00e9tique ambitieuse<\/strong>.<\/p>\n<p class=\" wall-content\">Les travaux d\u00e9marreront \u00e0 l\u2019automne 2028 pour s\u2019achever \u00e0 l\u2019hiver 2033.\u00a0<\/p>\n<p>Le projet de gare \u00e0 360 degr\u00e9s<\/p>\n<p class=\" wall-content\">Autre serpent de mer : le <strong>projet de gare \u00e0 360 degr\u00e9s<\/strong>. La municipalit\u00e9 veut apaiser un secteur satur\u00e9 et s\u2019adapter \u00e0 des usages d\u00e9j\u00e0 massivement tourn\u00e9s vers les mobilit\u00e9s douces. Un parking-silo de 800 places doit voir le jour rue du Rempart, le <a href=\"https:\/\/actu.fr\/grand-est\/strasbourg_67482\/pourquoi-le-parking-indigo-souterrain-devant-la-gare-va-devenir-un-parking-a-velos_59678886.html\" target=\"_blank\" rel=\"noopener\">parking sous la place sera transform\u00e9 en v\u00e9lostation<\/a> de 3 000 places, et la circulation sera repens\u00e9e pour les pi\u00e9tons, cyclistes, usagers du bus et riverains.\u00a0<\/p>\n<p>La r\u00e9volution des mobilit\u00e9s<\/p>\n<p class=\" wall-content\">Sous le mandat de Jeanne Barseghian, Strasbourg a engag\u00e9 une transformation profonde de sa politique de mobilit\u00e9s. Seul ou avec l\u2019Eurom\u00e9tropole, l\u2019ex\u00e9cutif \u00e9cologiste a renforc\u00e9 l\u2019offre de transport (tram ouest, Bus \u00e0 haut niveau de service (BHNS), <a href=\"https:\/\/actu.fr\/grand-est\/strasbourg_67482\/reseau-express-metropolitain-europeen-reme-une-offre-amelioree-mais-toujours-pas-au-niveau_61382822.html\" target=\"_blank\" rel=\"noopener\">R\u00e9seau express m\u00e9tropolitain europ\u00e9en<\/a> (REME)), d\u00e9velopp\u00e9 les mobilit\u00e9s actives (<a href=\"https:\/\/actu.fr\/grand-est\/strasbourg_67482\/strasbourg-voici-la-carte-des-nombreux-travaux-prevus-cette-annee-pour-le-ring-velo_62121636.html\" target=\"_blank\" rel=\"noopener\">ring v\u00e9lo<\/a>, plan pi\u00e9ton) et modifi\u00e9 en profondeur la politique de stationnement.<\/p>\n<p class=\" wall-content\">Si ces changements r\u00e9pondent \u00e0 une volont\u00e9 de rupture face \u00e0 l\u2019urgence climatique, ils ont aussi suscit\u00e9 des tensions : <strong>hausse des tarifs de stationnement, lancement critiqu\u00e9 du LAPI<\/strong>, et <a href=\"https:\/\/actu.fr\/grand-est\/strasbourg_67482\/tram-nord-a-strasbourg-la-commission-d-enquete-rend-un-avis-defavorable-un-coup-de-tonnerre_61982104.html\" target=\"_blank\" rel=\"noopener\">arr\u00eat brutal du tram nord<\/a>.<\/p>\n<p class=\" wall-content\">Malgr\u00e9 les pol\u00e9miques, la maire revendique une ligne claire\u202f: transformer la ville, quitte \u00e0 bousculer les habitudes.\u00a0<\/p>\n<p>Plan Canop\u00e9e et ordonnance verte<\/p>\n<p class=\" wall-content\">Parmi les projets phares de la maire \u00e9cologiste, on peut \u00e9galement citer le <a href=\"https:\/\/actu.fr\/grand-est\/strasbourg_67482\/10-000-arbres-a-planter-a-strasbourg-d-ici-2030-ou-en-est-cette-promesse-de-la-mairie_62609478.html\" target=\"_blank\" rel=\"noopener\">plan Canop\u00e9e<\/a>, qui vise \u00e0 <strong>planter 10\u2009000 arbres d\u2019ici 2030<\/strong>, ou encore <strong>l\u2019ordonnance verte<\/strong>, qui permet notamment aux femmes enceintes de <strong>b\u00e9n\u00e9ficier gratuitement de paniers de fruits et l\u00e9gumes issus de l\u2019agriculture biologique<\/strong>.<\/p>\n<p>La gestion critiqu\u00e9e du campement du parc de l\u2019Etoile<\/p>\n<p class=\" wall-content\">Le mandat de Mme Barseghian a \u00e9galement charri\u00e9 son lot de <strong>pol\u00e9miques<\/strong>.\u00a0<\/p>\n<p class=\" wall-content\">On pense par exemple \u00e0 la <strong>gestion du campement du parc de l\u2019Etoile<\/strong>, qui a mis \u00e0 jour les tensions entre Jeanne Barseghian et la pr\u00e9f\u00e8te de l\u2019\u00e9poque, Josiane Chevalier, chacune se renvoyant la balle dans ce dossier complexe.\u00a0<\/p>\n<p>Pol\u00e9mique autour du financement de la mosqu\u00e9e Eyyub Sultan<\/p>\n<p class=\" wall-content\">Mmes Chevalier et Barseghian se sont \u00e9galement oppos\u00e9es sur l\u2019affaire de la <strong>mosqu\u00e9e Eyyub Sultan<\/strong>.\u00a0<\/p>\n<p class=\" wall-content\">En mars 2021, la d\u00e9cision de la Ville de Strasbourg d\u2019accorder une <a href=\"https:\/\/actu.fr\/grand-est\/strasbourg_67482\/financement-d-une-mosquee-a-strasbourg-pourquoi-l-attribution-d-une-subvention-par-la-mairie-fait-polemique_40475337.html\" target=\"_blank\" rel=\"noopener\">subvention de 2,5 millions d\u2019euros \u00e0 l\u2019association Mill\u00ee G\u00f6r\u00fc\u015f<\/a> pour la construction de la mosqu\u00e9e Eyyub Sultan a d\u00e9clench\u00e9 une vive pol\u00e9mique nationale.<\/p>\n<p class=\" wall-content\"><strong>G\u00e9rald Darmanin<\/strong>, ministre de l\u2019Int\u00e9rieur, a accus\u00e9 la municipalit\u00e9 \u00e9cologiste de soutenir une organisation jug\u00e9e contraire aux valeurs r\u00e9publicaines. Jeanne Barseghian a r\u00e9torqu\u00e9 n\u2019avoir re\u00e7u aucun signalement officiel de l\u2019\u00c9tat \u00e0 ce sujet.<\/p>\n<p class=\" wall-content\">Face \u00e0 la controverse et \u00e0 un plan de financement jug\u00e9 insuffisamment consolid\u00e9, l\u2019association a finalement <strong>retir\u00e9 sa demande de subvention<\/strong>. La mairie n\u2019a donc pas vers\u00e9 les fonds.\u00a0<\/p>\n<p>La gestion de la Foire Saint-Jean, autre caillou dans la chaussure de la maire<\/p>\n<p class=\" wall-content\">Enfin, Jeanne Barseghian a aussi \u00e9t\u00e9 critiqu\u00e9e dans sa gestion du dossier de la <a href=\"https:\/\/actu.fr\/grand-est\/strasbourg_67482\/report-de-la-foire-saint-jean-les-forains-manifestent-ce-lundi-c-est-une-fete-tres-importante-pour-nous_62653897.html\" target=\"_blank\" rel=\"noopener\">foire Saint-Jean<\/a>, ou encore accus\u00e9e par certains habitants d\u2019avoir une <a href=\"https:\/\/actu.fr\/grand-est\/strasbourg_67482\/insecurite-au-quartier-gare-des-habitants-fustigent-la-vision-bisounours-de-la-mairie-elle-repond_61127078.html\" target=\"_blank\" rel=\"noopener\">\u00ab\u00a0vision Bisounours\u00a0\u00bb<\/a> du<strong> sujet s\u00e9curitaire dans le quartier Gare. <\/strong>Dans le m\u00eame esprit, sa majorit\u00e9 a \u00e9t\u00e9 attaqu\u00e9e pour avoir d\u00e9fendu une approche \u00ab\u00a0bienveillante\u00a0\u00bb dans l\u2019\u00e9radication du <a href=\"https:\/\/actu.fr\/grand-est\/strasbourg_67482\/nuisibles-vs-animaux-liminaires-les-elus-de-strasbourg-s-echarpent-sur-deux-visions-du-monde_39909812.html\" target=\"_blank\" rel=\"noopener\">probl\u00e8me des rats et punaises de lit<\/a>.<\/p>\n<p class=\" wall-content\">Suivez toute l\u2019actualit\u00e9 de vos villes et m\u00e9dias favoris en vous inscrivant \u00e0 <a href=\"https:\/\/moncompte.actu.fr\" title=\"D\u00e9couvez Mon Actu\" rel=\"nofollow noopener\" data-trk=\"{&quot;cta&quot;:{&quot;action&quot;:&quot;https:\\\/\\\/moncompte.actu.fr&quot;,&quot;category&quot;:&quot;mon compte&quot;,&quot;from&quot;:&quot;article footer&quot;,&quot;name&quot;:&quot;Mon actu&quot;,&quot;type&quot;:&quot;cta&quot;}}\" target=\"_blank\">Mon Actu<\/a>.<\/p>\n","protected":false},"excerpt":{"rendered":"Par Ivan CAPECCHI Publi\u00e9 le 4 juil. 2025 \u00e0 12h08 R\u00e9nover sans tarder des \u00e9quipements v\u00e9tustes, acc\u00e9l\u00e9rer la&hellip;\n","protected":false},"author":2,"featured_media":225461,"comment_status":"","ping_status":"","sticky":false,"template":"","format":"standard","meta":{"footnotes":""},"categories":[2820],"tags":[1111,11,436,1777,674,1011,27,775,7125,12,25,104,640,2803],"class_list":{"0":"post-225460","1":"post","2":"type-post","3":"status-publish","4":"format-standard","5":"has-post-thumbnail","7":"category-strasbourg","8":"tag-actu","9":"tag-actualites","10":"tag-environnement","11":"tag-eu","12":"tag-europe","13":"tag-fr","14":"tag-france","15":"tag-grand-est","16":"tag-jeanne-barseghian","17":"tag-news","18":"tag-republique-francaise","19":"tag-societe","20":"tag-strasbourg","21":"tag-transport"},"share_on_mastodon":{"url":"https:\/\/pubeurope.com\/@fr\/114794610257798578","error":""},"_links":{"self":[{"href":"https:\/\/www.europesays.com\/fr\/wp-json\/wp\/v2\/posts\/225460","targetHints":{"allow":["GET"]}}],"collection":[{"href":"https:\/\/www.europesays.com\/fr\/wp-json\/wp\/v2\/posts"}],"about":[{"href":"https:\/\/www.europesays.com\/fr\/wp-json\/wp\/v2\/types\/post"}],"author":[{"embeddable":true,"href":"https:\/\/www.europesays.com\/fr\/wp-json\/wp\/v2\/users\/2"}],"replies":[{"embeddable":true,"href":"https:\/\/www.europesays.com\/fr\/wp-json\/wp\/v2\/comments?post=225460"}],"version-history":[{"count":0,"href":"https:\/\/www.europesays.com\/fr\/wp-json\/wp\/v2\/posts\/225460\/revisions"}],"wp:featuredmedia":[{"embeddable":true,"href":"https:\/\/www.europesays.com\/fr\/wp-json\/wp\/v2\/media\/225461"}],"wp:attachment":[{"href":"https:\/\/www.europesays.com\/fr\/wp-json\/wp\/v2\/media?parent=225460"}],"wp:term":[{"taxonomy":"category","embeddable":true,"href":"https:\/\/www.europesays.com\/fr\/wp-json\/wp\/v2\/categories?post=225460"},{"taxonomy":"post_tag","embeddable":true,"href":"https:\/\/www.europesays.com\/fr\/wp-json\/wp\/v2\/tags?post=225460"}],"curies":[{"name":"wp","href":"https:\/\/api.w.org\/{rel}","templated":true}]}}