{"id":225464,"date":"2025-07-04T10:59:09","date_gmt":"2025-07-04T10:59:09","guid":{"rendered":"https:\/\/www.europesays.com\/fr\/225464\/"},"modified":"2025-07-04T10:59:09","modified_gmt":"2025-07-04T10:59:09","slug":"a-nice-lexuberante-mise-en-scene-destrosi-pour-reclamer-le-depart-dun-bateau-de-croisiere","status":"publish","type":"post","link":"https:\/\/www.europesays.com\/fr\/225464\/","title":{"rendered":"\u00e0 Nice, l\u2019exub\u00e9rante mise en sc\u00e8ne d\u2019Estrosi pour r\u00e9clamer le d\u00e9part d\u2019un bateau de croisi\u00e8re"},"content":{"rendered":"<p>Le maire de Nice a voulu emp\u00eacher le d\u00e9barquement de passagers d\u2019une croisi\u00e8re en s\u2019appuyant sur un arr\u00eat\u00e9 qui n\u2019est pas encore en vigueur, selon la pr\u00e9fecture.<\/p>\n<p class=\"fig-paragraph\">\u00abVous n\u2019avez pas le droit d\u2019\u00eatre l\u00e0 [&#8230;] Cassez-vous\u00a0!\u00bb\u00a0: depuis une embarcation, le maire de Nice\u00a0<a href=\"http:\/\/www.lefigaro.fr\/nice\/fin-de-la-garde-a-vue-delai-de-deux-mois-le-point-sur-l-affaire-visant-le-couple-estrosi-et-delphine-ernotte-sur-des-evenements-organises-a-nice-20250701\" data-fig-type=\"NewsFlash\" data-gtm-custom-categorie=\"navigation\" data-gtm-custom-action=\"crossclick\" data-gtm-custom-label=\"Contextuel\" data-gtm-event=\"customEventSPE\" data-fig-domain=\"LEFIGARO\" target=\"_blank\" rel=\"noopener\">Christian Estrosi (Horizons)<\/a>\u00a0s\u2019en est pris verbalement \u00e0 l\u2019\u00e9quipage d\u2019un bateau de croisi\u00e8re qui se trouvait dans la rade de\u00a0<a href=\"http:\/\/www.lefigaro.fr\/nice\/meubles-touristiques-des-mesures-drastiques-prises-a-villefranche-sur-mer-commune-prisee-pres-de-nice-20241212\" data-fig-type=\"NewsFlash\" data-gtm-custom-categorie=\"navigation\" data-gtm-custom-action=\"crossclick\" data-gtm-custom-label=\"Contextuel\" data-gtm-event=\"customEventSPE\" data-fig-domain=\"LEFIGARO\" target=\"_blank\" rel=\"noopener\">Villefranche-sur-Mer<\/a>, en train de d\u00e9barquer des passagers. Agac\u00e9 et dans une mise en sc\u00e8ne exub\u00e9rante, l\u2019\u00e9lu leur a affirm\u00e9 qu\u2019ils pouvaient \u00eatre \u00ablourdement condamn\u00e9s\u00bb. \u00abVous n\u2019\u00eates personne\u00a0!\u00bb, leur a-t-il encore lanc\u00e9 lors d\u2019une s\u00e9quence film\u00e9e par France 3 C\u00f4te d\u2019Azur.<\/p>\n<p class=\"fig-paragraph\">Avec plus de 3000 passagers, le Voyager of the Seas de la compagnie Royal Caribbean Group ne respectait pas, selon Christian Estrosi, un arr\u00eat\u00e9 en vigueur depuis juillet qui interdit les grands navires de croisi\u00e8re, jug\u00e9s trop polluants. Le maire de Nice, \u00e9galement pr\u00e9sident de la m\u00e9tropole, souhaitait d\u00e9but janvier\u00a0<a href=\"http:\/\/www.lefigaro.fr\/nice\/a-nice-le-maire-christian-estrosi-veut-interdire-les-bateaux-de-croisiere-des-cet-ete-20250122\" data-fig-type=\"NewsFlash\" data-gtm-custom-categorie=\"navigation\" data-gtm-custom-action=\"crossclick\" data-gtm-custom-label=\"Contextuel\" data-gtm-event=\"customEventSPE\" data-fig-domain=\"LEFIGARO\" target=\"_blank\" rel=\"noopener\">chasser les croisi\u00e8res<\/a>\u00a0de la rade de Villefranche-sur-Mer et du port de Nice, mais face \u00e0 la forte contestation des acteurs \u00e9conomiques et maritimes,\u00a0<a href=\"http:\/\/www.lefigaro.fr\/nice\/a-nice-le-maire-christian-estrosi-recule-sur-l-interdiction-des-grands-bateaux-de-croisiere-20250228\" data-fig-type=\"NewsFlash\" data-gtm-custom-categorie=\"navigation\" data-gtm-custom-action=\"crossclick\" data-gtm-custom-label=\"Contextuel\" data-gtm-event=\"customEventSPE\" data-fig-domain=\"LEFIGARO\" target=\"_blank\" rel=\"noopener\">il \u00e9tait revenu sur cette d\u00e9cision<\/a>, fixant alors des crit\u00e8res.<\/p>\n<p>                                    <a class=\"fig-a11y-skip a11y-hidden\" href=\"#fig-a11y-skip-main-inarticle\"><br \/>\n        Passer la publicit\u00e9<br \/>\n    <\/a><\/p>\n<p class=\"fig-paragraph\">Les escales dans la rade doivent ainsi \u00eatre limit\u00e9es \u00e0 65 par an, avec pas plus d\u2019un bateau par jour et le nombre de passagers \u00e0 bord ne peut plus exc\u00e9der 2500. Sur le port de Nice, les bateaux avec plus de 450 passagers ne devraient plus \u00eatre accept\u00e9s.<\/p>\n<p>\u00abJe ne l\u00e2cherai rien\u00bb<\/p>\n<p class=\"fig-paragraph\">Dans un courrier adress\u00e9 au commandant de la croisi\u00e8re vis\u00e9e, Christian Estrosi lui a notifi\u00e9 l\u2019interdiction de d\u00e9barquer des passagers \u00e0 terre du fait du non-respect de ces conditions. L\u2019\u00e9lu indique \u00e9galement avoir saisi la ministre de la Transition \u00e9cologique,\u00a0<a href=\"http:\/\/www.lefigaro.fr\/politique\/de-la-cop29-au-budget-agnes-pannier-runacher-la-ministre-qui-veut-se-faire-entendre-20241122\" data-fig-type=\"Article\" data-gtm-custom-categorie=\"navigation\" data-gtm-custom-action=\"crossclick\" data-gtm-custom-label=\"Contextuel\" data-gtm-event=\"customEventSPE\" data-fig-domain=\"LEFIGARO\" target=\"_blank\" rel=\"noopener\">Agn\u00e8s Pannier-Runacher<\/a>\u00a0et les pr\u00e9fets de la M\u00e9diterran\u00e9e et des Alpes-Maritimes.<\/p>\n<p class=\"fig-paragraph\">\u00abEn tant qu\u2019autorit\u00e9 portuaire, j\u2019ai tenu \u00e0 me rendre moi-m\u00eame \u00e0 bord du bateau pour notifier formellement \u00e0 l\u2019\u00e9quipage l\u2019interdiction de d\u00e9barquement. Le commandant a non seulement refus\u00e9 de me recevoir \u00e0 bord, mais \u00e9galement de prendre en compte ma notification officielle\u00bb, a ensuite expliqu\u00e9 Christian Estrosi sur son compte X, en pr\u00e9cisant qu\u2019il avait alors \u00abordonn\u00e9 la fermeture de tous les acc\u00e8s \u00e0 la gare maritime\u00bb.<\/p>\n<p class=\"fig-paragraph\">\u00abAu lendemain du Sommet de l\u2019oc\u00e9an, je ne l\u00e2cherai rien\u00bb, a-t-il encore affirm\u00e9. L\u2019Union maritime des Alpes-Maritimes (UM06), qui s\u2019\u00e9tait oppos\u00e9e \u00e0 cette interdiction stricte des croisi\u00e8res, a assur\u00e9 que la pr\u00e9sence de ce navire \u00e9tait tout \u00e0 fait autoris\u00e9e par les diff\u00e9rentes autorit\u00e9s comp\u00e9tentes.<\/p>\n<p>\u00abBuzz\u00bb et \u00abbluff\u00bb<\/p>\n<p class=\"fig-paragraph\">\u00abLa r\u00e9glementation dont il parle n\u2019existe pas\u00bb, assure Nicolas Plummion au Figaro, le pr\u00e9sident de l\u2019UM06. \u00abIl y en a marre, c\u2019est lui qui est en position ill\u00e9gale et qui veut faire le buzz. Ce n\u2019est que du bluff, il y en ras-le-bol de vouloir nous emp\u00eacher de bosser\u00bb, d\u00e9nonce-t-il.<\/p>\n<p>                                    <a class=\"fig-a11y-skip a11y-hidden\" href=\"#fig-a11y-skip-main-inarticle_mtf\"><br \/>\n        Passer la publicit\u00e9<br \/>\n    <\/a><\/p>\n<p class=\"fig-paragraph\">Contact\u00e9e par Le Figaro, la pr\u00e9fecture confirme qu\u2019\u00e0 ce stade, aucun arr\u00eat\u00e9 de limitation des croisi\u00e8res n\u2019est en vigueur, comme l\u2019affirme pourtant Christian Estrosi.<\/p>\n<p class=\"fig-paragraph\">\u00abAu-del\u00e0 de la l\u00e9galit\u00e9, il y a un sujet plus global sur ces paquebots\u00a0: pour le faire avancer de mani\u00e8re efficace, il faut qu\u2019il y ait une coordination, \u00e7a ne peut pas \u00eatre unilat\u00e9ral. Il faut un travail concert\u00e9, qui a d\u00e9j\u00e0 commenc\u00e9\u00bb, a r\u00e9agi\u00a0<a href=\"http:\/\/www.lefigaro.fr\/nice\/je-serai-un-prefet-impartial-dans-les-alpes-maritimes-laurent-hottiaux-vise-l-ordre-et-l-unite-20250520\" data-fig-type=\"NewsFlash\" data-gtm-custom-categorie=\"navigation\" data-gtm-custom-action=\"crossclick\" data-gtm-custom-label=\"Contextuel\" data-gtm-event=\"customEventSPE\" data-fig-domain=\"LEFIGARO\" target=\"_blank\" rel=\"noopener\">le pr\u00e9fet Laurent Hottiaux<\/a>\u00a0sur le plateau de BFM Nice. Le repr\u00e9sentant de l\u2019\u00c9tat a rappel\u00e9 que si la gare maritime relevait bien de la comp\u00e9tence de la m\u00e9tropole, \u00abla possibilit\u00e9 de d\u00e9barquer rel\u00e8ve du d\u00e9partement, qui est investi du pouvoir de police portuaire\u00bb.<\/p>\n<p class=\"fig-paragraph\">En r\u00e9action \u00e0 cette s\u00e9quence, le d\u00e9put\u00e9 ni\u00e7ois\u00a0<a href=\"http:\/\/www.lefigaro.fr\/nice\/lors-de-ses-voeux-a-nice-eric-ciotti-attend-encore-pour-officialiser-sa-candidature-aux-municipales-20250124\" data-fig-type=\"NewsFlash\" data-gtm-custom-categorie=\"navigation\" data-gtm-custom-action=\"crossclick\" data-gtm-custom-label=\"Contextuel\" data-gtm-event=\"customEventSPE\" data-fig-domain=\"LEFIGARO\" target=\"_blank\" rel=\"noopener\">\u00c9ric Ciotti<\/a>, ennemi jur\u00e9 de Christian Estrosi et qui si\u00e8ge au conseil d\u00e9partemental, n\u2019a pas pu s\u2019emp\u00eacher de railler cette sortie. \u00abBarbe rouge\u00a0! \u00c0 l\u2019abordage avant d\u2019\u00eatre coul\u00e9\u00bb, a-t-il \u00e9crit sur son compte X, en ajoutant une t\u00eate de clown.<\/p>\n<p class=\"fig-paragraph\">Si de nombreuses croisi\u00e8res font historiquement escale sur la C\u00f4te d\u2019Azur, elles ne sont plus forc\u00e9ment les bienvenues. \u00c0 Cannes, David Lisnard vient \u00e9galement de\u00a0<a href=\"http:\/\/www.lefigaro.fr\/conjoncture\/apres-nice-au-tour-de-cannes-de-limiter-le-nombre-de-paquebots-geants-dans-sa-baie-20250629\" data-fig-type=\"NewsFlash\" data-gtm-custom-categorie=\"navigation\" data-gtm-custom-action=\"crossclick\" data-gtm-custom-label=\"Contextuel\" data-gtm-event=\"customEventSPE\" data-fig-domain=\"LEFIGARO\" target=\"_blank\" rel=\"noopener\">d\u00e9cider de limiter le nombre d\u2019escales<\/a>, lui qui r\u00e9clame un pouvoir d\u00e9cisionnel sur cette question laiss\u00e9e aux maires.<\/p>\n","protected":false},"excerpt":{"rendered":"Le maire de Nice a voulu emp\u00eacher le d\u00e9barquement de passagers d\u2019une croisi\u00e8re en s\u2019appuyant sur un arr\u00eat\u00e9&hellip;\n","protected":false},"author":2,"featured_media":225465,"comment_status":"","ping_status":"","sticky":false,"template":"","format":"standard","meta":{"footnotes":""},"categories":[2819],"tags":[1111,11,7730,436,1777,674,1011,27,12,2401,882,25,602],"class_list":{"0":"post-225464","1":"post","2":"type-post","3":"status-publish","4":"format-standard","5":"has-post-thumbnail","7":"category-nice","8":"tag-actu","9":"tag-actualites","10":"tag-croisieres","11":"tag-environnement","12":"tag-eu","13":"tag-europe","14":"tag-fr","15":"tag-france","16":"tag-news","17":"tag-nice","18":"tag-provence-alpes-cote-dazur","19":"tag-republique-francaise","20":"tag-tourisme"},"share_on_mastodon":{"url":"https:\/\/pubeurope.com\/@fr\/114794618190080259","error":""},"_links":{"self":[{"href":"https:\/\/www.europesays.com\/fr\/wp-json\/wp\/v2\/posts\/225464","targetHints":{"allow":["GET"]}}],"collection":[{"href":"https:\/\/www.europesays.com\/fr\/wp-json\/wp\/v2\/posts"}],"about":[{"href":"https:\/\/www.europesays.com\/fr\/wp-json\/wp\/v2\/types\/post"}],"author":[{"embeddable":true,"href":"https:\/\/www.europesays.com\/fr\/wp-json\/wp\/v2\/users\/2"}],"replies":[{"embeddable":true,"href":"https:\/\/www.europesays.com\/fr\/wp-json\/wp\/v2\/comments?post=225464"}],"version-history":[{"count":0,"href":"https:\/\/www.europesays.com\/fr\/wp-json\/wp\/v2\/posts\/225464\/revisions"}],"wp:featuredmedia":[{"embeddable":true,"href":"https:\/\/www.europesays.com\/fr\/wp-json\/wp\/v2\/media\/225465"}],"wp:attachment":[{"href":"https:\/\/www.europesays.com\/fr\/wp-json\/wp\/v2\/media?parent=225464"}],"wp:term":[{"taxonomy":"category","embeddable":true,"href":"https:\/\/www.europesays.com\/fr\/wp-json\/wp\/v2\/categories?post=225464"},{"taxonomy":"post_tag","embeddable":true,"href":"https:\/\/www.europesays.com\/fr\/wp-json\/wp\/v2\/tags?post=225464"}],"curies":[{"name":"wp","href":"https:\/\/api.w.org\/{rel}","templated":true}]}}