{"id":225466,"date":"2025-07-04T11:00:13","date_gmt":"2025-07-04T11:00:13","guid":{"rendered":"https:\/\/www.europesays.com\/fr\/225466\/"},"modified":"2025-07-04T11:00:13","modified_gmt":"2025-07-04T11:00:13","slug":"ce-restaurant-est-le-plus-apprecie-selon-les-avis-google","status":"publish","type":"post","link":"https:\/\/www.europesays.com\/fr\/225466\/","title":{"rendered":"ce restaurant est le plus appr\u00e9ci\u00e9 selon les avis Google"},"content":{"rendered":"<p>            Par<br \/>\n        <strong><br \/>\n            <a href=\"https:\/\/actu.fr\/auteur\/thomas-bernard\" title=\"Consulter tous les articles de Thomas Bernard\" rel=\"nofollow noopener\" target=\"_blank\">Thomas Bernard<\/a><br \/>\n        <\/strong><\/p>\n<p>        Publi\u00e9 le<\/p>\n<p>            4 juil. 2025 \u00e0 11h56        <\/p>\n<p>Italien, fran\u00e7ais, asiatique, syrien, les cuisines sont \u00e9clectiques parmi les restaurants de la cit\u00e9 des ducs de Bretagne. Lundi 30\u00a0juin 2025,<a href=\"https:\/\/sundayapp.com\/fr\/\" rel=\"nofollow noopener\" target=\"_blank\"> la plateforme Sunday<\/a> a d\u00e9voil\u00e9<strong> le top\u00a030 des adresses les mieux not\u00e9es sur Google \u00e0 Nantes<\/strong>.<\/p>\n<p class=\" wall-content\">Un classement \u00e9tabli \u00e0 partir des milliers d\u2019avis Google, \u00ab\u2009prenant en compte la note moyenne, le volume d\u2019avis et appliquant une pond\u00e9ration qui valorise les tr\u00e8s bonnes notes tout en limitant les effets de masse\u2009\u00bb. Voici <strong>le top\u00a030 dans la ville de Jules Verne<\/strong>.<\/p>\n<p>Un restaurant de burgers en t\u00eate<\/p>\n<p class=\" wall-content\">\u00c0 Nantes, trois adresses se d\u00e9tachent\u2009: le restaurant de burgers <strong>La Baraka<\/strong> (Pirmil), <a href=\"https:\/\/actu.fr\/pays-de-la-loire\/nantes_44109\/nantes-comment-le-reflet-ce-resto-qui-emploie-des-personnes-trisomiques-a-prepare-sa-reouverture_42489955.html\" rel=\"nofollow noopener\" target=\"_blank\">Reflet<\/a> (centre-ville) et The Garden (\u00eele de Nantes).<\/p>\n<p class=\" wall-content\">Avec <strong>une note de 4,8 sur plus de 2\u2009000 avis<\/strong>, <a href=\"https:\/\/www.facebook.com\/profile.php?id=61567181830294\" rel=\"nofollow noopener\" target=\"_blank\">La Baraka<\/a> tr\u00f4ne en t\u00eate du classement nantais. Le fast-food propose des burgers qui sont tremp\u00e9s dans du fromage (cheddar ou raclette fondue). Pour d\u00e9guster son sandwich, les clients s\u2019\u00e9quipent d\u2019un gant.<\/p>\n<p>Vid\u00e9os : en ce moment sur ActuLe classement complet \u00e0 Nantes<\/p>\n<p class=\" wall-content\">\u00ab\u2009Le classement r\u00e9v\u00e8le aussi une pr\u00e9f\u00e9rence pour les restaurants \u00ab\u2009cuisine du monde\u2009\u00bb\u2009\u00bb, indique Sunday dans un communiqu\u00e9 de presse transmis \u00e0 <a href=\"https:\/\/actu.fr\/nantes\/\" rel=\"nofollow noopener\" target=\"_blank\">actu Nantes<\/a>.<\/p>\n<p class=\" wall-content\">D\u00e9couvrez <strong>les 30 restaurants<\/strong> figurants dans le palmar\u00e8s nantais\u2009:<\/p>\n<ol class=\" wall-content\">\n<li>La Baraka \u2013 4.8 (2\u2009193 votes) \u2013 Burgers<\/li>\n<li><a href=\"https:\/\/actu.fr\/pays-de-la-loire\/nantes_44109\/nantes-comment-le-reflet-ce-resto-qui-emploie-des-personnes-trisomiques-a-prepare-sa-reouverture_42489955.html\" rel=\"nofollow noopener\" target=\"_blank\">Le Reflet<\/a> \u2013 4.9 (1\u2009009 votes) \u2013 Cuisine fran\u00e7aise<\/li>\n<li>The Garden \u2013 4.9 (909 votes) \u2013 Brunch<\/li>\n<li>ICI\u00a0-4.9 (880 votes) \u2013 Cuisine fran\u00e7aise<\/li>\n<li>SAIN \u2013 4.9 (864 votes) \u2013 Caf\u00e9 cantine<\/li>\n<li>Le Voyage \u00e0 Damas \u2013 4.9 (746 votes) \u2013 Syrien<\/li>\n<li>Le Lion et L\u2019agneau \u2013 4.9 (731 votes) \u2013 Cuisine fran\u00e7aise<\/li>\n<li>Giorgia, Le Clan des Mamma- 4.7 (1,955 votes) \u2013 Italien<\/li>\n<li>EDO \u2013 4.9 (645 votes) \u2013 Sushi<\/li>\n<li>Shake Burger \u2013 4.8 (915 votes) \u2013 Burgers<\/li>\n<li>Pickles \u2013 4.8 (905 votes) \u2013 Gastronomie fran\u00e7aise<\/li>\n<li>Paola, Le Clan des Mamma \u2013 4.6 (2,665 votes) \u2013 Italien<\/li>\n<li>Bunch Nantes Haluch\u00e8re \u2013 4.7 (1,649 votes) \u2013 Fast Food<\/li>\n<li>Curry house \u2013 4.7 (1,635 votes) \u2013 Indien<\/li>\n<li>Bao Dao \u2013 4.9 (538 votes) \u2013 Ta\u00efwanais<\/li>\n<li>Berlin 1989 (Petit Port) \u2013 4.5 (5,127 votes) \u2013 Allemand<\/li>\n<li>India and You \u2013 4.7 (1,320 votes) \u2013 Indien<\/li>\n<li>Mia Nonna, Le Clan des Mamma, 4.6 (2,147) \u2013 Italien<\/li>\n<li>Le Bistrot Basque, 4.7 (1,207) \u2013 Basque<\/li>\n<li>Restaurant L\u2019Atlantide 1874 \u2013 Maison Gu\u00e9ho \u2013 4.7 (1,141 votes) \u2013 Gastronomie fran\u00e7aise<\/li>\n<li><a href=\"https:\/\/actu.fr\/pays-de-la-loire\/nantes_44109\/nantes-ce-couple-ouvre-un-restaurant-de-street-food-iberique-apres-avoir-passe-12-ans-au-canada_43964934.html\" rel=\"nofollow noopener\" target=\"_blank\">Pic\u00f2ta<\/a> \u2013 4.8 (735 votes) \u2013 Restaurant de viandes<\/li>\n<li>Au Vieux Quimper \u2013 4.5 (3,837 votes) \u2013 Cr\u00eaperie<\/li>\n<li><a href=\"https:\/\/actu.fr\/pays-de-la-loire\/nantes_44109\/de-biere-la-bouffe-vue-sur-loire-decouvrez-little-atlantique-brewery-nantes_31052978.html\" rel=\"nofollow noopener\" target=\"_blank\">Little Atlantique Brewery<\/a>, 4.5 (3,825 votes), bar \u00e0\u00a0bi\u00e8res<\/li>\n<li>180g Pizza \u2013 4.7 (1,072 votes) \u2013 Pizza<\/li>\n<li>Cr\u00eaperie Le loup, le renard et la galette \u2013 4.6 (1,956 votes) \u2013 Cr\u00eaperie<\/li>\n<li><a href=\"https:\/\/actu.fr\/pays-de-la-loire\/nantes_44109\/nantes-le-chef-anthony-nguyen-va-ouvrir-un-nouveau-restaurant-de-ramen_40988191.html\" rel=\"nofollow noopener\" target=\"_blank\">Tori Ya<\/a> \u2013 4.6 (1,836 votes) \u2013 Ramen<\/li>\n<li>Le 149 \u2013 Torti\u00e8re \u2013 Pizzeria Nantes \u2013 4.8 (677 votes) \u2013 Pizza<\/li>\n<li>Ramen ya \u2013 4.5 (2,770 votes) \u2013 Ramen<\/li>\n<li>Restaurant Art\u2019N Blum \u2013 4.8 (630 votes) \u2013 Cuisine fran\u00e7aise<\/li>\n<li>Heiko \u2013 4.6 (1,600 votes) \u2013 Hawaiien.<\/li>\n<\/ol>\n<p class=\" wall-content\">Suivez toute l\u2019actualit\u00e9 de vos villes et m\u00e9dias favoris en vous inscrivant \u00e0 <a href=\"https:\/\/moncompte.actu.fr\" title=\"D\u00e9couvez Mon Actu\" rel=\"nofollow noopener\" data-trk=\"{&quot;cta&quot;:{&quot;action&quot;:&quot;https:\\\/\\\/moncompte.actu.fr&quot;,&quot;category&quot;:&quot;mon compte&quot;,&quot;from&quot;:&quot;article footer&quot;,&quot;name&quot;:&quot;Mon actu&quot;,&quot;type&quot;:&quot;cta&quot;}}\" target=\"_blank\">Mon Actu<\/a>.<\/p>\n","protected":false},"excerpt":{"rendered":"Par Thomas Bernard Publi\u00e9 le 4 juil. 2025 \u00e0 11h56 Italien, fran\u00e7ais, asiatique, syrien, les cuisines sont \u00e9clectiques&hellip;\n","protected":false},"author":2,"featured_media":225467,"comment_status":"","ping_status":"","sticky":false,"template":"","format":"standard","meta":{"footnotes":""},"categories":[2818],"tags":[1111,11,1777,674,1011,27,766,12,2636,25,1340,104],"class_list":{"0":"post-225466","1":"post","2":"type-post","3":"status-publish","4":"format-standard","5":"has-post-thumbnail","7":"category-nantes","8":"tag-actu","9":"tag-actualites","10":"tag-eu","11":"tag-europe","12":"tag-fr","13":"tag-france","14":"tag-nantes","15":"tag-news","16":"tag-pays-de-la-loire","17":"tag-republique-francaise","18":"tag-restaurant","19":"tag-societe"},"share_on_mastodon":{"url":"https:\/\/pubeurope.com\/@fr\/114794622036241287","error":""},"_links":{"self":[{"href":"https:\/\/www.europesays.com\/fr\/wp-json\/wp\/v2\/posts\/225466","targetHints":{"allow":["GET"]}}],"collection":[{"href":"https:\/\/www.europesays.com\/fr\/wp-json\/wp\/v2\/posts"}],"about":[{"href":"https:\/\/www.europesays.com\/fr\/wp-json\/wp\/v2\/types\/post"}],"author":[{"embeddable":true,"href":"https:\/\/www.europesays.com\/fr\/wp-json\/wp\/v2\/users\/2"}],"replies":[{"embeddable":true,"href":"https:\/\/www.europesays.com\/fr\/wp-json\/wp\/v2\/comments?post=225466"}],"version-history":[{"count":0,"href":"https:\/\/www.europesays.com\/fr\/wp-json\/wp\/v2\/posts\/225466\/revisions"}],"wp:featuredmedia":[{"embeddable":true,"href":"https:\/\/www.europesays.com\/fr\/wp-json\/wp\/v2\/media\/225467"}],"wp:attachment":[{"href":"https:\/\/www.europesays.com\/fr\/wp-json\/wp\/v2\/media?parent=225466"}],"wp:term":[{"taxonomy":"category","embeddable":true,"href":"https:\/\/www.europesays.com\/fr\/wp-json\/wp\/v2\/categories?post=225466"},{"taxonomy":"post_tag","embeddable":true,"href":"https:\/\/www.europesays.com\/fr\/wp-json\/wp\/v2\/tags?post=225466"}],"curies":[{"name":"wp","href":"https:\/\/api.w.org\/{rel}","templated":true}]}}