{"id":225472,"date":"2025-07-04T11:03:17","date_gmt":"2025-07-04T11:03:17","guid":{"rendered":"https:\/\/www.europesays.com\/fr\/225472\/"},"modified":"2025-07-04T11:03:17","modified_gmt":"2025-07-04T11:03:17","slug":"girondins-hugo-suarez-nomme-entraineur-de-lequipe-feminine-de-bordeaux","status":"publish","type":"post","link":"https:\/\/www.europesays.com\/fr\/225472\/","title":{"rendered":"Girondins : Hugo Suarez nomm\u00e9 entraineur de l&rsquo;\u00e9quipe f\u00e9minine de Bordeaux"},"content":{"rendered":"<p><img decoding=\"async\" src=\"https:\/\/www.europesays.com\/fr\/wp-content\/uploads\/2025\/04\/671_7e48caf63899d74ff5fefad5b2ddc246.jpg\" alt=\"Girondins : Hugo Suarez nomm\u00e9 entraineur de l'\u00e9quipe f\u00e9minine de Bordeaux\" class=\"img-responsive mt-3\"\/><\/p>\n<p class=\"text-center mb-3\" style=\"font-size: 14px\">\u00a9 Iconsport<\/p>\n<p style=\"text-align: justify;\">La saison \u00e9tait parfaite pour Romain Vitry : un titre de champion de Nouvelle-Aquitaine, une mont\u00e9e en Division 3 et une Coupe de Nouvelle-Aquitaine remport\u00e9e. N\u00e9anmoins, le club bordelais n&rsquo;a pas su trouver d&rsquo;accord avec lui pour poursuivre l&rsquo;aventure en Division 3.<\/p>\n<p style=\"text-align: justify;\">Soucieux d&rsquo;apporter de la continuit\u00e9, le club des Girondins de Bordeaux a d\u00e9cid\u00e9 de nommer Hugo Suarez comme entraineur de l&rsquo;\u00e9quipe f\u00e9minine UNE pour cette premi\u00e8re saison en Division 3. Au club depuis 2021, Hugo Suarez \u00e9tait l&rsquo;adjoint de Romain Vitry la saison derni\u00e8re.<\/p>\n<p>Le communiqu\u00e9 du club :<\/p>\n<p style=\"text-align: justify;\"><img decoding=\"async\" src=\"https:\/\/www.europesays.com\/fr\/wp-content\/uploads\/2025\/07\/Capture d\u2019e\u0301cran 2025-07-04 a\u0300 12.39.54.png\" alt=\"Capture d\u2019e\u0301cran 2025-07-04 a\u0300 12.39.54.png (208 KB)\" style=\"width:700px;max-width:100%;\"\/><\/p>\n<p style=\"text-align: justify;\">\u00a0<\/p>\n<p style=\"text-align: justify;\">Nous avons r\u00e9alis\u00e9 un point complet sur l&rsquo;effectif dans l&rsquo;article suivant ce jeudi 4 juillet 2025 : <strong><a href=\"https:\/\/www.webgirondins.com\/actualite-girondins-girondins-romain-vitry-et-plusieurs-joueuses-quittent-bordeaux-129612\" target=\"_blank\" rel=\"noopener\">Romain Vitry et plusieurs joueuses quittent Bordeaux<\/a>.<\/strong><\/p>\n<p>\u00c0 lire &gt;&gt; <strong><a href=\"https:\/\/www.webgirondins.com\/actualite-girondins-girondins-un-creancier-temoigne-je-ne-partirai-pas-en-vacances-avec-mes-enfants-cet-ete-129599\" target=\"_blank\" rel=\"noopener\">Un cr\u00e9ancier t\u00e9moigne : \u00ab\u00a0Je ne partirais pas en vacances avec mes enfants cet \u00e9t\u00e9\u00a0\u00bb<\/a><\/strong><\/p>\n<p>Notre podcast court :<\/p>\n<p style=\"text-align: justify;\">\u00a0<\/p>\n","protected":false},"excerpt":{"rendered":"\u00a9 Iconsport La saison \u00e9tait parfaite pour Romain Vitry : un titre de champion de Nouvelle-Aquitaine, une mont\u00e9e&hellip;\n","protected":false},"author":2,"featured_media":22530,"comment_status":"","ping_status":"","sticky":false,"template":"","format":"standard","meta":{"footnotes":""},"categories":[2817],"tags":[1111,11,16190,2562,1997,6950,5244,1993,17731,3985,8374,1994,2263,1777,674,4283,1011,27,1987,8257,36430,12,8145,3870,2219,25,18140,36431,5256,27287,5238],"class_list":{"0":"post-225472","1":"post","2":"type-post","3":"status-publish","4":"format-standard","5":"has-post-thumbnail","7":"category-bordeaux","8":"tag-actu","9":"tag-actualites","10":"tag-adjoint","11":"tag-annonce","12":"tag-bordeaux","13":"tag-bordelais","14":"tag-club","15":"tag-comme","16":"tag-confirmer","17":"tag-depart","18":"tag-division","19":"tag-entraineur","20":"tag-equipe","21":"tag-eu","22":"tag-europe","23":"tag-feminine","24":"tag-fr","25":"tag-france","26":"tag-girondins","27":"tag-hier","28":"tag-hugo","29":"tag-news","30":"tag-nomination","31":"tag-nomme","32":"tag-nouvelle-aquitaine","33":"tag-republique-francaise","34":"tag-romain","35":"tag-suarez","36":"tag-vient","37":"tag-vitry","38":"tag-webgirondins"},"share_on_mastodon":{"url":"https:\/\/pubeurope.com\/@fr\/114794633970366810","error":""},"_links":{"self":[{"href":"https:\/\/www.europesays.com\/fr\/wp-json\/wp\/v2\/posts\/225472","targetHints":{"allow":["GET"]}}],"collection":[{"href":"https:\/\/www.europesays.com\/fr\/wp-json\/wp\/v2\/posts"}],"about":[{"href":"https:\/\/www.europesays.com\/fr\/wp-json\/wp\/v2\/types\/post"}],"author":[{"embeddable":true,"href":"https:\/\/www.europesays.com\/fr\/wp-json\/wp\/v2\/users\/2"}],"replies":[{"embeddable":true,"href":"https:\/\/www.europesays.com\/fr\/wp-json\/wp\/v2\/comments?post=225472"}],"version-history":[{"count":0,"href":"https:\/\/www.europesays.com\/fr\/wp-json\/wp\/v2\/posts\/225472\/revisions"}],"wp:featuredmedia":[{"embeddable":true,"href":"https:\/\/www.europesays.com\/fr\/wp-json\/wp\/v2\/media\/22530"}],"wp:attachment":[{"href":"https:\/\/www.europesays.com\/fr\/wp-json\/wp\/v2\/media?parent=225472"}],"wp:term":[{"taxonomy":"category","embeddable":true,"href":"https:\/\/www.europesays.com\/fr\/wp-json\/wp\/v2\/categories?post=225472"},{"taxonomy":"post_tag","embeddable":true,"href":"https:\/\/www.europesays.com\/fr\/wp-json\/wp\/v2\/tags?post=225472"}],"curies":[{"name":"wp","href":"https:\/\/api.w.org\/{rel}","templated":true}]}}