{"id":225485,"date":"2025-07-04T11:10:33","date_gmt":"2025-07-04T11:10:33","guid":{"rendered":"https:\/\/www.europesays.com\/fr\/225485\/"},"modified":"2025-07-04T11:10:33","modified_gmt":"2025-07-04T11:10:33","slug":"qui-est-quentin-mauro-le-grand-gagnant-de-top-chef-saison-16-et-qui-a-ete-sous-chef-dans-un-restaurant-lyonnais","status":"publish","type":"post","link":"https:\/\/www.europesays.com\/fr\/225485\/","title":{"rendered":"Qui est Quentin Mauro, le grand gagnant de Top Chef saison 16 et qui a \u00e9t\u00e9 sous-chef dans un restaurant lyonnais ?"},"content":{"rendered":"<p itemprop=\"description\"><strong>Fort de sa finale, le jeune homme se lance d\u00e9j\u00e0 dans une nouvelle aventure culinaire !<\/strong><\/p>\n<p>C&rsquo;est le rendez-vous pr\u00e9f\u00e9r\u00e9 de tous les gourmands : le mercredi 26 mars dernier, <strong>M6 lan\u00e7ait en grande pompe la 16\u00e8me saison de son programme phare, \u00ab\u00a0Top Chef\u00a0\u00bb<\/strong>. Un programme connu pour <strong>son audace <\/strong>et pour<strong> son exigence<\/strong>, et qui passait un cran au dessus dans la comp\u00e9tition cette ann\u00e9e avec <strong>un partenariat in\u00e9dit avec le prestigieux Guide Michelin<\/strong>. A la cl\u00e9 ? Une occasion unique pour le ou la futur.e gagnant.e d&rsquo;ouvrir, d\u00e8s le lendemain de sa victoire, <strong>son propre restaurant \u00e9ph\u00e9m\u00e8re<\/strong>, avec d\u00e9j\u00e0 <strong>une \u00e9toile au compteur<\/strong> !\u00a0<\/p>\n<p>Parmi les candidats, <a href=\"https:\/\/www.radioespace.com\/news\/locales\/221606\/surprise-un-jeune-chef-lyonnais-integre-le-casting-de-la-prochaine-saison-de-top-chef\" target=\"_blank\" rel=\"noopener nofollow\">on vous avait parl\u00e9 du chef\u00a0<strong>Steven Thiebaut-Pellegrino<\/strong><\/a>, propri\u00e9taire du <strong>restaurant Leptine<\/strong>\u00a0&#8211; dont l&rsquo;ancien nom \u00e9tait\u00a0<strong>Morfal<\/strong> &#8211; bistrot gourmand\u00a0 install\u00e9 dans les pentes de la Croix-Rousse. Mais un autre candidat a tir\u00e9 son \u00e9pingle du jeu :<strong> le grand gagnant Quentin Mauro<\/strong>. A 25 ans, le jeune chef savoyard s&rsquo;est illustr\u00e9 d&rsquo;\u00e9preuves en \u00e9preuves, sous les yeux admiratifs de son chef de brigade<strong> Glenn Vie<\/strong>l. Et apr\u00e8s un face \u00e0 face acharn\u00e9 avec son adversaire,\u00a0<strong>Charlie Anne<\/strong>, le le jeune homme a remport\u00e9 la victoire gr\u00e2ce \u00e0 <strong>son menu unique entr\u00e9e plat dessert <\/strong>o\u00f9 il rendait hommage \u00e0 ses terres d&rsquo;origine, <strong>la Savoie<\/strong>.\u00a0<\/p>\n<p>Si le jeune chef a remport\u00e9 la victoire, emportant au passage un joli petit ch\u00e8que d&rsquo;une valeur de 52 650 euros, ce dernier n&rsquo;a malheureusement pas remport\u00e9 l&rsquo;\u00e9toile au guide Michelin, la faute \u00e0 un manque de r\u00e9gularit\u00e9 dans le concours. Mais Quentin Mauro est jeune, et <strong>a la vie devant lui pour d\u00e9crocher le St Graal<\/strong>, notamment avec <strong>l&rsquo;ouverture de son restaurant gastronomique \u00e9ph\u00e9m\u00e8re<\/strong>, install\u00e9 dans une p\u00e9niche d&rsquo;Asni\u00e8res-sur-Seine. Il y proposera son menu de finale pour 95\u20ac. Autant vous dire qu&rsquo;il est d\u00e9j\u00e0 complet, et ce depuis son ouverture, le 3 juillet dernier !<\/p>\n<p>Et on se doute que son ancien mentor, <strong>Ga\u00ebtan Gentil<\/strong>, a du regarder le parcours du jeune homme avec int\u00e9r\u00eat. Car oui, si Quentin Mauro est n\u00e9 \u00e0 Annecy, c&rsquo;est <strong>\u00e0 Lyon qu&rsquo;il a fait ses armes<\/strong>, en passant par les plus grandes tables de la Capitale des Gaules. Il est d&rsquo;abord pass\u00e9 par <strong>l&rsquo;Intercontinental<\/strong>, puis par le restaurant le <a href=\"https:\/\/www.radioespace.com\/news\/locales\/221343\/le-miraflores-le-restaurant-du-6eme-arrondissement-qui-ose-vous-faire-manger-des-insectes\" target=\"_blank\" rel=\"noopener nofollow\"><strong>Miraflor\u00e8s, table \u00e9toil\u00e9e du 6\u00e8me arrondissement qui ose les insectes<\/strong><\/a>, avant de poser ses valises au <strong>Prairial<\/strong>, table \u00e9toil\u00e9e de <strong>Ga\u00ebatan Gentil<\/strong>, o\u00f9 il a \u00e9t\u00e9 sous-chef pendant trois ans. Dans tous les cas, on lui souhaite une belle carri\u00e8re et qui sait, un bon retour \u00e0 Lyon (en tout cas, nous on en a bien envie) !\u00a0<\/p>\n<blockquote class=\"instagram-media\" style=\"background: #FFF; border: 0; border-radius: 3px; box-shadow: 0 0 1px 0 rgba(0,0,0,0.5),0 1px 10px 0 rgba(0,0,0,0.15); margin: 1px; max-width: 540px; min-width: 326px; padding: 0; width: calc(100% - 2px);\" data-instgrm-captioned=\"\" data-instgrm-permalink=\"https:\/\/www.instagram.com\/reel\/DLnvcjQs7ne\/?utm_source=ig_embed&amp;utm_campaign=loading\" data-instgrm-version=\"14\"><p>&#13;<br \/>\n&#13;\n<\/p><\/blockquote>\n<p>\t\t\t\t\t\t\t\t\t\t\t\t\t\t\t\t\t\t\t<script async src=\"\/\/www.instagram.com\/embed.js\"><\/script><\/p>\n","protected":false},"excerpt":{"rendered":"Fort de sa finale, le jeune homme se lance d\u00e9j\u00e0 dans une nouvelle aventure culinaire ! C&rsquo;est le&hellip;\n","protected":false},"author":2,"featured_media":225486,"comment_status":"","ping_status":"","sticky":false,"template":"","format":"standard","meta":{"footnotes":""},"categories":[1889],"tags":[1111,11,2430,650,7734,2889,2263,386,1777,674,1011,27,6417,1114,4662,2428,12,3725,1825,10688,25,2429],"class_list":{"0":"post-225485","1":"post","2":"type-post","3":"status-publish","4":"format-standard","5":"has-post-thumbnail","7":"category-lyon","8":"tag-actu","9":"tag-actualites","10":"tag-auvergne-rhone-alpes","11":"tag-cinema","12":"tag-ecoute","13":"tag-emission","14":"tag-equipe","15":"tag-espace","16":"tag-eu","17":"tag-europe","18":"tag-fr","19":"tag-france","20":"tag-information","21":"tag-infos","22":"tag-journal","23":"tag-lyon","24":"tag-news","25":"tag-podcast","26":"tag-radio","27":"tag-radioespace","28":"tag-republique-francaise","29":"tag-rhone"},"share_on_mastodon":{"url":"https:\/\/pubeurope.com\/@fr\/114794661597808487","error":""},"_links":{"self":[{"href":"https:\/\/www.europesays.com\/fr\/wp-json\/wp\/v2\/posts\/225485","targetHints":{"allow":["GET"]}}],"collection":[{"href":"https:\/\/www.europesays.com\/fr\/wp-json\/wp\/v2\/posts"}],"about":[{"href":"https:\/\/www.europesays.com\/fr\/wp-json\/wp\/v2\/types\/post"}],"author":[{"embeddable":true,"href":"https:\/\/www.europesays.com\/fr\/wp-json\/wp\/v2\/users\/2"}],"replies":[{"embeddable":true,"href":"https:\/\/www.europesays.com\/fr\/wp-json\/wp\/v2\/comments?post=225485"}],"version-history":[{"count":0,"href":"https:\/\/www.europesays.com\/fr\/wp-json\/wp\/v2\/posts\/225485\/revisions"}],"wp:featuredmedia":[{"embeddable":true,"href":"https:\/\/www.europesays.com\/fr\/wp-json\/wp\/v2\/media\/225486"}],"wp:attachment":[{"href":"https:\/\/www.europesays.com\/fr\/wp-json\/wp\/v2\/media?parent=225485"}],"wp:term":[{"taxonomy":"category","embeddable":true,"href":"https:\/\/www.europesays.com\/fr\/wp-json\/wp\/v2\/categories?post=225485"},{"taxonomy":"post_tag","embeddable":true,"href":"https:\/\/www.europesays.com\/fr\/wp-json\/wp\/v2\/tags?post=225485"}],"curies":[{"name":"wp","href":"https:\/\/api.w.org\/{rel}","templated":true}]}}