{"id":225498,"date":"2025-07-04T11:17:10","date_gmt":"2025-07-04T11:17:10","guid":{"rendered":"https:\/\/www.europesays.com\/fr\/225498\/"},"modified":"2025-07-04T11:17:10","modified_gmt":"2025-07-04T11:17:10","slug":"nous-avons-voulu-investir-de-nouveaux-lieux-pour-le-festival-paris-lete","status":"publish","type":"post","link":"https:\/\/www.europesays.com\/fr\/225498\/","title":{"rendered":"\u00ab\u00a0Nous avons voulu investir de nouveaux lieux pour le festival Paris l\u2019\u00e9t\u00e9\u00a0\u00bb"},"content":{"rendered":"<p><strong>ENTRETIEN &#8211;<\/strong> Marie Lenoir et Thomas Quillardet sont les nouveaux directeurs de la manifestation. Ils signent leur premi\u00e8re programmation.<\/p>\n<p class=\"fig-paragraph\">Elle \u00e9tait directrice de production, travaillant, entre autres dans les \u00e9quipes de Paris l\u2019\u00e9t\u00e9 aupr\u00e8s de<a href=\"https:\/\/www.lefigaro.fr\/theatre\/laurence-de-magalhaes-et-stephane-ricordel-au-rond-point-nous-voulons-des-spectacles-federateurs-20230105\" data-fig-type=\"Article\" data-gtm-custom-categorie=\"navigation\" data-gtm-custom-action=\"crossclick\" data-gtm-custom-label=\"Contextuel\" data-gtm-event=\"customEventSPE\" data-fig-domain=\"LEFIGARO\" rel=\"nofollow noopener\" target=\"_blank\">\u00a0Laurence Magalhaes et St\u00e9phane Ricordel<\/a>, qui ont pass\u00e9 la main en prenant la direction du Th\u00e9\u00e2tre du Rond-Point. Lui, a une exp\u00e9rience de metteur en sc\u00e8ne. Ensemble, ils prennent la direction g\u00e9n\u00e9rale et artistique de Paris l\u2019\u00e9t\u00e9.<\/p>\n<p class=\"fig-paragraph\"><strong>LE FIGARO. &#8211; Qu\u2019est-ce que vous avez voulu faire \u00e9voluer dans ce festival cr\u00e9\u00e9 en 1990\u00a0? <\/strong><\/p>\n<p class=\"fig-paragraph\"><strong>MARIE LENOIR. &#8211;<\/strong> Le festival reste \u00e0 destination des gens qui ne partent pas en vacances l\u2019\u00e9t\u00e9 et ont envie de profiter de Paris. Nous aimerions qu\u2019il gagne en longueur au-del\u00e0 du 5\u00a0ao\u00fbt. L\u2019id\u00e9e est de prendre le relais du monde culturel quand il y a moins de spectacles \u00e0 Paris. On a revu les lieux. Le Lyc\u00e9e Jacques-Decour o\u00f9 se passaient maints spectacles est en travaux. En outre, cet endroit tr\u00e8s beau avait l\u2019inconv\u00e9nient d\u2019\u00eatre aussi tr\u00e8s ferm\u00e9. De tous les lieux o\u00f9 se tenaient les spectacles de Paris l\u2019\u00e9t\u00e9, nous n\u2019avons gard\u00e9 que la Monnaie de Paris. Tous les autres\u2026<\/p>\n<p class=\"fig-premium-paywall__infos\">\n        Cet article est r\u00e9serv\u00e9 aux abonn\u00e9s.        Il vous reste 75% \u00e0 d\u00e9couvrir.\n    <\/p>\n<p>                <img  data- alt=\"Le Figaro\" class=\"fig-img--complete fig-img\"\/><\/p>\n<p class=\"fig-premium-paywall__title\">Vous avez envie de lire la suite ?<\/p>\n<p class=\"fig-premium-paywall__subtitle\">D\u00e9bloquez tous les articles imm\u00e9diatement.<\/p>\n<p class=\"fig-premium-paywall__connect\">\n                D\u00e9j\u00e0 abonn\u00e9\u00a0?                <a class=\"fig-premium-paywall__connect-link\" href=\"https:\/\/connect.lefigaro.fr\/login?client=horizon_web&amp;type=main&amp;redirect_uri=https%3A%2F%2Fwww.lefigaro.fr%2Fculture%2Fnous-avons-voulu-investir-de-nouveaux-lieux-pour-le-festival-paris-l-ete-20250704\" data-js-gtm=\"{&quot;customCategorie&quot;: &quot;conversion&quot;, &quot;customAction&quot;: &quot;before_Landing_Connexion_paywall_auto&quot;, &quot;customLabel&quot;: &quot;bGVmaWdhcm8uZnJfXzFmMDUxYzAxLTJkYzctNmViNi05ZmQzLTdkNmYxMmJlODBkN19fQXJ0aWNsZQ==_\u00ab\u00a0Nous avons voulu investir de nouveaux lieux pour le festival Paris l\u2019\u00e9t\u00e9\u00a0\u00bb_572&quot;, &quot;customIDSPE&quot;: &quot;bGVmaWdhcm8uZnJfXzFmMDUxYzAxLTJkYzctNmViNi05ZmQzLTdkNmYxMmJlODBkN19fQXJ0aWNsZQ==&quot;, &quot;event&quot;: &quot;customEventSPE&quot;}\" rel=\"nofollow noopener\" target=\"_blank\"><br \/>\n                    Connectez-vous<br \/>\n                <\/a>\n            <\/p>\n","protected":false},"excerpt":{"rendered":"ENTRETIEN &#8211; Marie Lenoir et Thomas Quillardet sont les nouveaux directeurs de la manifestation. Ils signent leur premi\u00e8re&hellip;\n","protected":false},"author":2,"featured_media":225499,"comment_status":"","ping_status":"","sticky":false,"template":"","format":"standard","meta":{"footnotes":""},"categories":[1888],"tags":[11,1777,674,849,1011,27,12,626,25],"class_list":{"0":"post-225498","1":"post","2":"type-post","3":"status-publish","4":"format-standard","5":"has-post-thumbnail","7":"category-paris","8":"tag-actualites","9":"tag-eu","10":"tag-europe","11":"tag-festival","12":"tag-fr","13":"tag-france","14":"tag-news","15":"tag-paris","16":"tag-republique-francaise"},"share_on_mastodon":{"url":"https:\/\/pubeurope.com\/@fr\/114794688956191059","error":""},"_links":{"self":[{"href":"https:\/\/www.europesays.com\/fr\/wp-json\/wp\/v2\/posts\/225498","targetHints":{"allow":["GET"]}}],"collection":[{"href":"https:\/\/www.europesays.com\/fr\/wp-json\/wp\/v2\/posts"}],"about":[{"href":"https:\/\/www.europesays.com\/fr\/wp-json\/wp\/v2\/types\/post"}],"author":[{"embeddable":true,"href":"https:\/\/www.europesays.com\/fr\/wp-json\/wp\/v2\/users\/2"}],"replies":[{"embeddable":true,"href":"https:\/\/www.europesays.com\/fr\/wp-json\/wp\/v2\/comments?post=225498"}],"version-history":[{"count":0,"href":"https:\/\/www.europesays.com\/fr\/wp-json\/wp\/v2\/posts\/225498\/revisions"}],"wp:featuredmedia":[{"embeddable":true,"href":"https:\/\/www.europesays.com\/fr\/wp-json\/wp\/v2\/media\/225499"}],"wp:attachment":[{"href":"https:\/\/www.europesays.com\/fr\/wp-json\/wp\/v2\/media?parent=225498"}],"wp:term":[{"taxonomy":"category","embeddable":true,"href":"https:\/\/www.europesays.com\/fr\/wp-json\/wp\/v2\/categories?post=225498"},{"taxonomy":"post_tag","embeddable":true,"href":"https:\/\/www.europesays.com\/fr\/wp-json\/wp\/v2\/tags?post=225498"}],"curies":[{"name":"wp","href":"https:\/\/api.w.org\/{rel}","templated":true}]}}