{"id":225508,"date":"2025-07-04T11:22:11","date_gmt":"2025-07-04T11:22:11","guid":{"rendered":"https:\/\/www.europesays.com\/fr\/225508\/"},"modified":"2025-07-04T11:22:11","modified_gmt":"2025-07-04T11:22:11","slug":"lallemagne-envisage-un-service-militaire-volontaire-de-six-mois-sources-04-07-2025-a-1223","status":"publish","type":"post","link":"https:\/\/www.europesays.com\/fr\/225508\/","title":{"rendered":"L&rsquo;Allemagne envisage un service militaire volontaire de six mois-sources &#8211; 04\/07\/2025 \u00e0 12:23"},"content":{"rendered":"<p>\n par Markus Wacket\n<\/p>\n<p>\n L&rsquo;Allemagne envisage<br \/>\nd&rsquo;introduire un service militaire volontaire de six mois, ont<br \/>\nd\u00e9clar\u00e9 vendredi des sources au fait du projet, alors que Berlin<br \/>\ntente de renforcer ses capacit\u00e9s militaires en raison des<br \/>\npr\u00e9occupations s\u00e9curitaires li\u00e9es \u00e0 la Russie.\n<\/p>\n<p>\n Selon les sources, dans le cadre d&rsquo;un tel programme, les<br \/>\nvolontaires seraient form\u00e9s \u00e0 des t\u00e2ches simples, mais un<br \/>\nprogramme de recrutement militaire pourrait \u00eatre consid\u00e9r\u00e9 si le<br \/>\ntaux de participation est jug\u00e9 trop faible.\n<\/p>\n<p>\n Europe et membres de l&rsquo;Otan sont sous la pression du<br \/>\npr\u00e9sident am\u00e9ricain Donald Trump pour investir davantage dans<br \/>\nleur propre s\u00e9curit\u00e9.\n<\/p>\n<p>\n Le ministre allemand de la D\u00e9fense, Boris Pistorius,<br \/>\nsouhaite notamment augmenter le nombre de soldats d&rsquo;active de<br \/>\n180.000 \u00e0 260.000.\n<\/p>\n<p>\n Berlin esp\u00e8re qu&rsquo;un programme volontaire de six mois<br \/>\npermettra de doubler le nombre de r\u00e9servistes form\u00e9s par rapport<br \/>\nau niveau actuel d&rsquo;environ 100.000, et que certains poursuivront<br \/>\nune carri\u00e8re dans le service actif, ont d\u00e9clar\u00e9 les sources.\n<\/p>\n<p>\n Contact\u00e9 par Reuters, le minist\u00e8re de la D\u00e9fense s&rsquo;est<br \/>\nrefus\u00e9 \u00e0 tout commentaire.\n<\/p>\n<p>\n Les participants au projet auront la possibilit\u00e9 d&rsquo;\u00e9tendre<br \/>\nleur formation \u00e0 la s\u00e9curit\u00e9 int\u00e9rieure afin d&rsquo;obtenir un permis<br \/>\npoids lourd ou de s&rsquo;entra\u00eener \u00e0 piloter des chars d&rsquo;assaut, ont<br \/>\nindiqu\u00e9 les sources.\n<\/p>\n<p>\n Selon les sources, Boris Pistorius souhaite qu&rsquo;une loi en ce<br \/>\nsens soit adopt\u00e9e d&rsquo;ici la fin du mois prochain, avec de<br \/>\npremi\u00e8res recrues en formation \u00e0 partir de mai 2026.\n<\/p>\n<p>\n Des questions subsistent sur le projet, notamment quant aux<br \/>\npersonnes qui seraient enr\u00f4l\u00e9es pour le service obligatoire si<br \/>\nle gouvernement n&rsquo;atteignait pas ses objectifs de recrutement.<br \/>\nCet \u00e9l\u00e9ment du plan est controvers\u00e9 au sein du Parti<br \/>\nsocial-d\u00e9mocrate, dont fait partie Boris Pistorius.\n<\/p>\n<p>\n L&rsquo;Allemagne a mis fin au service militaire obligatoire en<br \/>\n2011.\n<\/p>\n<p>\n (Reportage Rachel More et Markus Wacket, version fran\u00e7aise<br \/>\nEtienne Breban, \u00e9dit\u00e9 par Sophie Louet)<\/p>\n","protected":false},"excerpt":{"rendered":"par Markus Wacket L&rsquo;Allemagne envisage d&rsquo;introduire un service militaire volontaire de six mois, ont d\u00e9clar\u00e9 vendredi des sources&hellip;\n","protected":false},"author":2,"featured_media":2486,"comment_status":"","ping_status":"","sticky":false,"template":"","format":"standard","meta":{"footnotes":""},"categories":[1587],"tags":[400,11,672,398,408,1804,405,1805,1803,1777,674,1801,403,402,399,404,12,1802,401,406,407],"class_list":{"0":"post-225508","1":"post","2":"type-post","3":"status-publish","4":"format-standard","5":"has-post-thumbnail","7":"category-allemagne","8":"tag-action-cac-40","9":"tag-actualites","10":"tag-allemagne","11":"tag-bourse-de-paris","12":"tag-boursorama","13":"tag-bundesrepublik-deutschland","14":"tag-cotations","15":"tag-de","16":"tag-deutschland","17":"tag-eu","18":"tag-europe","19":"tag-germany","20":"tag-indices-devises","21":"tag-investir","22":"tag-investissement","23":"tag-marche-boursier","24":"tag-news","25":"tag-republique-federale-dallemagne","26":"tag-sicav","27":"tag-trackers","28":"tag-warrants"},"share_on_mastodon":{"url":"https:\/\/pubeurope.com\/@fr\/114794708730323325","error":""},"_links":{"self":[{"href":"https:\/\/www.europesays.com\/fr\/wp-json\/wp\/v2\/posts\/225508","targetHints":{"allow":["GET"]}}],"collection":[{"href":"https:\/\/www.europesays.com\/fr\/wp-json\/wp\/v2\/posts"}],"about":[{"href":"https:\/\/www.europesays.com\/fr\/wp-json\/wp\/v2\/types\/post"}],"author":[{"embeddable":true,"href":"https:\/\/www.europesays.com\/fr\/wp-json\/wp\/v2\/users\/2"}],"replies":[{"embeddable":true,"href":"https:\/\/www.europesays.com\/fr\/wp-json\/wp\/v2\/comments?post=225508"}],"version-history":[{"count":0,"href":"https:\/\/www.europesays.com\/fr\/wp-json\/wp\/v2\/posts\/225508\/revisions"}],"wp:featuredmedia":[{"embeddable":true,"href":"https:\/\/www.europesays.com\/fr\/wp-json\/wp\/v2\/media\/2486"}],"wp:attachment":[{"href":"https:\/\/www.europesays.com\/fr\/wp-json\/wp\/v2\/media?parent=225508"}],"wp:term":[{"taxonomy":"category","embeddable":true,"href":"https:\/\/www.europesays.com\/fr\/wp-json\/wp\/v2\/categories?post=225508"},{"taxonomy":"post_tag","embeddable":true,"href":"https:\/\/www.europesays.com\/fr\/wp-json\/wp\/v2\/tags?post=225508"}],"curies":[{"name":"wp","href":"https:\/\/api.w.org\/{rel}","templated":true}]}}