{"id":225509,"date":"2025-07-04T11:23:19","date_gmt":"2025-07-04T11:23:19","guid":{"rendered":"https:\/\/www.europesays.com\/fr\/225509\/"},"modified":"2025-07-04T11:23:19","modified_gmt":"2025-07-04T11:23:19","slug":"la-productivite-la-cle-pour-resoudre-les-problemes-en-europe","status":"publish","type":"post","link":"https:\/\/www.europesays.com\/fr\/225509\/","title":{"rendered":"la productivit\u00e9, la \u00ab cl\u00e9 \u00bb pour r\u00e9soudre les probl\u00e8mes en Europe"},"content":{"rendered":"<p>\u00ab\u00a0Le verdict est absolument impitoyable. Il y a un d\u00e9crochage de la productivit\u00e9 en Europe par rapport aux \u00c9tats-Unis qui est persistant depuis le milieu des ann\u00e9es 1990 (&#8230;) Et on a l&rsquo;impression que \u00e7a se d\u00e9grade.\u00a0\u00bb Invit\u00e9 \u00e0 la table ronde \u00ab\u00a0Capital, travail, et progr\u00e8s\u00a0: pourquoi la productivit\u00e9 ralentit\u00a0?\u00a0\u00bb des Rencontres d&rsquo;Aix, le chef \u00e9conomiste du Fonds mon\u00e9taire international (FMI), Pierre-Olivier Gourinchas, n&rsquo;a pas m\u00e2ch\u00e9 ses mots sur la situation \u00e9conomique europ\u00e9enne. Et d&rsquo;ajouter\u00a0: \u00ab C&rsquo;est vraiment la question qui devrait attirer l&rsquo;attention des d\u00e9cideurs et des hommes politiques en Europe. Qu&rsquo;est-ce qu&rsquo;on fait pour vraiment remettre la machine en route\u00a0? \u00bb<\/p>\n<p>Car la panne de la productivit\u00e9 n&rsquo;est pas indolore. \u00ab\u00a0Cela co\u00fbte deux points de croissance \u00e0 l&rsquo;Europe par rapport aux \u00c9tats-Unis chaque ann\u00e9e\u00a0\u00bb, rappelle Patrick Artus, membre du Cercle des \u00e9conomistes. Concr\u00e8tement, \u00ab\u00a0le PIB a augment\u00e9 de 0,7 % dans la zone euro et de 0,9 % dans l&rsquo;UE\u00a0\u00bb en 2024, selon <a href=\"https:\/\/ec.europa.eu\/eurostat\/fr\/web\/products-euro-indicators\/w\/2-14022025-ap\" target=\"_blank\" rel=\"noopener\">Eurostat<\/a>. Tandis que \u00ab\u00a0l&rsquo;\u00e9conomie am\u00e9ricaine a maintenu son dynamisme tout au long de l&rsquo;ann\u00e9e 2024, ce qui s&rsquo;est traduit par une augmentation du PIB de 2,8 % apr\u00e8s 2,9 % en 2023\u00a0\u00bb, rappelle <a href=\"https:\/\/www.ofce.sciences-po.fr\/prev\/prev2503\/fiches\/usa.html#:~:text=L&#039;%C3%A9conomie%20am%C3%A9ricaine%20a%20maintenu,2%2C9%20%25%20en%202023.\" target=\"_blank\" rel=\"noopener\">l&rsquo;<\/a><a href=\"https:\/\/www.ofce.sciences-po.fr\/prev\/prev2503\/fiches\/usa.html#:~:text=L&#039;%C3%A9conomie%20am%C3%A9ricaine%20a%20maintenu,2%2C9%20%25%20en%202023.\" target=\"_blank\" rel=\"noopener\">Observatoire fran\u00e7ais des conjonctures \u00e9conomiques<\/a> (OFCE).<\/p>\n","protected":false},"excerpt":{"rendered":"\u00ab\u00a0Le verdict est absolument impitoyable. Il y a un d\u00e9crochage de la productivit\u00e9 en Europe par rapport aux&hellip;\n","protected":false},"author":2,"featured_media":225510,"comment_status":"","ping_status":"","sticky":false,"template":"","format":"standard","meta":{"footnotes":""},"categories":[1586],"tags":[17,11,36433,13636,33,1777,674,1011,27,151,12,471,36432,10270,25,36434],"class_list":{"0":"post-225509","1":"post","2":"type-post","3":"status-publish","4":"format-standard","5":"has-post-thumbnail","7":"category-europe","8":"tag-17","9":"tag-actualites","10":"tag-cle","11":"tag-daix","12":"tag-economie","13":"tag-eu","14":"tag-europe","15":"tag-fr","16":"tag-france","17":"tag-les","18":"tag-news","19":"tag-pour","20":"tag-productivite","21":"tag-rencontres","22":"tag-republique-francaise","23":"tag-resoudre"},"share_on_mastodon":{"url":"https:\/\/pubeurope.com\/@fr\/114794712570914609","error":""},"_links":{"self":[{"href":"https:\/\/www.europesays.com\/fr\/wp-json\/wp\/v2\/posts\/225509","targetHints":{"allow":["GET"]}}],"collection":[{"href":"https:\/\/www.europesays.com\/fr\/wp-json\/wp\/v2\/posts"}],"about":[{"href":"https:\/\/www.europesays.com\/fr\/wp-json\/wp\/v2\/types\/post"}],"author":[{"embeddable":true,"href":"https:\/\/www.europesays.com\/fr\/wp-json\/wp\/v2\/users\/2"}],"replies":[{"embeddable":true,"href":"https:\/\/www.europesays.com\/fr\/wp-json\/wp\/v2\/comments?post=225509"}],"version-history":[{"count":0,"href":"https:\/\/www.europesays.com\/fr\/wp-json\/wp\/v2\/posts\/225509\/revisions"}],"wp:featuredmedia":[{"embeddable":true,"href":"https:\/\/www.europesays.com\/fr\/wp-json\/wp\/v2\/media\/225510"}],"wp:attachment":[{"href":"https:\/\/www.europesays.com\/fr\/wp-json\/wp\/v2\/media?parent=225509"}],"wp:term":[{"taxonomy":"category","embeddable":true,"href":"https:\/\/www.europesays.com\/fr\/wp-json\/wp\/v2\/categories?post=225509"},{"taxonomy":"post_tag","embeddable":true,"href":"https:\/\/www.europesays.com\/fr\/wp-json\/wp\/v2\/tags?post=225509"}],"curies":[{"name":"wp","href":"https:\/\/api.w.org\/{rel}","templated":true}]}}