{"id":225542,"date":"2025-07-04T11:42:54","date_gmt":"2025-07-04T11:42:54","guid":{"rendered":"https:\/\/www.europesays.com\/fr\/225542\/"},"modified":"2025-07-04T11:42:54","modified_gmt":"2025-07-04T11:42:54","slug":"on-peut-vivre-un-cycle-depanouissement-a-60-ans-et-se-sentir-vivante-et-jeune-comme-jamais","status":"publish","type":"post","link":"https:\/\/www.europesays.com\/fr\/225542\/","title":{"rendered":"\u00abOn peut vivre un cycle d\u2019\u00e9panouissement \u00e0 60 ans, et se sentir vivante et jeune comme jamais\u00bb"},"content":{"rendered":"<p><strong>INTERVIEW &#8211;<\/strong> Sa passion pour le cin\u00e9ma, ses filles, l\u2019amour toujours\u2026 La star italienne, ambassadrice Cartier, partage son bonheur avec nous, entre deux tournages.<\/p>\n<p class=\"fig-paragraph\">Lorsqu\u2019elle appara\u00eet sous les lumi\u00e8res tamis\u00e9es du bar de l\u2019H\u00f4tel de l\u2019Abbaye, au c\u0153ur de Saint-Germain-des-Pr\u00e9s, une jeune femme chuchote \u00e0 son voisin\u00a0: \u00abTu as vu\u00a0? C\u2019est Monica\u00a0!\u00bb Ce simple pr\u00e9nom renvoie \u00e0 des centaines d\u2019images de cin\u00e9ma. En trente-cinq ans de carri\u00e8re internationale, l\u2019actrice italienne a compos\u00e9 une ode \u00e0 la femme dans laquelle se conjuguent volupt\u00e9 irr\u00e9sistible, puissance temp\u00e9tueuse et maternit\u00e9 enveloppante. Le charme de Monica transcende les \u00e9coles, les esth\u00e9tiques et les styles. Elle habite aussi bien le cin\u00e9ma italien naturaliste et onirique de Giuseppe Tornatore et d\u2019Alice Rohrwacher que les grosses productions hollywoodiennes (Marie-Madeleine dans la Passion du Christ, James Bond girl dans 007 Spectre, et Pers\u00e9phone dans Matrix), les films d\u2019auteur \u00e0 la fran\u00e7aise (Irr\u00e9versible, de Gaspar No\u00e9) ou le cin\u00e9ma engag\u00e9 d\u2019Emir Kusturica et de Kaouther Ben Hania.<\/p>\n<p class=\"fig-paragraph\">\u00abIl y a chez elle une vivacit\u00e9 d\u2019esprit et un enthousiasme espi\u00e8gle qui lui conf\u00e8rent le privil\u00e8ge d\u2019exister hors de l\u2019\u00e2ge et des \u00e9poques. Monica poss\u00e8de le charme d\u2019une f\u00e9e\u00bb, analyse Terry Gilliam, qui l\u2019a dirig\u00e9e dans Les Fr\u00e8res Grimm. L\u2019ann\u00e9e derni\u00e8re,\u00a0<a href=\"https:\/\/madame.lefigaro.fr\/tag\/monica-bellucci\" target=\"_blank\" rel=\"noopener\" data-gtm-custom-categorie=\"navigation\" data-gtm-custom-action=\"crossclick\" data-gtm-custom-label=\"Contextuel\" data-gtm-event=\"customEventSPE\">Monica Bellucci<\/a>\u00a0foulait le tapis rouge \u00e0 la Mostra de Venise, main dans la main avec Tim Burton pour pr\u00e9senter Beetlejuice Beetlejuice. Depuis leur coup de foudre, en octobre 2022, le cin\u00e9aste et l\u2019actrice poursuivent leur idylle loin des projecteurs et se retrouvent \u00e0 mi-chemin entre Londres, o\u00f9 il habite, et Paris, o\u00f9 Monica Bellucci vit avec les deux filles qu\u2019elle a eues avec Vincent Cassel \u2013\u00a0<a href=\"http:\/\/madame.lefigaro.fr\/celebrites\/actu-people\/a-mon-retour-notre-histoire-d-amour-a-explose-deva-cassel-evoque-son-couple-avec-saul-nanni-20250321\" data-fig-type=\"Article\" data-gtm-custom-categorie=\"navigation\" data-gtm-custom-action=\"crossclick\" data-gtm-custom-label=\"Contextuel\" data-gtm-event=\"customEventSPE\" data-fig-domain=\"MADAME\" target=\"_blank\" rel=\"noopener\">Deva, 20 ans, mannequin et actrice<\/a>, et\u00a0<a href=\"http:\/\/madame.lefigaro.fr\/celebrites\/actu-people\/leonie-cassel-13-ans-l-autre-fille-si-discrete-de-vincent-cassel-et-monica-bellucci-20231128\" data-fig-type=\"Article\" data-gtm-custom-categorie=\"navigation\" data-gtm-custom-action=\"crossclick\" data-gtm-custom-label=\"Contextuel\" data-gtm-event=\"customEventSPE\" data-fig-domain=\"MADAME\" target=\"_blank\" rel=\"noopener\">L\u00e9onie<\/a>, 15 ans. En ce matin d\u2019\u00e9t\u00e9, entre deux tournages, Monica Bellucci se montre rayonnante. Elle commande un cappuccino et parle de cin\u00e9ma et d\u2019amour avec un \u00e9clat dans les yeux.<\/p>\n<p>                                    <a class=\"fig-a11y-skip a11y-hidden\" href=\"#fig-a11y-skip-main-inarticle\"><br \/>\n        Passer la publicit\u00e9<br \/>\n    <\/a><\/p>\n<p class=\"fig-paragraph\"><strong>Madame Figaro<\/strong> <strong>. \u2013 Qu\u2019est-ce qui porte votre passion pour le cin\u00e9ma\u00a0?<\/strong><br \/><strong>Monica Bellucci. <\/strong>\u2013 Le seul pouvoir que poss\u00e8de une artiste r\u00e9side dans sa force de cr\u00e9ation. Le reste \u2013 la reconnaissance, la notori\u00e9t\u00e9, la fa\u00e7on dont elle est per\u00e7ue \u2013 \u00e9chappe \u00e0 son contr\u00f4le. Depuis mes d\u00e9buts, je me laisse porter par mon instinct et par ce qui m\u2019inspire. D\u00e8s mon enfance, dans la province de P\u00e9rouse, j\u2019ai \u00e9t\u00e9 anim\u00e9e par un amour pour l\u2019image qui est inexplicable, car je ne viens pas d\u2019une famille d\u2019artistes. Mon imaginaire avait constamment besoin de s\u2019envoler, je me nourrissais de dessins, de photographie et de films. Quand j\u2019ai commenc\u00e9 ma carri\u00e8re de mannequin, \u00e0 19 ans, en parall\u00e8le \u00e0 mes \u00e9tudes, j\u2019ai eu la chance de travailler avec des photographes dont je connaissais d\u00e9j\u00e0 le travail dans le moindre d\u00e9tail\u00a0: Bruce Weber, Richard Avedon, Helmut Newton et bien d\u2019autres. Et il y avait ces leading ladies du cin\u00e9ma italien qui ont guid\u00e9 mes pas\u00a0: Giulietta Masina, Anna Magnani, Monica Vitti,\u00a0<a href=\"https:\/\/madame.lefigaro.fr\/tag\/sophia-loren\" target=\"_blank\" rel=\"noopener\" data-gtm-custom-categorie=\"navigation\" data-gtm-custom-action=\"crossclick\" data-gtm-custom-label=\"Contextuel\" data-gtm-event=\"customEventSPE\">Sophia Loren<\/a>\u00a0et toutes les actrices qui ont fa\u00e7onn\u00e9 mon vocabulaire cin\u00e9matographique. Ma soif de faire du cin\u00e9ma est n\u00e9e gr\u00e2ce \u00e0 elles. Juste apr\u00e8s, j\u2019ai d\u00e9couvert le cin\u00e9ma fran\u00e7ais, puis le cin\u00e9ma am\u00e9ricain. Les films changent notre fa\u00e7on de regarder le monde.<\/p>\n<p class=\"fig-paragraph\"><strong>Vous allez tourner avec L\u00e9a Mysius, r\u00e9alisatrice fran\u00e7aise. Que va raconter <\/strong><strong>Histoires de la nuit\u00a0?<\/strong> <br \/>C\u2019est un thriller, adapt\u00e9 du roman de Laurent Mauvignier. J\u2019ai beaucoup d\u2019admiration et de respect pour L\u00e9a Mysius\u00a0: c\u2019est une r\u00e9alisatrice de grand talent. Avant cela, je termine le tournage, \u00e0 Riyad, en Arabie saoudite, d\u2019un autre thriller d\u2019action, 7 Dogs, sur fond de trafic de drogue, dans lequel je joue une cheffe de la mafia.<\/p>\n<p>    <a href=\"https:\/\/photo-madame.lefigaro.fr\/style\/monica-bellucci-la-felicita-20250703\" target=\"_blank\" rel=\"noopener\"><\/p>\n<p class=\"fig-slideshow__title\">\n                    Monica Bellucci, la felicit\u00e0\n                <\/p>\n<p>                            <img decoding=\"async\" src=\"https:\/\/www.europesays.com\/fr\/wp-content\/uploads\/2025\/07\/c7d4ef3d0cfca323676bd2b24a69a525f65bf4a0ae34246fbdfada98f0c09d3a.jpg\" class=\"fig-slideshow__hidden\" alt=\"\"\/><br \/>\n                    <img decoding=\"async\" src=\"https:\/\/www.europesays.com\/fr\/wp-content\/uploads\/2025\/07\/ca4df3b0d0270004a1ef0c1cae517533e0cf377beff99a8019e304ea89595e23.jpg\" class=\"fig-slideshow__hidden\" alt=\"\"\/><\/p>\n<p>    <\/a><\/p>\n<p class=\"fig-paragraph\"><strong>Vous travaillez aussi bien avec des r\u00e9alisateurs reconnus qu\u2019avec de nouveaux talents, comme l\u2019italien Giovanni Tortorici\u2026 Pourquoi est-ce important d\u2019\u00eatre aux c\u00f4t\u00e9s de cette jeune cr\u00e9ation\u00a0?<\/strong><br \/>C\u2019est vital. Apr\u00e8s toutes ces ann\u00e9es, ma passion pour le cin\u00e9ma reste intacte. Je suis constamment \u00e0 la recherche de projets qui me stimulent et renouvellent ma fa\u00e7on d\u2019envisager mon m\u00e9tier. Je ne veux pas tomber dans ce pi\u00e8ge terrible, dans lequel on peut glisser \u00e0 partir de 40 ans, qui consiste \u00e0 croire que tout \u00e9tait mieux avant. C\u2019est le d\u00e9but de la fin quand on commence \u00e0 suivre cette logique obtuse. L\u2019\u00e9change extraordinaire que je noue avec les jeunes me permet d\u2019entrer dans de nouvelles logiques et, en contrepartie, de leur apporter mon exp\u00e9rience. Gr\u00e2ce \u00e0 la culture num\u00e9rique et \u00e0 la d\u00e9mocratisation du savoir, les jeunes r\u00e9alisateurs avec lesquels j\u2019ai travaill\u00e9 r\u00e9cemment vont \u00e0 une vitesse incroyable. Ils poss\u00e8dent une pens\u00e9e arborescente et tissent des ponts entre chaque chose. Je me sens parfois d\u00e9pass\u00e9e, ce qui est positif\u00a0: cela signifie sortir de sa zone de confort, apprendre et rester vivante. Je tourne en juillet avec Giovanni Tortorici, jeune cin\u00e9aste qui a d\u00e9j\u00e0 r\u00e9alis\u00e9 Diciannove, pr\u00e9sent\u00e9 \u00e0 Venise l\u2019an dernier. Son nouveau film se d\u00e9roule \u00e0 Palerme et s\u2019int\u00e9resse \u00e0 l\u2019<a href=\"https:\/\/madame.lefigaro.fr\/tag\/adolescence\" target=\"_blank\" rel=\"noopener\" data-gtm-custom-categorie=\"navigation\" data-gtm-custom-action=\"crossclick\" data-gtm-custom-label=\"Contextuel\" data-gtm-event=\"customEventSPE\">adolescence<\/a>.<\/p>\n<blockquote class=\"fig-quote&#10;    \">\n<p class=\"fig-quote__text\">Quand on joue, on entre dans une sorte d\u2019\u00e9tat d\u2019hypnose\u00a0: durant une prise, en tournage, on oublie tout, on ne ressent m\u00eame plus le froid<\/p>\n<p>            Monica Bellucci\n    <\/p><\/blockquote>\n<p class=\"fig-paragraph\"><strong>Comment vivez-vous la dualit\u00e9 entre l\u2019image de l\u2019ic\u00f4ne de cin\u00e9ma et la r\u00e9alit\u00e9 de la femme\u00a0?<\/strong><br \/>Je ne me consid\u00e8re pas comme une ic\u00f4ne, mais comme une com\u00e9dienne. Le m\u00e9tier d\u2019actrice impose, par moments, de prendre une distance par rapport \u00e0 l\u2019image. Quand on joue, on entre dans une sorte d\u2019\u00e9tat d\u2019hypnose\u00a0: durant une prise, en tournage, on oublie tout, on ne ressent m\u00eame plus le froid, parce qu\u2019on est enti\u00e8rement projet\u00e9 dans la fiction du personnage et d\u2019une image de soi. Elle est r\u00e9elle, car pour incarner un r\u00f4le ou faire un shooting, on injecte des \u00e9l\u00e9ments de notre personnalit\u00e9. Mais cela ne repr\u00e9sente que des fragments d\u2019une identit\u00e9. L\u2019acteur est un explorateur de la nature humaine, qu\u2019il tente de sonder de fa\u00e7on plus empathique que cart\u00e9sienne. C\u2019est un m\u00e9tier qui sert \u00e0 comprendre l\u2019autre, et \u00e0 entrer en connexion profonde avec soi-m\u00eame. Jouer n\u2019est pas une fuite du r\u00e9el, mais une fa\u00e7on de mieux le comprendre.<\/p>\n<p class=\"fig-paragraph\"><strong>Qu\u2019avez-vous appris de vos deux filles, Deva et L\u00e9onie\u00a0?<\/strong><br \/>Elles m\u2019ont fait grandir et comprendre ce que signifie aimer de fa\u00e7on inconditionnelle. C\u2019est un don de soi total qui dure toute la vie. Je suis heureuse quand mes filles sont heureuses, quand je les vois \u00e9panouies. La maternit\u00e9 m\u2019a mise en contact avec ma nature plus profonde. D\u2019un c\u00f4t\u00e9, elle m\u2019a fait prendre conscience de ma force, parce que j\u2019ai d\u00e9couvert en moi une source d\u2019amour in\u00e9puisable et la capacit\u00e9 de d\u00e9placer des montagnes. De l\u2019autre, elle m\u2019a rendue beaucoup plus fragile, parce que, bien que ce soit par choix, nous devenons les esclaves de cet amour. Il n\u2019y a pas de vie sans nos enfants\u2026 Avant d\u2019\u00eatre m\u00e8re, on est libre, on vole, rien ne peut nous arr\u00eater. Ensuite, on r\u00e9fl\u00e9chit plus, on devient responsable, mais aussi vuln\u00e9rable et, dans mon cas, encore plus hypersensible.<\/p>\n<p>    Monica Bellucci porte un blouson en cuir velours, costume en laine, chemise en coton et cravate en soie, Saint Laurent par Anthony Vaccarello. \u00c0 gauche, bague Bullio, en or gris, rubellites, \u00e9meraudes, onyx et diamants\u200a; \u00e0 droite, bague Aktis, en platine, saphir et diamants, collection Haute Joaillerie En \u00e9quilibre, Cartier.<br \/>\n                Rocio Ramos<\/p>\n<p>                                    <a class=\"fig-a11y-skip a11y-hidden\" href=\"#fig-a11y-skip-main-inarticle_mtf\"><br \/>\n        Passer la publicit\u00e9<br \/>\n    <\/a><\/p>\n<p class=\"fig-paragraph\"><strong>Deva et L\u00e9onie sont-elles tr\u00e8s diff\u00e9rentes\u00a0?<\/strong><br \/>Plut\u00f4t, mais avec des notes communes. Je les d\u00e9couvre tous les jours, et elles me fascinent, car j\u2019aime profond\u00e9ment l\u2019univers f\u00e9minin. L\u00e9onie a certainement un temp\u00e9rament tr\u00e8s artistique, mais\u00a0<a href=\"http:\/\/madame.lefigaro.fr\/celebrites\/actu-people\/monica-bellucci-devoile-une-rare-photo-de-sa-fille-leonie-15-ans-pour-la-fete-des-meres-20250525\" data-fig-type=\"Article\" data-gtm-custom-categorie=\"navigation\" data-gtm-custom-action=\"crossclick\" data-gtm-custom-label=\"Contextuel\" data-gtm-event=\"customEventSPE\" data-fig-domain=\"MADAME\" target=\"_blank\" rel=\"noopener\">elle est encore tr\u00e8s jeune, elle n\u2019a que 15 ans<\/a>. Il faut qu\u2019elle prenne le temps n\u00e9cessaire pour grandir et comprendre ce qu\u2019elle aime vraiment. Deva a choisi son chemin, elle est devenue \u00ab\u200apublique\u00a0\u00bb \u00e0 seulement 16 ans en travaillant comme mannequin, puis dans le cin\u00e9ma. Ensemble, nous avons longuement \u00e9chang\u00e9 sur les risques du m\u00e9tier d\u2019actrice, ainsi que sur la question vie priv\u00e9e versus vie publique.<\/p>\n<p class=\"fig-paragraph\"><strong>Les r\u00e8gles qui r\u00e9gissent la c\u00e9l\u00e9brit\u00e9 ont-elles chang\u00e9, et si oui, de quelle mani\u00e8re\u00a0?<\/strong><br \/>Totalement. Aujourd\u2019hui, avec les r\u00e9seaux sociaux, l\u2019acc\u00e8s \u00e0 la c\u00e9l\u00e9brit\u00e9 s\u2019est d\u00e9mocratis\u00e9. C\u2019est fini l\u2019\u00e9poque o\u00f9 les m\u00e9dias faisaient exploser la notori\u00e9t\u00e9 d\u2019un artiste en cr\u00e9ant une dimension de r\u00eave qui donnait la sensation au public d\u2019admirer de loin une cr\u00e9ature hiss\u00e9e sur un pi\u00e9destal. Aujourd\u2019hui, la renomm\u00e9e d\u2019une star d\u00e9pend de la r\u00e9action en direct du public qui peut interagir avec elle. Il y a quelque chose de positif\u00a0: cela relativise le statut de la star. Dans cette forme de proximit\u00e9, les gens comprennent la dimension humaine d\u2019un artiste, ses failles, sa vuln\u00e9rabilit\u00e9, ses limites. Mais il faut y \u00eatre pr\u00e9par\u00e9, car les r\u00e9seaux sociaux peuvent aussi \u00eatre violents. Il faut \u00e9viter de m\u00ealer la sph\u00e8re professionnelle \u00e0 celle de l\u2019intime.<\/p>\n<blockquote class=\"fig-quote&#10;    \">\n<p class=\"fig-quote__text\">On a inculqu\u00e9 aux hommes qu\u2019ils doivent \u00eatre forts et dissimuler leur sensibilit\u00e9. Ils sont, tout autant que les femmes, encha\u00een\u00e9s \u00e0 des st\u00e9r\u00e9otypes<\/p>\n<p>            Monica Bellucci\n    <\/p><\/blockquote>\n<p class=\"fig-paragraph\"><strong>Qu\u2019avez-vous appris, avec les hommes que vous avez aim\u00e9s, de l\u2019alt\u00e9rit\u00e9 des sexes\u00a0?<\/strong><br \/>Que la vie est difficile aussi pour les hommes. Aujourd\u2019hui, nous parlons de la difficult\u00e9 d\u2019\u00eatre une femme, ce qui vrai parce que nous vivons dans un monde au masculin, o\u00f9 le pouvoir est encore r\u00e9gi en majorit\u00e9 par des hommes. La parit\u00e9 est loin d\u2019\u00eatre gagn\u00e9e, surtout dans toute une partie du monde o\u00f9 les femmes restent soumises. Mais je reconnais que la position des hommes en Occident n\u2019est plus si simple. J\u2019observe une forme de souffrance et aussi une crainte \u00e0 la raconter. On a inculqu\u00e9 aux hommes qu\u2019ils doivent \u00eatre forts et dissimuler leur sensibilit\u00e9. Ils sont, tout autant que les femmes, encha\u00een\u00e9s \u00e0 des st\u00e9r\u00e9otypes. Je vois, par exemple, autour de moi, des p\u00e8res qui souhaiteraient \u00eatre beaucoup plus pr\u00e9sents dans l\u2019\u00e9ducation de leurs enfants, et qui souffrent de ne pas pouvoir l\u2019\u00eatre assez. Nous traversons une \u00e9poque de grandes transformations dans les relations homme-femme, c\u2019est n\u00e9cessaire, mais difficile. Nous sommes tous un peu perdus, parce que les r\u00e8gles changent mais qu\u2019elles ne sont pas encore claires. Les anciens codes ont vol\u00e9 en \u00e9clats, et nous sommes \u00e0 la recherche d\u2019un \u00e9quilibre, qui a encore du mal \u00e0 se dessiner. C\u2019est un moment de confusion, mais comme tout changement positif dans l\u2019\u00e9volution de la soci\u00e9t\u00e9, il faut passer par cette phase de transition.<\/p>\n<p>    Monica Bellucci porte un blouson en cuir, MM6, pantalon en laine, Saint Laurent par Anthony Vaccarello. Bracelet Traforato, en or gris et \u00e9meraudes, onyx et diamants, collection Haute Joaillerie En \u00e9quilibre, Cartier.<br \/>\n                Rocio Ramos<\/p>\n<p class=\"fig-paragraph\"><strong>Travailler dans le m\u00eame univers que votre compagnon, Tim Burton, repr\u00e9sente-t-il un avantage \u00e0 vos yeux\u00a0?<\/strong><br \/>Cela rend tout plus simple, car on comprend parfaitement la vie de l\u2019autre, son emploi du temps, ses absences. Pour une femme qui fait le m\u00e9tier d\u2019actrice, il est difficile de trouver un \u00e9quilibre entre le travail et la vie de couple. Le fait d\u2019\u00eatre inspir\u00e9e par l\u2019univers artistique de l\u2019autre est important.\u00a0<a href=\"http:\/\/madame.lefigaro.fr\/celebrites\/actu-people\/il-est-merveilleux-les-confidences-de-monica-bellucci-sur-son-couple-avec-tim-burton-20250617\" data-fig-type=\"Article\" data-gtm-custom-categorie=\"navigation\" data-gtm-custom-action=\"crossclick\" data-gtm-custom-label=\"Contextuel\" data-gtm-event=\"customEventSPE\" data-fig-domain=\"MADAME\" target=\"_blank\" rel=\"noopener\">Je suis admirative de ce que fait Tim<\/a>. Mais ce qui compte par-dessus tout pour moi est la relation homme-femme. Se regarder dans les yeux et se comprendre. L\u2019\u00e9change artistique est un plaisir, mais ce n\u2019est pas du tout essentiel. Je vis avec l\u2019homme, pas avec l\u2019artiste. C\u2019est ma fa\u00e7on de ressentir les choses.<\/p>\n<p class=\"fig-paragraph\"><strong>Vous figurez dans une campagne de haute joaillerie Cartier, maison dont vous \u00eates ambassadrice. Qu\u2019est-ce qui vous fascine dans les bijoux\u00a0?<\/strong><br \/>C\u2019est encore une fois une histoire d\u2019\u00e9nergie. Le m\u00e9tal et les pierres d\u00e9gagent une \u00e9nergie magn\u00e9tique, une vibration avec laquelle on se sent en connexion. Quand on les re\u00e7oit en cadeau, les bijoux g\u00e9n\u00e8rent des \u00e9motions fortes parce qu\u2019ils contiennent une magie, au-del\u00e0 de leur valeur. Je poss\u00e8de des bijoux de ma grand-m\u00e8re, par exemple, qui sont simples mais me touchent profond\u00e9ment. Les bijoux de la maison Cartier portent une histoire extraordinaire. J\u2019ai visit\u00e9 plusieurs fois les ateliers maison, et j\u2019ai vu le travail fou op\u00e9r\u00e9 par les artisans qui transmettent leurs savoir-faire avec une passion fascinante \u00e0 observer.<\/p>\n<p>                                    <a class=\"fig-a11y-skip a11y-hidden\" href=\"#fig-a11y-skip-main-inarticle_btf\"><br \/>\n        Passer la publicit\u00e9<br \/>\n    <\/a><\/p>\n<p class=\"fig-paragraph\"><strong>Le temps est-il votre alli\u00e9\u00a0?<\/strong><br \/>Le temps est li\u00e9 aux cycles de notre \u00e9volution dans ce monde. Je ne pense pas en termes d\u2019\u00e2ge, donc, mais de saisons. On peut \u00eatre coinc\u00e9e dans un cycle douloureux, de souffrance \u00e0 20 ans, et se sentir vieille. Ou, au contraire, vivre un cycle de bonheur et d\u2019\u00e9panouissement \u00e0 60 ans, et se sentir vivante et jeune comme jamais. L\u2019erreur, pour moi, consisterait \u00e0 tracer un trait d\u2019union entre l\u2019\u00e2ge et ce qu\u2019on ressent. Car, forc\u00e9ment, si on ne va pas bien, on relie cette \u00e9motion au vieillissement, plut\u00f4t que d\u2019en chercher la vraie cause et de travailler sur soi pour la changer. Quand on est libre du poids de la douleur, on se sent l\u00e9g\u00e8re comme une plume, et on se fiche de tout ce qui peut nous rattacher \u00e0 un \u00e2ge. C\u2019est ce que je vis aujourd\u2019hui. Je mesure la chance que j\u2019ai d\u2019\u00eatre vivante, en bonne sant\u00e9, entour\u00e9e d\u2019amour. Je me sens bien comme femme, comme m\u00e8re, et mon m\u00e9tier de com\u00e9dienne m\u2019inspire. Je profite du moment, et puis, on verra. (Le t\u00e9l\u00e9phone sonne\u00a0: Deva s\u2019impatiente pour leur d\u00e9jeuner en t\u00eate \u00e0 t\u00eate.) Pardon, je dois courir, c\u2019est ma fille\u2026<\/p>\n","protected":false},"excerpt":{"rendered":"INTERVIEW &#8211; Sa passion pour le cin\u00e9ma, ses filles, l\u2019amour toujours\u2026 La star italienne, ambassadrice Cartier, partage son&hellip;\n","protected":false},"author":2,"featured_media":225543,"comment_status":"","ping_status":"","sticky":false,"template":"","format":"standard","meta":{"footnotes":""},"categories":[1354],"tags":[2594,5417,36436,58,59,1346,1011,27,2173,20642,1360],"class_list":{"0":"post-225542","1":"post","2":"type-post","3":"status-publish","4":"format-standard","5":"has-post-thumbnail","7":"category-films","8":"tag-actrice","9":"tag-bijoux","10":"tag-cover-story","11":"tag-divertissement","12":"tag-entertainment","13":"tag-films","14":"tag-fr","15":"tag-france","16":"tag-interview","17":"tag-monica-bellucci","18":"tag-movies"},"share_on_mastodon":{"url":"https:\/\/pubeurope.com\/@fr\/114794791267250207","error":""},"_links":{"self":[{"href":"https:\/\/www.europesays.com\/fr\/wp-json\/wp\/v2\/posts\/225542","targetHints":{"allow":["GET"]}}],"collection":[{"href":"https:\/\/www.europesays.com\/fr\/wp-json\/wp\/v2\/posts"}],"about":[{"href":"https:\/\/www.europesays.com\/fr\/wp-json\/wp\/v2\/types\/post"}],"author":[{"embeddable":true,"href":"https:\/\/www.europesays.com\/fr\/wp-json\/wp\/v2\/users\/2"}],"replies":[{"embeddable":true,"href":"https:\/\/www.europesays.com\/fr\/wp-json\/wp\/v2\/comments?post=225542"}],"version-history":[{"count":0,"href":"https:\/\/www.europesays.com\/fr\/wp-json\/wp\/v2\/posts\/225542\/revisions"}],"wp:featuredmedia":[{"embeddable":true,"href":"https:\/\/www.europesays.com\/fr\/wp-json\/wp\/v2\/media\/225543"}],"wp:attachment":[{"href":"https:\/\/www.europesays.com\/fr\/wp-json\/wp\/v2\/media?parent=225542"}],"wp:term":[{"taxonomy":"category","embeddable":true,"href":"https:\/\/www.europesays.com\/fr\/wp-json\/wp\/v2\/categories?post=225542"},{"taxonomy":"post_tag","embeddable":true,"href":"https:\/\/www.europesays.com\/fr\/wp-json\/wp\/v2\/tags?post=225542"}],"curies":[{"name":"wp","href":"https:\/\/api.w.org\/{rel}","templated":true}]}}