{"id":225555,"date":"2025-07-04T11:49:13","date_gmt":"2025-07-04T11:49:13","guid":{"rendered":"https:\/\/www.europesays.com\/fr\/225555\/"},"modified":"2025-07-04T11:49:13","modified_gmt":"2025-07-04T11:49:13","slug":"municipales-a-paris-les-ministres-dati-et-haddad-lancent-lunion-des-lr-et-macronistes-actualites","status":"publish","type":"post","link":"https:\/\/www.europesays.com\/fr\/225555\/","title":{"rendered":"Municipales \u00e0 Paris: les ministres Dati et Haddad lancent l&rsquo;union des LR et macronistes : Actualit\u00e9s"},"content":{"rendered":"<p class=\"lead \">Candidate \u00e0 Paris, la ministre de la Culture Rachida Dati a plaid\u00e9 vendredi pour l&rsquo;union de la droite et des macronistes dans la capitale en vue des municipales, aux c\u00f4t\u00e9s de son coll\u00e8gue Renaissance Benjamin Haddad, dont le parti n&rsquo;a toutefois pas officiellement arr\u00eat\u00e9 une position sur le sujet.<\/p>\n<p class=\"lead \">\u00ab\u00a0Les Parisiens ont envie d&rsquo;alternance, ils veulent que \u00e7a change. Alors si on perd demain, ce sera de notre faute car on se sera sabot\u00e9\u00a0\u00bb, a lanc\u00e9 Mme Dati devant quelques dizaines de militants LR et Renaissance r\u00e9unis au petit matin dans un caf\u00e9 du XVIe arrondissement.<\/p>\n<p class=\"lead \">\u00ab\u00a0On a une responsabilit\u00e9 d&rsquo;union. On a un socle id\u00e9ologique commun\u00a0\u00bb, a-t-elle insist\u00e9.<\/p>\n<p class=\"lead \">A ses c\u00f4t\u00e9s, le ministre des Affaires europ\u00e9ennes, Benjamin Haddad, acquiesce, martelant deux mots, \u00ab\u00a0rassemblement\u00a0\u00bb et \u00ab\u00a0unit\u00e9\u00a0\u00bb, et d\u00e9non\u00e7ant \u00ab\u00a0le sectarisme\u00a0\u00bb.<\/p>\n<p class=\"lead \">A neuf mois des municipales, il n&rsquo;est cependant pas acquis que les macronistes se rangent d&rsquo;un bloc derri\u00e8re Mme Dati. <\/p>\n<p class=\"lead \">M\u00eame si cette ex-ministre de Nicolas Sarkozy jure \u00ab\u00a0loyaut\u00e9 et reconnaissance\u00a0\u00bb \u00e9ternelles \u00e0 Emmanuel Macron, qu&rsquo;elle a rejoint d\u00e9but 2024, subsistent des s\u00e9quelles de la campagne au couteau en 2020 contre la candidate du camp pr\u00e9sidentiel Agn\u00e8s Buzyn. <\/p>\n<p class=\"lead \">Sans compter les affaires judiciaires qui lestent la candidature de Mme Dati, m\u00eame si celle-ci a affirm\u00e9 cr\u00e2nement vendredi \u00eatre \u00ab\u00a0tr\u00e8s tranquille\u00a0\u00bb sur le sujet et n&rsquo;avoir \u00ab\u00a0peur de rien\u00a0\u00bb.<\/p>\n<p class=\"lead \">\u00ab\u00a0Rachida (Dati) est une warrior (combattante, NDLR)\u00a0\u00bb, observe M. Haddad pour qui celle qui a \u00e9t\u00e9 \u00e9lue \u00e0 trois reprises maire du VIIe arrondissement \u00ab\u00a0est la mieux plac\u00e9e\u00a0\u00bb pour 2026.<\/p>\n<p class=\"lead \">Renaissance n&rsquo;a cependant pas encore tranch\u00e9 sa strat\u00e9gie pour Paris, alors qu&rsquo;une frange des militants, notamment dans le noyau historique, pourrait soutenir le candidat Horizons Pierre-Yves Bournazel, qui a lanc\u00e9 sa campagne d\u00e9but juin. Une d\u00e9cision doit \u00eatre prise d&rsquo;ici \u00e0 la fin de l&rsquo;\u00e9t\u00e9 sur le sujet.<\/p>\n<p class=\"lead \">Mais flotte l&rsquo;id\u00e9e que Mme Dati a d\u00e9j\u00e0 obtenu l&rsquo;aval de M. Macron: dans des extraits sonores diffus\u00e9s d\u00e9but juin par France 2, la ministre de la Culture affirme \u00e0 des \u00e9lus parisiens LR avoir eu \u00ab\u00a0l&rsquo;assurance\u00a0\u00bb du pr\u00e9sident d&rsquo;\u00eatre le \u00ab\u00a0candidat unique\u00a0\u00bb \u00e0 Paris.<\/p>\n<p class=\"lead \">Vendredi, Mme Dati a affirm\u00e9 \u00ab\u00a0parler et voir tr\u00e8s r\u00e9guli\u00e8rement\u00a0\u00bb le patron de Renaissance Gabriel Attal. \u00ab\u00a0On n&rsquo;a aucun int\u00e9r\u00eat \u00e0 s&rsquo;entraver\u00a0\u00bb, a-t-elle insist\u00e9. <\/p>\n<p class=\"lead \">La ministre a plut\u00f4t r\u00e9serv\u00e9 ses banderilles pour un autre LR: le s\u00e9nateur Francis Szpiner, candidat \u00e0 l&rsquo;investiture des LR pour les municipales. \u00ab\u00a0Il est f\u00e9brile\u00a0\u00bb, \u00ab\u00a0dans l&rsquo;attaque et la surr\u00e9action\u00a0\u00bb, a raill\u00e9 Mme Dati.<\/p>\n<p class=\"small font-weight-bold text-gray3 \"> publi\u00e9 le 4 juillet \u00e0 11h16, AFP<\/p>\n<p>                             Partager<\/p>\n","protected":false},"excerpt":{"rendered":"Candidate \u00e0 Paris, la ministre de la Culture Rachida Dati a plaid\u00e9 vendredi pour l&rsquo;union de la droite&hellip;\n","protected":false},"author":2,"featured_media":225556,"comment_status":"","ping_status":"","sticky":false,"template":"","format":"standard","meta":{"footnotes":""},"categories":[4],"tags":[11910,11,1011,27,418,3228,3554,12,3848,316,3370,25],"class_list":{"0":"post-225555","1":"post","2":"type-post","3":"status-publish","4":"format-standard","5":"has-post-thumbnail","7":"category-france","8":"tag-lections","9":"tag-actualites","10":"tag-fr","11":"tag-france","12":"tag-gouvernement","13":"tag-lr","14":"tag-municipales","15":"tag-news","16":"tag-partis","17":"tag-politique","18":"tag-renaissance","19":"tag-republique-francaise"},"share_on_mastodon":{"url":"https:\/\/pubeurope.com\/@fr\/114794814749378657","error":""},"_links":{"self":[{"href":"https:\/\/www.europesays.com\/fr\/wp-json\/wp\/v2\/posts\/225555","targetHints":{"allow":["GET"]}}],"collection":[{"href":"https:\/\/www.europesays.com\/fr\/wp-json\/wp\/v2\/posts"}],"about":[{"href":"https:\/\/www.europesays.com\/fr\/wp-json\/wp\/v2\/types\/post"}],"author":[{"embeddable":true,"href":"https:\/\/www.europesays.com\/fr\/wp-json\/wp\/v2\/users\/2"}],"replies":[{"embeddable":true,"href":"https:\/\/www.europesays.com\/fr\/wp-json\/wp\/v2\/comments?post=225555"}],"version-history":[{"count":0,"href":"https:\/\/www.europesays.com\/fr\/wp-json\/wp\/v2\/posts\/225555\/revisions"}],"wp:featuredmedia":[{"embeddable":true,"href":"https:\/\/www.europesays.com\/fr\/wp-json\/wp\/v2\/media\/225556"}],"wp:attachment":[{"href":"https:\/\/www.europesays.com\/fr\/wp-json\/wp\/v2\/media?parent=225555"}],"wp:term":[{"taxonomy":"category","embeddable":true,"href":"https:\/\/www.europesays.com\/fr\/wp-json\/wp\/v2\/categories?post=225555"},{"taxonomy":"post_tag","embeddable":true,"href":"https:\/\/www.europesays.com\/fr\/wp-json\/wp\/v2\/tags?post=225555"}],"curies":[{"name":"wp","href":"https:\/\/api.w.org\/{rel}","templated":true}]}}