{"id":225557,"date":"2025-07-04T11:50:10","date_gmt":"2025-07-04T11:50:10","guid":{"rendered":"https:\/\/www.europesays.com\/fr\/225557\/"},"modified":"2025-07-04T11:50:10","modified_gmt":"2025-07-04T11:50:10","slug":"a-rome-cette-violente-explosion-a-ete-entendue-dans-toute-la-ville-une-trentaine-de-blesses","status":"publish","type":"post","link":"https:\/\/www.europesays.com\/fr\/225557\/","title":{"rendered":"\u00c0 Rome, cette violente explosion a \u00e9t\u00e9 entendue dans toute la ville, une trentaine de bless\u00e9s"},"content":{"rendered":"<p>        <img decoding=\"async\" loading=\"lazy\" src=\"https:\/\/www.europesays.com\/fr\/wp-content\/uploads\/2025\/07\/e0ea639_upload-1-k5otlkdyqbis-000-64qz7gp.jpg\"  width=\"728\" height=\"410\" alt=\"Des pompiers, des policiers et des \u00e9quipes de secours sur le site d\u2019une explosion dans une station-service \u00e0 Rome, en Italie, le 4\u00a0juillet 2025.\"\/>  <\/p>\n<p>ANDREAS SOLARO \/ AFP<\/p>\n<p>Des pompiers, des policiers et des \u00e9quipes de secours sur le site d\u2019une explosion dans une station-service \u00e0 Rome, en Italie, le 4\u00a0juillet 2025.<\/p>\n<p class=\"asset asset-text\">ITALIE &#8211; Elle a surpris toute la ville. Une trentaine de personnes ont \u00e9t\u00e9 bless\u00e9es ce vendredi 4\u00a0juillet, pour la plupart l\u00e9g\u00e8rement, lors de l\u2019explosion d\u2019une station-service \u00e0 <a href=\"https:\/\/www.huffingtonpost.fr\/international\/video\/a-rome-la-fontaine-de-trevi-rouvre-mais-elle-ne-sera-plus-en-acces-libre-comme-avant_243934.html\" target=\"_blank\" rel=\"noopener\">Rome<\/a>, a d\u00e9clar\u00e9 aux m\u00e9dias le maire de la ville, Roberto Gualtieri.<\/p>\n<p class=\"asset asset-text\">Neuf membres des forces de l\u2019ordre et une vingtaine d\u2019autres personnes figurent parmi les bless\u00e9s, a pr\u00e9cis\u00e9 le maire. L\u2019explosion qui est survenue t\u00f4t le matin a fait trembler les fen\u00eatres de nombreux immeubles, s\u2019entendant dans presque toute la capitale italienne (<strong>\u00e0 voir dans la vid\u00e9o ci-dessous<\/strong>).<\/p>\n<p> La lecture de ce contenu est susceptible d\u2019entra\u00eener un d\u00e9p\u00f4t de cookies de la part de l\u2019op\u00e9rateur tiers qui l\u2019h\u00e9berge. Compte-tenu des choix que vous avez exprim\u00e9s en mati\u00e8re de d\u00e9p\u00f4t de cookies, nous avons bloqu\u00e9 l\u2019affichage de ce contenu. Si vous souhaitez y acc\u00e9der, vous devez accepter la cat\u00e9gorie de cookies \u201cContenus tiers\u201d en cliquant sur le bouton ci-dessous. <\/p>\n<p> Lire la Vid\u00e9o        <\/p>\n<p class=\"asset asset-text\">\u00ab\u00a0L\u2019explosion a \u00e9t\u00e9 vraiment tr\u00e8s forte, j\u2019ai senti ma peau br\u00fbler\u00a0\u00bb, a d\u00e9clar\u00e9 \u00e0 l\u2019AFP Michele Seco, 23\u00a0ans, qui travaille dans un centre sportif situ\u00e9 \u00e0 proximit\u00e9 de l\u2019explosion et qui a \u00e9t\u00e9 \u00e9vacu\u00e9, alors qu\u2019une quinzaine d\u2019enfants s\u2019y trouvaient.<\/p>\n<p class=\"asset asset-text\">Fabio Balzani, directeur de ce centre, a d\u00e9clar\u00e9 que le premier incendie s\u2019\u00e9tait d\u00e9clar\u00e9 vers 7h30 ou 7h40, ajoutant que s\u2019il s\u2019\u00e9tait produit plus tard, les cons\u00e9quences auraient pu \u00eatre d\u00e9sastreuses. \u00ab\u00a0S\u2019il s\u2019\u00e9tait d\u00e9clar\u00e9 \u00e0 8h30 ou plus tard, cela aurait \u00e9t\u00e9 un massacre, une catastrophe\u00a0\u00bb, a-t-il d\u00e9clar\u00e9 \u00e0 l\u2019AFP, pr\u00e9cisant qu\u2019une soixantaine d\u2019enfants \u00e9taient attendus pour un camp d\u2019\u00e9t\u00e9 dans le centre et qu\u2019environ 120 personnes avaient r\u00e9serv\u00e9 la piscine ce matin-l\u00e0.<\/p>\n<p>                     Fuite de gaz    <\/p>\n<p class=\"asset asset-text\">L\u2019explosion serait due \u00e0 une fuite de gaz au moment o\u00f9 un camion-citerne remplissait les r\u00e9servoirs de la station-service.\u00a0Cette fuite aurait dans un premier temps provoqu\u00e9 un incendie, entra\u00eenant l\u2019intervention des pompiers et des forces de l\u2019ordre, puis l\u2019incendie a provoqu\u00e9 ensuite l\u2019explosion, selon le maire.<\/p>\n<p class=\"asset asset-text\">Le parquet de Rome et les pompiers doivent cependant encore mener une enqu\u00eate pour \u00e9tablir avec pr\u00e9cision les causes de l\u2019accident.<\/p>\n<p class=\"asset asset-text\">De nombreuses vid\u00e9os circulant sur internet montrent de grandes flammes sur fond de d\u00e9tonations \u00e0 la pompe \u00e0 essence et une colonne de fum\u00e9e noire et \u00e9paisse s\u2019\u00e9lever dans le ciel au-dessus de la p\u00e9riph\u00e9rie est de la ville.<\/p>\n<p> La lecture de ce contenu est susceptible d\u2019entra\u00eener un d\u00e9p\u00f4t de cookies de la part de l\u2019op\u00e9rateur tiers qui l\u2019h\u00e9berge. Compte-tenu des choix que vous avez exprim\u00e9s en mati\u00e8re de d\u00e9p\u00f4t de cookies, nous avons bloqu\u00e9 l\u2019affichage de ce contenu. Si vous souhaitez y acc\u00e9der, vous devez accepter la cat\u00e9gorie de cookies \u201cContenus tiers\u201d en cliquant sur le bouton ci-dessous. <\/p>\n<p> Lire la Vid\u00e9o        <\/p>\n<p class=\"asset asset-text\">\u00ab\u00a0Je suis avec attention les cons\u00e9quences de l\u2019explosion de ce matin\u00a0\u00bb, a \u00e9crit sur X la cheffe du gouvernement <a href=\"https:\/\/www.huffingtonpost.fr\/international\/article\/giorgia-meloni-visee-par-une-enquete-apres-l-expulsion-d-un-responsable-libyen-vise-par-un-mandat-de-la-cpi_245463.html\" target=\"_blank\" rel=\"noopener\">Giorgia Meloni<\/a>, assurant \u00eatre en contact avec toutes les autorit\u00e9s impliqu\u00e9es, dont le maire de\u00a0Rome.<\/p>\n<p class=\"asset asset-text\">La police a boucl\u00e9 le quartier pour permettre aux pompiers de travailler et elle a \u00e9galement \u00e9vacu\u00e9 deux b\u00e2timents qui \u00e9taient les plus proches de l\u2019explosion, ainsi qu\u2019un centre a\u00e9r\u00e9 o\u00f9 se trouvaient une quinzaine d\u2019enfants, selon la m\u00eame source.<\/p>\n","protected":false},"excerpt":{"rendered":"ANDREAS SOLARO \/ AFP Des pompiers, des policiers et des \u00e9quipes de secours sur le site d\u2019une explosion&hellip;\n","protected":false},"author":2,"featured_media":225558,"comment_status":"","ping_status":"","sticky":false,"template":"","format":"standard","meta":{"footnotes":""},"categories":[2],"tags":[11,17393,2688,1011,27,14,452,12,3499],"class_list":{"0":"post-225557","1":"post","2":"type-post","3":"status-publish","4":"format-standard","5":"has-post-thumbnail","7":"category-actualites","8":"tag-actualites","9":"tag-essence","10":"tag-explosion","11":"tag-fr","12":"tag-france","13":"tag-international","14":"tag-italie","15":"tag-news","16":"tag-rome"},"share_on_mastodon":{"url":"https:\/\/pubeurope.com\/@fr\/114794818787544632","error":""},"_links":{"self":[{"href":"https:\/\/www.europesays.com\/fr\/wp-json\/wp\/v2\/posts\/225557","targetHints":{"allow":["GET"]}}],"collection":[{"href":"https:\/\/www.europesays.com\/fr\/wp-json\/wp\/v2\/posts"}],"about":[{"href":"https:\/\/www.europesays.com\/fr\/wp-json\/wp\/v2\/types\/post"}],"author":[{"embeddable":true,"href":"https:\/\/www.europesays.com\/fr\/wp-json\/wp\/v2\/users\/2"}],"replies":[{"embeddable":true,"href":"https:\/\/www.europesays.com\/fr\/wp-json\/wp\/v2\/comments?post=225557"}],"version-history":[{"count":0,"href":"https:\/\/www.europesays.com\/fr\/wp-json\/wp\/v2\/posts\/225557\/revisions"}],"wp:featuredmedia":[{"embeddable":true,"href":"https:\/\/www.europesays.com\/fr\/wp-json\/wp\/v2\/media\/225558"}],"wp:attachment":[{"href":"https:\/\/www.europesays.com\/fr\/wp-json\/wp\/v2\/media?parent=225557"}],"wp:term":[{"taxonomy":"category","embeddable":true,"href":"https:\/\/www.europesays.com\/fr\/wp-json\/wp\/v2\/categories?post=225557"},{"taxonomy":"post_tag","embeddable":true,"href":"https:\/\/www.europesays.com\/fr\/wp-json\/wp\/v2\/tags?post=225557"}],"curies":[{"name":"wp","href":"https:\/\/api.w.org\/{rel}","templated":true}]}}