{"id":225559,"date":"2025-07-04T11:51:12","date_gmt":"2025-07-04T11:51:12","guid":{"rendered":"https:\/\/www.europesays.com\/fr\/225559\/"},"modified":"2025-07-04T11:51:12","modified_gmt":"2025-07-04T11:51:12","slug":"les-epiceries-fermees-la-nuit-la-mairie-repond","status":"publish","type":"post","link":"https:\/\/www.europesays.com\/fr\/225559\/","title":{"rendered":"les \u00e9piceries ferm\u00e9es la nuit ? La mairie r\u00e9pond"},"content":{"rendered":"<p>            Par<br \/>\n        <strong><br \/>\n            <a href=\"https:\/\/actu.fr\/auteur\/mathias-souteyrat\" title=\"Consulter tous les articles de Mathias Souteyrat\" target=\"_blank\" rel=\"noopener\">Mathias Souteyrat<\/a><br \/>\n        <\/strong><\/p>\n<p>        Publi\u00e9 le<\/p>\n<p>            4 juil. 2025 \u00e0 12h25        <\/p>\n<p>Bruit, \u00e9picerie ouverte la nuit, trafic de drogue\u2026 La <a href=\"https:\/\/actu.fr\/auvergne-rhone-alpes\/saint-etienne_42218\/saint-etienne-cette-place-devient-invivable-la-nuit-pour-les-habitants-on-ne-dort-plus_62621587.html\" target=\"_blank\" rel=\"noopener\">place Jacquard<\/a> et la\u00a0<a href=\"https:\/\/actu.fr\/auvergne-rhone-alpes\/saint-etienne_42218\/saint-etienne-un-bordel-a-ciel-ouvert-cette-rue-pose-de-gros-problemes-aux-habitants_62811808.html\" target=\"_blank\" rel=\"noopener\">rue Antoine-Durafour<\/a> perturbent fortement la tranquillit\u00e9 des riverains \u00e0 <a href=\"https:\/\/actu.fr\/saint-etienne\/\" target=\"_blank\" rel=\"noopener\">Saint-Etienne<\/a>.<br \/>R\u00e9cemment, une cam\u00e9ra nomade a \u00e9t\u00e9 install\u00e9e \u00e0 Jacquard pour identifier les individus et dissuader les incivilit\u00e9s. Dans la nuit de mercredi \u00e0 jeudi, les riverains ont assist\u00e9 \u00e0 un \u00e9trange man\u00e8ge. <br \/>Des personnes ont essay\u00e9 de faire tomber la cam\u00e9ra en tirant sur le c\u00e2ble, suivi quelque temps apr\u00e8s de quatre voitures de la police nationale.<\/p>\n<p>    <img   decoding=\"async\" loading=\"lazy\" src=\"https:\/\/www.europesays.com\/fr\/wp-content\/uploads\/2025\/07\/fotojet-2-960x640.jpg\" alt=\"Une cam\u00e9ra nomade a \u00e9t\u00e9 install\u00e9e \u00e0 Jacquard pour identifier les individus et dissuader les incivilit\u00e9s.\" width=\"960\" height=\"640\"\/><br \/>\n    Une cam\u00e9ra nomade a \u00e9t\u00e9 install\u00e9e \u00e0 Jacquard pour identifier les individus et dissuader les incivilit\u00e9s. (\u00a9MS \/ actu.fr)Selon les riverains, les incivilit\u00e9s continuent<\/p>\n<p class=\" wall-content\">Selon un membre du collectif Durafour, les incivilit\u00e9s continuent. Dimanche dernier, \u00e0 5h du matin\u2009:<\/p>\n<ul class=\" wall-content\">\n<li>Des discussions bruyantes devant une \u00e9picerie<\/li>\n<li>Une femme qui appelle quelqu\u2019un au loin<\/li>\n<li>Des klaxons qui r\u00e9sonnent dans la rue<\/li>\n<\/ul>\n<p>    <a href=\"https:\/\/www.facebook.com\/plugins\/video.php?height=476&amp;href=https%3A%2F%2Fwww.facebook.com%2F61576583310238%2Fvideos%2F1051781233690864%2F&amp;show_text=true&amp;width=350&amp;t=0\" title=\"Ouvrie le lien\" target=\"_blank\" rel=\"noopener\">Cliquez ici pour visualiser le contenu<\/a><\/p>\n<p>La lutte contre le narcotrafic<\/p>\n<p class=\" wall-content\">Actions coup de poing, d\u00e9rangement des points de deal, <a href=\"https:\/\/actu.fr\/auvergne-rhone-alpes\/saint-etienne_42218\/loire-face-a-l-augmentation-de-ces-infractions-une-nouvelle-regle-entre-en-vigueur_62540412.html\" target=\"_blank\" rel=\"noopener\">arr\u00eat\u00e9 pr\u00e9fectoral limitant la vente et la consommation d\u2019alcool<\/a>, <a href=\"https:\/\/actu.fr\/auvergne-rhone-alpes\/saint-etienne_42218\/loire-restaurants-et-boulangerie-fermes-d-urgence-pourquoi-les-controles-se-multiplient_62707008.html\" target=\"_blank\" rel=\"noopener\">fermetures administratives de commerces<\/a>\u2026 pour les autorit\u00e9s, il y a une \u00ab\u2009nette am\u00e9lioration de la situation depuis quelques mois dans la rue Durafour\u2009\u00bb.<\/p>\n<p>    <img   decoding=\"async\" loading=\"lazy\" src=\"https:\/\/www.europesays.com\/fr\/wp-content\/uploads\/2025\/07\/493802813-994161682897575-197430048669867252-n-960x640.jpg\" alt=\"Les policiers de la Loire ont men\u00e9 une op\u00e9ration de contr\u00f4le le 25 avril rue Antoine Durafour \u00e0 Saint-\u00c9tienne, suite \u00e0 l'arr\u00eat\u00e9 pr\u00e9fectoral concernant l'interdiction de la vente d'alcool \u00e0 emporter apr\u00e8s 22h.   M Rochatte, pr\u00e9fet de la Loire (au centre), M Sperry directeur de cabinet (\u00e0 droite) et M Cellier directeur interd\u00e9partemental de la police nationale de la Loire (\u00e0 gauche) \u00e9taient pr\u00e9sents lors de ce contr\u00f4le.\" width=\"960\" height=\"640\"\/><br \/>\n    Les policiers de la Loire ont men\u00e9 une op\u00e9ration de contr\u00f4le le 25 avril rue Antoine-Durafour \u00e0 Saint-\u00c9tienne, suite \u00e0 l\u2019arr\u00eat\u00e9 pr\u00e9fectoral concernant l\u2019interdiction de la vente d\u2019alcool \u00e0 emporter apr\u00e8s 22h. (\u00a9Police nationale de la Loire)<\/p>\n<p class=\" wall-content\">Marie-Jo Perez, 14e adjointe \u00e0 la tranquillit\u00e9 publique, relations avec le monde de la justice et stationnement, a r\u00e9pondu \u00e0 nos questions le 3\u00a0juillet 2025.<\/p>\n<p class=\"ac-article-content__question wall-content\"><strong class=\"color-primary\">Actu : <\/strong>\u00ab\u2009Les patrouilles de la police sont r\u00e9guli\u00e8res sur le secteur\u2009\u00bb, assurent la pr\u00e9fecture et la police nationale : comment se passe cette collaboration ?<\/p>\n<p class=\" wall-content\"><strong class=\"color-primary\">Marie-Jo Perez : <\/strong>La ville de Saint-\u00c9tienne, avec le directeur de la police municipale, sommes en soutien total de la police nationale. Nous travaillons main dans la main avec Yves Cellier (son patron), dans la lutte contre les narcotrafiquants, avec les moyens que nous avons (les cam\u00e9ras de vid\u00e9osurveillance, rondes de proximit\u00e9 de la police municipale, etc.). <br \/>On a \u00e9galement des suivis et points r\u00e9guliers avec la police.<\/p>\n<p>Bient\u00f4t une d\u00e9cision sur la fermeture des commerces \u00e0 22\u00a0heures<\/p>\n<p class=\"ac-article-content__question wall-content\">L\u2019\u00c9tat souhaite que les commerces ferment apr\u00e8s 22 heures. Une disposition et comp\u00e9tence que peut prendre la mairie, comme l&rsquo;a fait la municipalit\u00e9 clermontoise. Que r\u00e9pondez-vous ?<\/p>\n<p class=\" wall-content\"><strong class=\"color-primary\">MJP : <\/strong>En effet, nous travaillons avec le maire sur un possible arr\u00eat\u00e9 limitant les heures d&rsquo;ouverture des commerces, sur des zones identifi\u00e9es ou l&rsquo;ensemble de la ville, c&rsquo;est \u00e0 voir. <br \/>C&rsquo;est ce que demandent nos concitoyens. Je pense que \u00e7a sera au moins dans les quartiers difficiles. L&rsquo;\u00e9tude est bien avanc\u00e9e. Une annonce devrait \u00eatre faite rapidement.<\/p>\n<p>    <img   decoding=\"async\" loading=\"lazy\" src=\"https:\/\/www.europesays.com\/fr\/wp-content\/uploads\/2025\/07\/202997913-294176042435751-8596249746701995126-n-1-960x640.jpg\" alt=\"Marie-Jo Perez, 14e adjointe \u00e0 la tranquillit\u00e9 publique, relations avec le monde de la justice et stationnement.\" width=\"960\" height=\"640\"\/><br \/>\n    Marie-Jo Perez, 14e adjointe \u00e0 la tranquillit\u00e9 publique, relations avec le monde de la justice et stationnement. (\u00a9Facebook \/ Marie-Jo Perez)<\/p>\n<p class=\"ac-article-content__question wall-content\">Quels sont les r\u00e9sultats ?<\/p>\n<p class=\" wall-content\"><strong class=\"color-primary\">MJP : <\/strong>La rue Durafour est en haut de nos priorit\u00e9s, avec des rondes de police nationales et municipales. Les premiers r\u00e9sultats sont l\u00e0. M\u00eame s&rsquo;il faut rester humble. On sent que c&rsquo;est plus calme, d&rsquo;apr\u00e8s le retour de nos polices p\u00e9destres. Tout n&rsquo;est pas encore r\u00e9solu, on fait \u00e9norm\u00e9ment pour que \u00e7a s&rsquo;am\u00e9liore.\u00a0<br \/>\u00c0 Jacquard, on s&rsquo;appuie aussi sur un collectif que nous rencontrons r\u00e9guli\u00e8rement. <br \/>De plus, une cam\u00e9ra nomade a \u00e9t\u00e9 install\u00e9e (en plus des 400 et quelque mises en place dans la ville). On les fait tourner dans les zones o\u00f9 l&rsquo;on en a besoin.\u00a0<\/p>\n<p class=\" wall-content\">Suivez toute l\u2019actualit\u00e9 de vos villes et m\u00e9dias favoris en vous inscrivant \u00e0 <a href=\"https:\/\/moncompte.actu.fr\" title=\"D\u00e9couvez Mon Actu\" rel=\"nofollow noopener\" data-trk=\"{&quot;cta&quot;:{&quot;action&quot;:&quot;https:\\\/\\\/moncompte.actu.fr&quot;,&quot;category&quot;:&quot;mon compte&quot;,&quot;from&quot;:&quot;article footer&quot;,&quot;name&quot;:&quot;Mon actu&quot;,&quot;type&quot;:&quot;cta&quot;}}\" target=\"_blank\">Mon Actu<\/a>.<\/p>\n","protected":false},"excerpt":{"rendered":"Par Mathias Souteyrat Publi\u00e9 le 4 juil. 2025 \u00e0 12h25 Bruit, \u00e9picerie ouverte la nuit, trafic de drogue\u2026&hellip;\n","protected":false},"author":2,"featured_media":225560,"comment_status":"","ping_status":"","sticky":false,"template":"","format":"standard","meta":{"footnotes":""},"categories":[9653],"tags":[1111,11,2430,1052,1777,674,1011,27,2825,12,1072,25,4001,104],"class_list":{"0":"post-225559","1":"post","2":"type-post","3":"status-publish","4":"format-standard","5":"has-post-thumbnail","7":"category-saint-etienne","8":"tag-actu","9":"tag-actualites","10":"tag-auvergne-rhone-alpes","11":"tag-drogue","12":"tag-eu","13":"tag-europe","14":"tag-fr","15":"tag-france","16":"tag-insecurite","17":"tag-news","18":"tag-police","19":"tag-republique-francaise","20":"tag-saint-etienne","21":"tag-societe"},"share_on_mastodon":{"url":"https:\/\/pubeurope.com\/@fr\/114794822850875135","error":""},"_links":{"self":[{"href":"https:\/\/www.europesays.com\/fr\/wp-json\/wp\/v2\/posts\/225559","targetHints":{"allow":["GET"]}}],"collection":[{"href":"https:\/\/www.europesays.com\/fr\/wp-json\/wp\/v2\/posts"}],"about":[{"href":"https:\/\/www.europesays.com\/fr\/wp-json\/wp\/v2\/types\/post"}],"author":[{"embeddable":true,"href":"https:\/\/www.europesays.com\/fr\/wp-json\/wp\/v2\/users\/2"}],"replies":[{"embeddable":true,"href":"https:\/\/www.europesays.com\/fr\/wp-json\/wp\/v2\/comments?post=225559"}],"version-history":[{"count":0,"href":"https:\/\/www.europesays.com\/fr\/wp-json\/wp\/v2\/posts\/225559\/revisions"}],"wp:featuredmedia":[{"embeddable":true,"href":"https:\/\/www.europesays.com\/fr\/wp-json\/wp\/v2\/media\/225560"}],"wp:attachment":[{"href":"https:\/\/www.europesays.com\/fr\/wp-json\/wp\/v2\/media?parent=225559"}],"wp:term":[{"taxonomy":"category","embeddable":true,"href":"https:\/\/www.europesays.com\/fr\/wp-json\/wp\/v2\/categories?post=225559"},{"taxonomy":"post_tag","embeddable":true,"href":"https:\/\/www.europesays.com\/fr\/wp-json\/wp\/v2\/tags?post=225559"}],"curies":[{"name":"wp","href":"https:\/\/api.w.org\/{rel}","templated":true}]}}