{"id":225561,"date":"2025-07-04T11:52:21","date_gmt":"2025-07-04T11:52:21","guid":{"rendered":"https:\/\/www.europesays.com\/fr\/225561\/"},"modified":"2025-07-04T11:52:21","modified_gmt":"2025-07-04T11:52:21","slug":"las-saint-etienne-devoile-son-nouveau-maillot-domicile-2025-2026","status":"publish","type":"post","link":"https:\/\/www.europesays.com\/fr\/225561\/","title":{"rendered":"L&rsquo;AS Saint-\u00c9tienne d\u00e9voile son nouveau maillot domicile 2025-2026"},"content":{"rendered":"<p>L\u2019ASSE a pr\u00e9sent\u00e9 ce mercredi son nouveau maillot domicile pour la saison\u00a02025-2026, con\u00e7u en collaboration avec son \u00e9quipementier hummel. Imagin\u00e9e par la styliste st\u00e9phanoise L\u00e9a Bourgier, en partenariat avec la Cit\u00e9 du design, cette tenue rend hommage \u00e0 l\u2019histoire et \u00e0 l\u2019identit\u00e9 de la ville du Forez.<\/p>\n<p>La tunique conserve le vert traditionnel du club, avec du blanc au niveau des manches et du col. Sa particularit\u00e9 r\u00e9side dans la pr\u00e9sence de pictogrammes, dispos\u00e9s \u00e0 l\u2019avant et \u00e0 l\u2019arri\u00e8re du tissu, illustrant les marqueurs forts et symboliques de Saint-\u00c9tienne : la rubanerie, la mine, la Cit\u00e9 du design, les transports ou encore les cycles.<\/p>\n<p>Enfin, chaque maillot int\u00e8gre la technologie ECO8 d\u00e9velopp\u00e9e par hummel et est ainsi fabriqu\u00e9 \u00e0 partir d\u2019un polyester haute performance issu du recyclage de huit bouteilles en plastique. Un choix \u00e9coresponsable qui souligne l\u2019engagement environnemental du club.<\/p><\/p>\n","protected":false},"excerpt":{"rendered":"L\u2019ASSE a pr\u00e9sent\u00e9 ce mercredi son nouveau maillot domicile pour la saison\u00a02025-2026, con\u00e7u en collaboration avec son \u00e9quipementier&hellip;\n","protected":false},"author":2,"featured_media":221288,"comment_status":"","ping_status":"","sticky":false,"template":"","format":"standard","meta":{"footnotes":""},"categories":[9653],"tags":[1111,11,461,2430,1777,674,1011,27,33343,10274,12,25,4001],"class_list":{"0":"post-225561","1":"post","2":"type-post","3":"status-publish","4":"format-standard","5":"has-post-thumbnail","7":"category-saint-etienne","8":"tag-actu","9":"tag-actualites","10":"tag-asse","11":"tag-auvergne-rhone-alpes","12":"tag-eu","13":"tag-europe","14":"tag-fr","15":"tag-france","16":"tag-hummel","17":"tag-maillot","18":"tag-news","19":"tag-republique-francaise","20":"tag-saint-etienne"},"share_on_mastodon":{"url":"https:\/\/pubeurope.com\/@fr\/114794826919079279","error":""},"_links":{"self":[{"href":"https:\/\/www.europesays.com\/fr\/wp-json\/wp\/v2\/posts\/225561","targetHints":{"allow":["GET"]}}],"collection":[{"href":"https:\/\/www.europesays.com\/fr\/wp-json\/wp\/v2\/posts"}],"about":[{"href":"https:\/\/www.europesays.com\/fr\/wp-json\/wp\/v2\/types\/post"}],"author":[{"embeddable":true,"href":"https:\/\/www.europesays.com\/fr\/wp-json\/wp\/v2\/users\/2"}],"replies":[{"embeddable":true,"href":"https:\/\/www.europesays.com\/fr\/wp-json\/wp\/v2\/comments?post=225561"}],"version-history":[{"count":0,"href":"https:\/\/www.europesays.com\/fr\/wp-json\/wp\/v2\/posts\/225561\/revisions"}],"wp:featuredmedia":[{"embeddable":true,"href":"https:\/\/www.europesays.com\/fr\/wp-json\/wp\/v2\/media\/221288"}],"wp:attachment":[{"href":"https:\/\/www.europesays.com\/fr\/wp-json\/wp\/v2\/media?parent=225561"}],"wp:term":[{"taxonomy":"category","embeddable":true,"href":"https:\/\/www.europesays.com\/fr\/wp-json\/wp\/v2\/categories?post=225561"},{"taxonomy":"post_tag","embeddable":true,"href":"https:\/\/www.europesays.com\/fr\/wp-json\/wp\/v2\/tags?post=225561"}],"curies":[{"name":"wp","href":"https:\/\/api.w.org\/{rel}","templated":true}]}}