{"id":225582,"date":"2025-07-04T12:04:09","date_gmt":"2025-07-04T12:04:09","guid":{"rendered":"https:\/\/www.europesays.com\/fr\/225582\/"},"modified":"2025-07-04T12:04:09","modified_gmt":"2025-07-04T12:04:09","slug":"un-institut-de-beaute-ouvre-dans-une-ancienne-agence-postale","status":"publish","type":"post","link":"https:\/\/www.europesays.com\/fr\/225582\/","title":{"rendered":"un institut de beaut\u00e9 ouvre dans une ancienne agence postale"},"content":{"rendered":"<p>            Par<br \/>\n        <strong><br \/>\n            <a href=\"https:\/\/actu.fr\/auteur\/redaction-jv\" title=\"Consulter tous les articles de R\u00e9daction Vitr\u00e9\" target=\"_blank\" rel=\"noopener\">R\u00e9daction Vitr\u00e9<\/a><br \/>\n        <\/strong><\/p>\n<p>        Publi\u00e9 le<\/p>\n<p>            4 juil. 2025 \u00e0 13h19        <\/p>\n<p><b>Lou-Anne Esnault<\/b>, 22 ans, native d\u2019<b>Amanlis<\/b> (Ille-et-Vilaine), ouvre un institut de beaut\u00e9 d\u00e9but juillet 2025 dans la commune.<\/p>\n<p class=\" wall-content\">\u00ab Ce sera ma premi\u00e8re installation. \u00bb<\/p>\n<p class=\" wall-content\">Lou-Anne Esnault est titulaire du<b> baccalaur\u00e9at professionnel esth\u00e9tique<\/b> obtenu \u00e0 Lorient puis d\u2019un brevet de technicienne sup\u00e9rieure management dans un \u00e9tablissement de Mayenne.<\/p>\n<p>Une ancienne d\u2019Yves Rocher<\/p>\n<p class=\" wall-content\">\u00c0 la fin de ses \u00e9tudes, Lou-Anne a travaill\u00e9 pendant deux ans chez <b>Yves Rocher \u00e0 Rennes<\/b> en qualit\u00e9 d\u2019esth\u00e9ticienne et vendeuse. Confort\u00e9e par cette solide exp\u00e9rience, elle a d\u00e9cid\u00e9 de cr\u00e9er sa propre entreprise dans sa commune natale.<\/p>\n<p class=\" wall-content\">\u00ab Apr\u00e8s la fermeture de l\u2019agence postale, les locaux communaux \u00e9taient libres, souligne Lou-Anne Esnault. Je souhaitais me rapprocher de mon domicile.\u00a0J\u2019ai toujours souhait\u00e9 cr\u00e9er mon entreprise \u00bb.<\/p>\n<p>Vid\u00e9os : en ce moment sur Actu<\/p>\n<p class=\" wall-content\">Avant d\u2019ouvrir son salon, Lou-Anne Esnault proc\u00e8de \u00e0 quelques am\u00e9nagements int\u00e9rieurs des locaux.<\/p>\n<p class=\" wall-content\">\u00ab J\u2019ai envie que mes clientes de tous \u00e2ges soient bien accueillies afin qu\u2019elles prennent bien soin d\u2019elles. Mon activit\u00e9 va donner du dynamisme \u00e0 la commune dans laquelle il fait bon vivre. \u00bb<\/p>\n<p>Pratique : institut de beaut\u00e9 : 8, bis impasse du Bois-de-Tilleul \u00e0 Amanlis. Contact : <a href=\"https:\/\/actu.fr\/cdn-cgi\/l\/email-protection\" class=\"__cf_email__\" data-cfemail=\"204c4541424541555445414d414e4c495360474d41494c0e434f4d\" target=\"_blank\" rel=\"noopener\">[email\u00a0protected]<\/a>. Ouverture d\u00e9but juillet du mardi au vendredi de 8 h 30 \u00e0 19 h ; le samedi de 9h \u00e0 15h. Fermeture le lundi.\u00a0<\/p>\n<p class=\" wall-content\">Suivez toute l\u2019actualit\u00e9 de vos villes et m\u00e9dias favoris en vous inscrivant \u00e0 <a href=\"https:\/\/moncompte.actu.fr\" title=\"D\u00e9couvez Mon Actu\" rel=\"nofollow noopener\" data-trk=\"{&quot;cta&quot;:{&quot;action&quot;:&quot;https:\\\/\\\/moncompte.actu.fr&quot;,&quot;category&quot;:&quot;mon compte&quot;,&quot;from&quot;:&quot;article footer&quot;,&quot;name&quot;:&quot;Mon actu&quot;,&quot;type&quot;:&quot;cta&quot;}}\" target=\"_blank\">Mon Actu<\/a>.<\/p>\n","protected":false},"excerpt":{"rendered":"Par R\u00e9daction Vitr\u00e9 Publi\u00e9 le 4 juil. 2025 \u00e0 13h19 Lou-Anne Esnault, 22 ans, native d\u2019Amanlis (Ille-et-Vilaine), ouvre&hellip;\n","protected":false},"author":2,"featured_media":225583,"comment_status":"","ping_status":"","sticky":false,"template":"","format":"standard","meta":{"footnotes":""},"categories":[2821],"tags":[1111,11,829,344,1777,674,1011,27,12,584,25,104],"class_list":{"0":"post-225582","1":"post","2":"type-post","3":"status-publish","4":"format-standard","5":"has-post-thumbnail","7":"category-rennes","8":"tag-actu","9":"tag-actualites","10":"tag-bretagne","11":"tag-creation-dentreprise","12":"tag-eu","13":"tag-europe","14":"tag-fr","15":"tag-france","16":"tag-news","17":"tag-rennes","18":"tag-republique-francaise","19":"tag-societe"},"share_on_mastodon":{"url":"https:\/\/pubeurope.com\/@fr\/114794873715817829","error":""},"_links":{"self":[{"href":"https:\/\/www.europesays.com\/fr\/wp-json\/wp\/v2\/posts\/225582","targetHints":{"allow":["GET"]}}],"collection":[{"href":"https:\/\/www.europesays.com\/fr\/wp-json\/wp\/v2\/posts"}],"about":[{"href":"https:\/\/www.europesays.com\/fr\/wp-json\/wp\/v2\/types\/post"}],"author":[{"embeddable":true,"href":"https:\/\/www.europesays.com\/fr\/wp-json\/wp\/v2\/users\/2"}],"replies":[{"embeddable":true,"href":"https:\/\/www.europesays.com\/fr\/wp-json\/wp\/v2\/comments?post=225582"}],"version-history":[{"count":0,"href":"https:\/\/www.europesays.com\/fr\/wp-json\/wp\/v2\/posts\/225582\/revisions"}],"wp:featuredmedia":[{"embeddable":true,"href":"https:\/\/www.europesays.com\/fr\/wp-json\/wp\/v2\/media\/225583"}],"wp:attachment":[{"href":"https:\/\/www.europesays.com\/fr\/wp-json\/wp\/v2\/media?parent=225582"}],"wp:term":[{"taxonomy":"category","embeddable":true,"href":"https:\/\/www.europesays.com\/fr\/wp-json\/wp\/v2\/categories?post=225582"},{"taxonomy":"post_tag","embeddable":true,"href":"https:\/\/www.europesays.com\/fr\/wp-json\/wp\/v2\/tags?post=225582"}],"curies":[{"name":"wp","href":"https:\/\/api.w.org\/{rel}","templated":true}]}}