{"id":225589,"date":"2025-07-04T12:08:10","date_gmt":"2025-07-04T12:08:10","guid":{"rendered":"https:\/\/www.europesays.com\/fr\/225589\/"},"modified":"2025-07-04T12:08:10","modified_gmt":"2025-07-04T12:08:10","slug":"mais-ou-est-le-pognon-le-president-de-nice-moulins-solidarites-06-attaque-en-justice-par-cote-dazur-habitat-le-proces-renvoye-en-septembre","status":"publish","type":"post","link":"https:\/\/www.europesays.com\/fr\/225589\/","title":{"rendered":"\u00ab\u00a0Mais o\u00f9 est le pognon?\u00a0\u00bb : le pr\u00e9sident de \u00ab\u00a0Nice Moulins Solidarit\u00e9s 06\u00a0\u00bb attaqu\u00e9 en justice par C\u00f4te d\u2019Azur Habitat, le proc\u00e8s renvoy\u00e9 en septembre"},"content":{"rendered":"<p> \u00eatre jug\u00e9 et qu\u2019on en finisse \u00bb. Une nouvelle fois, Nourredine Debbari quitte le tribunal, d\u00e9\u00e7u. Le proc\u00e8s intent\u00e9 contre lui par le bailleur social C\u00f4te d\u2019Azur Habitat a \u00e9t\u00e9 renvoy\u00e9 \u00e0 la demande de la partie plaignante.<\/p>\n<p>Il se tiendra finalement le 5 septembre prochain. Une attente prolong\u00e9e qui n\u2019est pas sans cons\u00e9quences: \u00ab\u00a0Cela me met en difficult\u00e9 vis-\u00e0-vis des locataires\u202f\u00a0\u00bb, confie-t-il.<\/p>\n<p>Engag\u00e9 dans son quartier, Nourredine Debbari est le pr\u00e9sident de l\u2019association \u00ab\u00a0Nice Moulins Solidarit\u00e9s 06\u00a0\u00bb, qu\u2019il a fond\u00e9e pour d\u00e9fendre les droits des habitants et am\u00e9liorer leur quotidien. Porte-voix des locataires, il n\u2019a de cesse, explique-t-il, de d\u00e9noncer l\u2019\u00e9tat d\u00e9grad\u00e9 des immeubles et l\u2019inaction du bailleur C\u00f4te d\u2019Azur Habitat.<\/p>\n<p>\u00ab\u00a0Ils veulent nous faire taire\u00a0\u00bb<\/p>\n<p>Et parfois, Nourredine Debbari pousse la chansonnette! Le 8 ao\u00fbt, il publie sur sa cha\u00eene YouTube un clip musical dans lequel il exprime la frustration des locataires qui paient leurs loyers et leurs charges, mais ne voient aucune am\u00e9lioration concr\u00e8te de leur cadre de vie.<\/p>\n<p>Dans la chanson Cda o\u00f9 sont nos droits, il d\u00e9nonce: \u00ab\u00a0Nous sommes des clients, pas juste des pigeons, on paye des charges mais o\u00f9 est le pognon?\u00a0\u00bb<\/p>\n<p>Il cible aussi les dirigeants qu\u2019il accuse d\u2019oublier leur mission, tout en critiquant les r\u00e9novations de fa\u00e7ade qu\u2019il juge superficielles: \u00ab\u00a0Des vrais travaux, pas des faux\u00a0\u00bb, r\u00e9clame-t-il, lass\u00e9 de voir des logements \u00ab\u00a0en train de se morfondre\u00a0\u00bb.<\/p>\n<p>Pour son avocat, Ma\u00eetre Julien Darras, les paroles n\u2019ont rien de diffamatoire, \u00ab\u00a0elles sont simplement le reflet de la r\u00e9alit\u00e9\u00a0\u00bb. \u00ab\u00a0Ils veulent nous faire taire, c\u2019est tout\u00a0\u00bb, coupe Nourredine Debarri.<\/p>\n<p>La vid\u00e9o, dont le retrait n\u2019a pas \u00e9t\u00e9 demand\u00e9, comptabilise actuellement un peu plus de 280 vues.<\/p>\n<p>Plainte syst\u00e9matique<\/p>\n<p>\u00ab\u00a0C\u2019\u00e9tait peut-\u00eatre l\u2019intervention de trop de la part de Monsieur Debbari\u00a0\u00bb, d\u00e9clare Ma\u00eetre Bernard Ginez, avocat de C\u00f4te d\u2019Azur Habitat. Il rappelle que l\u2019office a pour politique de prot\u00e9ger syst\u00e9matiquement ses agents: \u00ab\u00a0En cas d\u2019insultes, d\u2019agressions verbales ou physiques, ou encore de calomnies, une plainte est syst\u00e9matiquement d\u00e9pos\u00e9e.\u00a0\u00bb<\/p>\n<p>L\u2019avocat reconna\u00eet l\u2019existence de difficult\u00e9s budg\u00e9taires et le vieillissement du parc immobilier, mais pointe aussi les d\u00e9gradations fr\u00e9quentes des b\u00e2timents, souvent dues \u00e0 des situations de squat.<\/p>\n","protected":false},"excerpt":{"rendered":"\u00eatre jug\u00e9 et qu\u2019on en finisse \u00bb. Une nouvelle fois, Nourredine Debbari quitte le tribunal, d\u00e9\u00e7u. Le proc\u00e8s&hellip;\n","protected":false},"author":2,"featured_media":225590,"comment_status":"","ping_status":"","sticky":false,"template":"","format":"standard","meta":{"footnotes":""},"categories":[2819],"tags":[1111,11,1777,674,1011,27,303,12,2401,882,25],"class_list":{"0":"post-225589","1":"post","2":"type-post","3":"status-publish","4":"format-standard","5":"has-post-thumbnail","7":"category-nice","8":"tag-actu","9":"tag-actualites","10":"tag-eu","11":"tag-europe","12":"tag-fr","13":"tag-france","14":"tag-justice","15":"tag-news","16":"tag-nice","17":"tag-provence-alpes-cote-dazur","18":"tag-republique-francaise"},"share_on_mastodon":{"url":"https:\/\/pubeurope.com\/@fr\/114794889627005352","error":""},"_links":{"self":[{"href":"https:\/\/www.europesays.com\/fr\/wp-json\/wp\/v2\/posts\/225589","targetHints":{"allow":["GET"]}}],"collection":[{"href":"https:\/\/www.europesays.com\/fr\/wp-json\/wp\/v2\/posts"}],"about":[{"href":"https:\/\/www.europesays.com\/fr\/wp-json\/wp\/v2\/types\/post"}],"author":[{"embeddable":true,"href":"https:\/\/www.europesays.com\/fr\/wp-json\/wp\/v2\/users\/2"}],"replies":[{"embeddable":true,"href":"https:\/\/www.europesays.com\/fr\/wp-json\/wp\/v2\/comments?post=225589"}],"version-history":[{"count":0,"href":"https:\/\/www.europesays.com\/fr\/wp-json\/wp\/v2\/posts\/225589\/revisions"}],"wp:featuredmedia":[{"embeddable":true,"href":"https:\/\/www.europesays.com\/fr\/wp-json\/wp\/v2\/media\/225590"}],"wp:attachment":[{"href":"https:\/\/www.europesays.com\/fr\/wp-json\/wp\/v2\/media?parent=225589"}],"wp:term":[{"taxonomy":"category","embeddable":true,"href":"https:\/\/www.europesays.com\/fr\/wp-json\/wp\/v2\/categories?post=225589"},{"taxonomy":"post_tag","embeddable":true,"href":"https:\/\/www.europesays.com\/fr\/wp-json\/wp\/v2\/tags?post=225589"}],"curies":[{"name":"wp","href":"https:\/\/api.w.org\/{rel}","templated":true}]}}