{"id":225607,"date":"2025-07-04T12:19:15","date_gmt":"2025-07-04T12:19:15","guid":{"rendered":"https:\/\/www.europesays.com\/fr\/225607\/"},"modified":"2025-07-04T12:19:15","modified_gmt":"2025-07-04T12:19:15","slug":"nubya-garcia-la-jeune-garde-du-festival-marseille-jazz-des-cinq-continents","status":"publish","type":"post","link":"https:\/\/www.europesays.com\/fr\/225607\/","title":{"rendered":"Nubya Garcia, la jeune garde du festival Marseille Jazz des cinq continents"},"content":{"rendered":"<p>Un peu de fra\u00eecheur d\u2019outre-Manche associ\u00e9e aux aliz\u00e9s, dit-on, pas si lointains de la Cara\u00efbe. D\u00e8s son arriv\u00e9e sur la sc\u00e8ne de la Vieille Charit\u00e9, la saxophoniste londonienne qui est aussi compositrice et cheffe d\u2019orchestre, Nubya Garcia, 34 ans, s\u2019est inscrite dans la prestigieuse lign\u00e9e de ses pr\u00e9d\u00e9cesseurs, en faisant montre de son encore jeune talent sans \u00e9talage ni fioritures. Il faut dire que pour sa seconde venue <a href=\"https:\/\/www.laprovence.com\/article\/culture-loisirs\/11105662303258\/marseille-jazz-des-cinq-continents-programme-concerts-nouveaux-lieux-une-photographie-mondiale-du-jazz-actuel\" target=\"_blank\" rel=\"noopener\">au festival Marseille Jazz des cinq continents<\/a>, deux ans apr\u00e8s un concert en premi\u00e8re partie au palais Longchamp, la jeune femme a fait un sacr\u00e9 bout de chemin musical.<\/p>\n","protected":false},"excerpt":{"rendered":"Un peu de fra\u00eecheur d\u2019outre-Manche associ\u00e9e aux aliz\u00e9s, dit-on, pas si lointains de la Cara\u00efbe. D\u00e8s son arriv\u00e9e&hellip;\n","protected":false},"author":2,"featured_media":225608,"comment_status":"","ping_status":"","sticky":false,"template":"","format":"standard","meta":{"footnotes":""},"categories":[2814],"tags":[17,1111,11,1777,674,849,1011,27,8002,8712,6910,3913,884,12,36438,882,16,25],"class_list":{"0":"post-225607","1":"post","2":"type-post","3":"status-publish","4":"format-standard","5":"has-post-thumbnail","7":"category-marseille","8":"tag-17","9":"tag-actu","10":"tag-actualites","11":"tag-eu","12":"tag-europe","13":"tag-festival","14":"tag-fr","15":"tag-france","16":"tag-garcia","17":"tag-garde","18":"tag-jazz","19":"tag-jeune","20":"tag-marseille","21":"tag-news","22":"tag-nubya","23":"tag-provence-alpes-cote-dazur","24":"tag-region","25":"tag-republique-francaise"},"share_on_mastodon":{"url":"https:\/\/pubeurope.com\/@fr\/114794932775900793","error":""},"_links":{"self":[{"href":"https:\/\/www.europesays.com\/fr\/wp-json\/wp\/v2\/posts\/225607","targetHints":{"allow":["GET"]}}],"collection":[{"href":"https:\/\/www.europesays.com\/fr\/wp-json\/wp\/v2\/posts"}],"about":[{"href":"https:\/\/www.europesays.com\/fr\/wp-json\/wp\/v2\/types\/post"}],"author":[{"embeddable":true,"href":"https:\/\/www.europesays.com\/fr\/wp-json\/wp\/v2\/users\/2"}],"replies":[{"embeddable":true,"href":"https:\/\/www.europesays.com\/fr\/wp-json\/wp\/v2\/comments?post=225607"}],"version-history":[{"count":0,"href":"https:\/\/www.europesays.com\/fr\/wp-json\/wp\/v2\/posts\/225607\/revisions"}],"wp:featuredmedia":[{"embeddable":true,"href":"https:\/\/www.europesays.com\/fr\/wp-json\/wp\/v2\/media\/225608"}],"wp:attachment":[{"href":"https:\/\/www.europesays.com\/fr\/wp-json\/wp\/v2\/media?parent=225607"}],"wp:term":[{"taxonomy":"category","embeddable":true,"href":"https:\/\/www.europesays.com\/fr\/wp-json\/wp\/v2\/categories?post=225607"},{"taxonomy":"post_tag","embeddable":true,"href":"https:\/\/www.europesays.com\/fr\/wp-json\/wp\/v2\/tags?post=225607"}],"curies":[{"name":"wp","href":"https:\/\/api.w.org\/{rel}","templated":true}]}}