{"id":225621,"date":"2025-07-04T12:26:19","date_gmt":"2025-07-04T12:26:19","guid":{"rendered":"https:\/\/www.europesays.com\/fr\/225621\/"},"modified":"2025-07-04T12:26:19","modified_gmt":"2025-07-04T12:26:19","slug":"mort-de-diogo-jota-a-atlanta-lemouvante-minute-de-silence-des-joueurs-du-psg","status":"publish","type":"post","link":"https:\/\/www.europesays.com\/fr\/225621\/","title":{"rendered":"Mort de Diogo Jota\u00a0: \u00e0 Atlanta, l\u2019\u00e9mouvante minute de silence des joueurs du PSG"},"content":{"rendered":"<p class=\"paragraph text_align_left lp-f-body-02\">Le <a href=\"https:\/\/www.leparisien.fr\/sports\/football\/psg\/\" target=\"_blank\" rel=\"noreferrer noopener\">PSG <\/a>a appris le tragique d\u00e9c\u00e8s de <a href=\"https:\/\/www.leparisien.fr\/sports\/football\/joueur-fantastique-jeune-marie-pere-de-trois-enfants-qui-etait-diogo-jota-mort-dans-un-accident-03-07-2025-MCSO2OSOTVCNTEPZ4QJWULWXTQ.php\" target=\"_blank\" rel=\"noreferrer noopener\">Diogo Jota, mort dans un accident de voiture<\/a>, \u00e0 son r\u00e9veil depuis Atlanta, aux \u00c9tats-Unis, o\u00f9 il dispute la <a href=\"https:\/\/www.leparisien.fr\/sports\/football\/coupe-du-monde-des-clubs\/\" target=\"_blank\" rel=\"noreferrer noopener\">Coupe du monde des clubs<\/a>.<\/p>\n<p class=\"paragraph text_align_left lp-f-body-02\">Les Parisiens ont pris le chemin de l\u2019entra\u00eenement ce jeudi matin, \u00e0 deux jours de leur quart de finale face au Bayern Munich. Avec une immense \u00e9motion, notamment chez les Portugais Nuno Mendes, Jo\u00e3o Neves, Gon\u00e7alo Ramos ou Vitinha, tous co\u00e9quipiers de Diogo Jota en s\u00e9lection et r\u00e9cents vainqueurs de la Ligue des nations. <\/p>\n<p class=\"paragraph text_align_left lp-f-body-02\">Vitinha \u00e9tait tr\u00e8s affect\u00e9 puisqu\u2019il connaissait aussi tr\u00e8s bien Andr\u00e9 Silva, le fr\u00e8re de Jota d\u00e9c\u00e9d\u00e9 dans l\u2019accident, avec lequel il a \u00e9volu\u00e9 chez les \u00e9quipes de jeunes au FC Porto. \u00ab Je n\u2019y crois toujours pas. Toute la force possible pour la famille. Merci pour tout Andr\u00e9 et Jota \u00bb, a rendu hommage le num\u00e9ro 17 sur Instagram. Lucas Hernandez avait \u00e9galement c\u00f4toy\u00e9 pendant quelques semaines l\u2019attaquant portugais lors de son bref passage \u00e0 l\u2019Atl\u00e9tico de Madrid.<\/p>\n<blockquote class=\"twitter-tweet\">\n<p lang=\"fr\" dir=\"ltr\">Le Paris Saint-Germain a appris avec une immense tristesse le d\u00e9c\u00e8s de Diogo Jota et de son fr\u00e8re Andr\u00e9.<\/p>\n<p>Le Club adresse ses sinc\u00e8res condol\u00e9ances \u00e0 leur famille, \u00e0 leurs proches, au club de Liverpool et \u00e0 la s\u00e9lection nationale portugaise.<\/p>\n<p>Toutes nos pens\u00e9es les accompagnent\u2026 <a href=\"https:\/\/t.co\/ULct9DBV9Q\">pic.twitter.com\/ULct9DBV9Q<\/a><\/p>\n<p>\u2014 Paris Saint-Germain (@PSG_inside) <a href=\"https:\/\/twitter.com\/PSG_inside\/status\/1940721568377667775?ref_src=twsrc%5Etfw\" target=\"_blank\" rel=\"noopener\">July 3, 2025<\/a><\/p><\/blockquote>\n<p>Triste nouvelle au r\u00e9veil<\/p>\n<p class=\"paragraph text_align_left lp-f-body-02\">Alors que les joueurs parisiens \u00e9taient encore en train de dormir \u00e0 leur h\u00f4tel, quand la nouvelle a \u00e9t\u00e9 annonc\u00e9e en Europe, la plupart d\u2019entre eux ont \u00e9t\u00e9 inform\u00e9s par leurs proches et ont eu connaissance de ce drame au moment de consulter leur t\u00e9l\u00e9phone \u00e0 leur r\u00e9veil. Jorge Mendes, l\u2019agent de Diogo Jota et de nombreux membres de l\u2019effectif du PSG, s\u2019est \u00e9galement charg\u00e9 d\u2019avertir, pendant la nuit am\u00e9ricaine, ses joueurs.<\/p>\n<p class=\"paragraph text_align_left lp-f-body-02\">Apr\u00e8s un petit-d\u00e9jeuner en commun o\u00f9 les mines parisiennes \u00e9taient logiquement marqu\u00e9es, l\u2019effectif de Luis Enrique s\u2019est r\u00e9uni, un peu apr\u00e8s 11 heures, en cercle, au centre du terrain d\u2019entra\u00eenement de Kennesaw, avant de respecter deux grosses minutes de silence. Les joueurs, <a href=\"https:\/\/www.leparisien.fr\/sports\/football\/coupe-du-monde-des-clubs\/psg-decontracte-et-chambreur-mais-toujours-determine-luis-enrique-sous-son-meilleur-jour-02-07-2025-ISET4QQRIRBL5EM2T5TYUR2WUQ.php\" target=\"_blank\" rel=\"noreferrer noopener\">Luis Enrique<\/a>, qui avait retir\u00e9 sa casquette, le staff et le conseiller sportif Luis Campos, marqu\u00e9 par cette nouvelle, ont ensuite applaudi. <\/p>\n<p class=\"paragraph text_align_left lp-f-body-02\">Presnel Kimpembe, absent de l\u2019entra\u00eenement collectif, a aussi ralli\u00e9 ses co\u00e9quipiers pour ce moment de recueillement. Seul Fabian Ruiz, victime d\u2019un petit virus et contraint de rester \u00e0 l\u2019h\u00f4tel, manquait \u00e0 l\u2019appel.<\/p>\n<blockquote class=\"twitter-tweet\">\n<p lang=\"fr\" dir=\"ltr\">Moment de recueillement chez les joueurs du PSG ce matin \u00e0 l\u2019entra\u00eenement apr\u00e8s l\u2019annonce de la mort de Diogo Jota <a href=\"https:\/\/t.co\/v0I90Bs7fP\">pic.twitter.com\/v0I90Bs7fP<\/a><\/p>\n<p>\u2014 Adrien Chantegrelet (@Adrientp) <a href=\"https:\/\/twitter.com\/Adrientp\/status\/1940793943299707344?ref_src=twsrc%5Etfw\" target=\"_blank\" rel=\"noopener\">July 3, 2025<\/a><\/p><\/blockquote>\n<p class=\"paragraph text_align_left lp-f-body-02\">Un peu plus t\u00f4t dans la journ\u00e9e, le club de la capitale avait rendu hommage sur son compte X. \u00ab Le Paris Saint-Germain a appris avec une immense tristesse le d\u00e9c\u00e8s de Diogo Jota et de son fr\u00e8re Andr\u00e9. Le Club adresse ses sinc\u00e8res condol\u00e9ances \u00e0 leur famille, \u00e0 leurs proches, au club de Liverpool et \u00e0 la s\u00e9lection nationale portugaise. Toutes nos pens\u00e9es les accompagnent en ce moment tragique. \u00bb<\/p>\n<p class=\"paragraph text_align_left lp-f-body-02\">Le d\u00e9c\u00e8s de Diogo Jota, 28 ans, a entra\u00een\u00e9 <a href=\"https:\/\/www.leparisien.fr\/sports\/football\/completement-devastes-le-portugal-et-le-monde-du-football-sous-le-choc-apres-la-mort-de-diogo-jota-03-07-2025-5YETPYC6TFDRJKUI6WYNUAZUQY.php\" target=\"_blank\" rel=\"noreferrer noopener\">une vague d\u2019\u00e9motions<\/a> sur la plan\u00e8te football, \u00e0 l\u2019image de <a href=\"https:\/\/www.leparisien.fr\/sports\/football\/mort-de-diogo-jota-ca-na-aucun-sens-lemouvant-message-de-cristiano-ronaldo-03-07-2025-V56WXFOWGJHDHP4G73SYIVBYZE.php\" target=\"_blank\" rel=\"noreferrer noopener\">Cristiano Ronaldo<\/a> ou de ses co\u00e9quipiers en club, \u00e0 Liverpool. La Fifa, \u00e0 l\u2019occasion des quarts de finale du Mondial des clubs, ou l\u2019UEFA, \u00e0 l\u2019Euro f\u00e9minin 2025, feront respecter une minute de silence au d\u00e9but des rencontres.<\/p>\n<blockquote class=\"twitter-tweet\">\n<p lang=\"es\" dir=\"ltr\">Minuto de silencio antes del entrenamiento en memoria de Diogo Jota y de su hermano Andr\u00e9 Silva.<a href=\"https:\/\/twitter.com\/hashtag\/RealMadrid?src=hash&amp;ref_src=twsrc%5Etfw\" target=\"_blank\" rel=\"noopener\">#RealMadrid<\/a><\/p>\n<p>\u2014 Real Madrid C.F. (@realmadrid) <a href=\"https:\/\/twitter.com\/realmadrid\/status\/1940788191029875086?ref_src=twsrc%5Etfw\" target=\"_blank\" rel=\"noopener\">July 3, 2025<\/a><\/p><\/blockquote>\n<p class=\"paragraph text_align_left lp-f-body-02\">D\u2019autres clubs encore engag\u00e9s pour la Coupe du monde des clubs, avec <a href=\"https:\/\/www.leparisien.fr\/sports\/football\/coupe-du-monde-des-clubs\/coupe-du-monde-des-clubs-le-tableau-et-le-programme-complet-des-quarts-de-finale-avec-le-psg-et-al-hilal-02-07-2025-JYPCTGRKCZAYROLRDYHLVYSCOU.php\" target=\"_blank\" rel=\"noreferrer noopener\">les quarts de finale qui se profilent<\/a>, ont \u00e9galement respect\u00e9 une minute de silence ce jeudi. C\u2019est ainsi le cas du Real Madrid ou de Chelsea.<\/p>\n<p><script async src=\"https:\/\/platform.twitter.com\/widgets.js\" charset=\"utf-8\"><\/script><\/p>\n","protected":false},"excerpt":{"rendered":"Le PSG a appris le tragique d\u00e9c\u00e8s de Diogo Jota, mort dans un accident de voiture, \u00e0 son&hellip;\n","protected":false},"author":2,"featured_media":225622,"comment_status":"","ping_status":"","sticky":false,"template":"","format":"standard","meta":{"footnotes":""},"categories":[1888],"tags":[1111,1928,11,1927,7151,1777,674,118,63,1011,27,12,1926,626,1925,25,60],"class_list":{"0":"post-225621","1":"post","2":"type-post","3":"status-publish","4":"format-standard","5":"has-post-thumbnail","7":"category-paris","8":"tag-actu","9":"tag-actu-paris","10":"tag-actualites","11":"tag-actualites-paris","12":"tag-coupe-du-monde-des-clubs","13":"tag-eu","14":"tag-europe","15":"tag-faits-divers","16":"tag-football","17":"tag-fr","18":"tag-france","19":"tag-news","20":"tag-news-paris","21":"tag-paris","22":"tag-paris-news","23":"tag-republique-francaise","24":"tag-sports"},"share_on_mastodon":{"url":"https:\/\/pubeurope.com\/@fr\/114794960584917488","error":""},"_links":{"self":[{"href":"https:\/\/www.europesays.com\/fr\/wp-json\/wp\/v2\/posts\/225621","targetHints":{"allow":["GET"]}}],"collection":[{"href":"https:\/\/www.europesays.com\/fr\/wp-json\/wp\/v2\/posts"}],"about":[{"href":"https:\/\/www.europesays.com\/fr\/wp-json\/wp\/v2\/types\/post"}],"author":[{"embeddable":true,"href":"https:\/\/www.europesays.com\/fr\/wp-json\/wp\/v2\/users\/2"}],"replies":[{"embeddable":true,"href":"https:\/\/www.europesays.com\/fr\/wp-json\/wp\/v2\/comments?post=225621"}],"version-history":[{"count":0,"href":"https:\/\/www.europesays.com\/fr\/wp-json\/wp\/v2\/posts\/225621\/revisions"}],"wp:featuredmedia":[{"embeddable":true,"href":"https:\/\/www.europesays.com\/fr\/wp-json\/wp\/v2\/media\/225622"}],"wp:attachment":[{"href":"https:\/\/www.europesays.com\/fr\/wp-json\/wp\/v2\/media?parent=225621"}],"wp:term":[{"taxonomy":"category","embeddable":true,"href":"https:\/\/www.europesays.com\/fr\/wp-json\/wp\/v2\/categories?post=225621"},{"taxonomy":"post_tag","embeddable":true,"href":"https:\/\/www.europesays.com\/fr\/wp-json\/wp\/v2\/tags?post=225621"}],"curies":[{"name":"wp","href":"https:\/\/api.w.org\/{rel}","templated":true}]}}