{"id":225631,"date":"2025-07-04T12:31:12","date_gmt":"2025-07-04T12:31:12","guid":{"rendered":"https:\/\/www.europesays.com\/fr\/225631\/"},"modified":"2025-07-04T12:31:12","modified_gmt":"2025-07-04T12:31:12","slug":"etats-unis-que-contient-la-grande-et-belle-loi-budgetaire-de-trump-adoptee-par-le-congres-americain","status":"publish","type":"post","link":"https:\/\/www.europesays.com\/fr\/225631\/","title":{"rendered":"\u00c9tats-Unis : que contient la \u00ab\u00a0grande et belle loi\u00a0\u00bb budg\u00e9taire de Trump adopt\u00e9e par le Congr\u00e8s am\u00e9ricain ?"},"content":{"rendered":"<ul class=\"jsx-862013697 ArticleChapo__List\">\n<li class=\"jsx-862013697 ArticleChapo__List_Item flex\">Le Congr\u00e8s am\u00e9ricain a adopt\u00e9, jeudi 3 juillet, le m\u00e9gaprojet loi budg\u00e9taire de Donald Trump, lors d&rsquo;un ultime vote serr\u00e9 \u00e0 la Chambre des repr\u00e9sentants.<\/li>\n<li class=\"jsx-862013697 ArticleChapo__List_Item flex\">Le locataire de la Maison Blanche a donn\u00e9 de sa personne pour valider la premi\u00e8re grande victoire l\u00e9gislative majeure de son second mandat.<\/li>\n<li class=\"jsx-862013697 ArticleChapo__List_Item flex\">Le texte, contre lequel l&rsquo;opposition d\u00e9mocrate est vent debout, devrait accro\u00eetre la dette des \u00c9tats-Unis de plus de 3.000 milliards de dollars d&rsquo;ici \u00e0 2034.<\/li>\n<\/ul>\n<p><a href=\"https:\/\/www.tf1info.fr\/actualite\/etats-unis-election-presidentielle-americaine-2024-donald-trump-vs-kamala-harris-13534\/\" rel=\"noopener\" class=\"jsx-484472199 Link jsx-1428418400 jsx-554215408\" target=\"_blank\"><\/p>\n<p style=\"font-weight:400\" class=\"jsx-1837267516\">Suivez la couverture compl\u00e8te<\/p>\n<p style=\"font-weight:800\" class=\"jsx-1837267516\">Le second mandat de Donald Trump<\/p>\n<p><\/a><\/p>\n<p data-module=\"article-paragraph\" class=\"jsx-3046738180 Paragraph\">Une victoire \u00e0 l&rsquo;arrach\u00e9 pour Donald Trump. Le pr\u00e9sident des \u00c9tats-Unis a remport\u00e9, jeudi 3 juillet, la premi\u00e8re victoire l\u00e9gislative majeure de son second mandat, apr\u00e8s l&rsquo;adoption au forceps par le Congr\u00e8s am\u00e9ricain de <a href=\"https:\/\/www.tf1info.fr\/international\/etats-unis-abomination-repugnante-elon-musk-etrille-le-megaprojet-de-loi-budgetaire-de-trump-2374773.html\" target=\"_blank\" rel=\"noopener\">sa \u00ab\u00a0grande et belle loi\u00a0\u00bb budg\u00e9taire<\/a>, cl\u00e9 de vo\u00fbte de son programme \u00e9conomique. Apr\u00e8s <a href=\"https:\/\/www.tf1info.fr\/international\/etats-unis-au-bout-de-6-mois-de-presidence-trump-chute-du-dollar-boucle-son-pire-semestre-depuis-plus-de-50-ans-2380334.html\" target=\"_blank\" rel=\"noopener\">le S\u00e9nat, qui l&rsquo;avait approuv\u00e9 de justesse<\/a>, la Chambre des repr\u00e9sentants a adopt\u00e9 d\u00e9finitivement <a href=\"https:\/\/www.congress.gov\/bill\/119th-congress\/house-bill\/1\/text\" target=\"_blank\" rel=\"nofollow noopener\">ce texte de 869 pages (nouvelle fen\u00eatre)<\/a>, l\u00e0 encore au terme d&rsquo;un vote serr\u00e9, pr\u00e9c\u00e9d\u00e9 de multiples pressions et tractations.<\/p>\n<p data-module=\"article-paragraph\" class=\"jsx-3046738180 Paragraph Paragraph__End\">\u00ab\u00a0VICTOIRE\u00a0\u00bb, s&rsquo;est imm\u00e9diatement r\u00e9joui <a href=\"https:\/\/x.com\/WhiteHouse\/status\/1940840879075611037\" target=\"_blank\">la Maison Blanche (nouvelle fen\u00eatre)<\/a> sur X.\u00a0Pour d\u00e9crocher ce succ\u00e8s, le milliardaire r\u00e9publicain a donn\u00e9 de sa personne. Il a parl\u00e9 au t\u00e9l\u00e9phone \u00e0 des r\u00e9publicains r\u00e9calcitrants jusqu&rsquo;\u00e0 tard dans la nuit pour les convaincre de voter en faveur de sa \u00ab\u00a0One Big Beautiful Bill\u00a0\u00bb.<\/p>\n<p data-module=\"article-paragraph\" class=\"jsx-3046738180 Paragraph Paragraph__End\">Le locataire du Bureau ovale avait m\u00eame \u00e9lever le ton sur sa plateforme <a href=\"https:\/\/truthsocial.com\/@realDonaldTrump\/posts\/114787348610777027\" target=\"_blank\" rel=\"nofollow noopener\">Truth Social (nouvelle fen\u00eatre)<\/a>. \u00ab\u00a0Qu&rsquo;est-ce que les r\u00e9publicains attendent ??? Qu&rsquo;est-ce que vous essayez de prouver ???\u00a0\u00bb, avait-il lanc\u00e9. \u00ab\u00a0MAGA n&rsquo;est pas content, et \u00e7a vous co\u00fbte des voix\u00a0\u00bb, avait averti tout en majuscules le pr\u00e9sident de 79 ans, en r\u00e9f\u00e9rence \u00e0 son mouvement \u00ab\u00a0Make America Great Again\u00a0\u00bb.<\/p>\n<blockquote class=\"jsx-2786790838 Quote__Text\"><p>MAGA n&rsquo;est pas content<\/p><\/blockquote>\n<p>Donald Trump, pr\u00e9sident des \u00c9tats-Unis<\/p>\n<p data-module=\"article-paragraph\" class=\"jsx-3046738180 Paragraph\">Initialement pr\u00e9vu la veille, le vote final n&rsquo;a eu lieu que jeudi \u00e0 Washington. Il s&rsquo;est tenu apr\u00e8s un discours de pr\u00e8s de neuf heures &#8211; un record \u00e0 la Chambre des repr\u00e9sentants &#8211; du chef de file des \u00e9lus d\u00e9mocrates, Hakeem Jeffries, qui a tent\u00e9 de repousser le vote au maximum. L&rsquo;opposition affich\u00e9e de plusieurs \u00e9lus conservateurs, d\u00e9non\u00e7ant le creusement de la dette publique attendu avec cette l\u00e9gislation, avait auparavant forc\u00e9 le camp pr\u00e9sidentiel \u00e0 le retarder.<\/p>\n<p data-module=\"article-paragraph\" class=\"jsx-3046738180 Paragraph Paragraph__End\">Avec une majorit\u00e9 de seulement huit si\u00e8ges, le parti r\u00e9publicain ne pouvait pas se permettre plus de trois d\u00e9fections. Seulement deux \u00e9lus r\u00e9publicains ont finalement vot\u00e9 \u00ab\u00a0contre\u00a0\u00bb, apr\u00e8s d&rsquo;intenses n\u00e9gociations men\u00e9es par le pr\u00e9sident de la Chambre des repr\u00e9sentants, le r\u00e9publicain Mike Johnson, avec l&rsquo;aide de la Maison Blanche.<\/p>\n<p>Vers une explosion du d\u00e9ficit public<\/p>\n<p data-module=\"article-paragraph\" class=\"jsx-3046738180 Paragraph\">Depuis plusieurs semaines, Donald Trump pressait le Congr\u00e8s d&rsquo;adopter sa grande loi budg\u00e9taire avant vendredi 4 juillet, jour de la f\u00eate nationale, qu&rsquo;il a fix\u00e9 comme \u00e9ch\u00e9ance symbolique pour sa promulgation. Celle-ci pr\u00e9voit la prolongation des baisses d&rsquo;imp\u00f4ts massives pour les particuliers et les entreprises mises en \u0153uvre en 2017 au cours de son premier mandat, et qui expiraient \u00e0 la fin de l&rsquo;ann\u00e9e, l&rsquo;\u00e9limination de l&rsquo;imposition sur les pourboires et les heures suppl\u00e9mentaires jusqu&rsquo;en 2028, promesse phare de sa campagne \u00e9lectorale, de m\u00eame que des milliards de dollars suppl\u00e9mentaires pour la d\u00e9fense et la lutte contre l&rsquo;immigration.<\/p>\n<p data-module=\"article-paragraph\" class=\"jsx-3046738180 Paragraph Paragraph__End\">Selon des analyses ind\u00e9pendantes, les principaux b\u00e9n\u00e9ficiaires seront les m\u00e9nages les plus ais\u00e9s, tandis que des millions d&rsquo;Am\u00e9ricains aux revenus modestes pourraient perdre leur acc\u00e8s \u00e0 des programmes publics d&rsquo;assurance sant\u00e9 ou d&rsquo;aide alimentaire. Pour compenser en partie le creusement du d\u00e9ficit, les R\u00e9publicains pr\u00e9voient en effet de sabrer dans Medicaid, programme public d&rsquo;assurance sant\u00e9 dont d\u00e9pendent des millions d&rsquo;Am\u00e9ricains aux faibles revenus. Une r\u00e9duction drastique du programme Snap, principale aide alimentaire du pays, est aussi pr\u00e9vue, de m\u00eame que la suppression de nombreuses incitations fiscales en faveur des \u00e9nergies renouvelables adopt\u00e9es sous Joe Biden.<\/p>\n<p><a href=\"https:\/\/www.tf1info.fr\/international\/etats-unis-abomination-repugnante-elon-musk-etrille-le-megaprojet-de-loi-budgetaire-de-trump-2374773.html\" rel=\"noopener\" class=\"jsx-3308031228 Link flex\" target=\"_blank\"><img decoding=\"async\" src=\"https:\/\/www.europesays.com\/fr\/wp-content\/uploads\/2025\/07\/elon-musk-donald-trump-2026-f4bfaa-0@1x.jpeg\" alt=\"AFP\" loading=\"lazy\" importance=\"low\" fetchpriority=\"low\" class=\"\" aria-hidden=\"true\"\/><\/p>\n<p class=\"jsx-3657663356 ReadMoreArticle__Title\">Lire aussi<\/p>\n<p class=\"jsx-3657663356\">\u00ab\u00a0Abomination r\u00e9pugnante\u00a0\u00bb : Elon Musk \u00e9trille le m\u00e9gaprojet de loi budg\u00e9taire de Donald Trump<\/p>\n<p><\/a><\/p>\n<p data-module=\"article-paragraph\" class=\"jsx-3046738180 Paragraph Paragraph__End\">Le Bureau budg\u00e9taire du Congr\u00e8s, charg\u00e9 d&rsquo;\u00e9valuer de mani\u00e8re non partisane l&rsquo;impact des projets de loi sur les finances publiques, a estim\u00e9 mardi que le texte augmenterait la dette de plus de 3.400 milliards de dollars d&rsquo;ici \u00e0 2034. Sans surprise, les d\u00e9mocrates s&rsquo;opposent en bloc au texte. Pour Hakeem Jeffries, cette loi est une \u00ab\u00a0monstruosit\u00e9 r\u00e9pugnante\u00a0\u00bb qui \u00ab\u00a0fera souffrir les Am\u00e9ricains ordinaires\u00a0\u00bb au profit des plus riches.<\/p>\n<p>Y.R. avec AFP<\/p>\n","protected":false},"excerpt":{"rendered":"Le Congr\u00e8s am\u00e9ricain a adopt\u00e9, jeudi 3 juillet, le m\u00e9gaprojet loi budg\u00e9taire de Donald Trump, lors d&rsquo;un ultime&hellip;\n","protected":false},"author":2,"featured_media":225632,"comment_status":"","ping_status":"","sticky":false,"template":"","format":"standard","meta":{"footnotes":""},"categories":[1589],"tags":[1111,11,1921,75,73,1866,1922,2497,12,1864,1865,1863,308,133,1920],"class_list":{"0":"post-225631","1":"post","2":"type-post","3":"status-publish","4":"format-standard","5":"has-post-thumbnail","7":"category-etats-unis","8":"tag-actu","9":"tag-actualites","10":"tag-article-video","11":"tag-donald-trump","12":"tag-etats-unis","13":"tag-etats-unis-damerique","14":"tag-info","15":"tag-le-second-mandat-de-donald-trump","16":"tag-news","17":"tag-united-states","18":"tag-united-states-of-america","19":"tag-us","20":"tag-usa","21":"tag-video","22":"tag-video-international"},"share_on_mastodon":{"url":"https:\/\/pubeurope.com\/@fr\/114794979994331469","error":""},"_links":{"self":[{"href":"https:\/\/www.europesays.com\/fr\/wp-json\/wp\/v2\/posts\/225631","targetHints":{"allow":["GET"]}}],"collection":[{"href":"https:\/\/www.europesays.com\/fr\/wp-json\/wp\/v2\/posts"}],"about":[{"href":"https:\/\/www.europesays.com\/fr\/wp-json\/wp\/v2\/types\/post"}],"author":[{"embeddable":true,"href":"https:\/\/www.europesays.com\/fr\/wp-json\/wp\/v2\/users\/2"}],"replies":[{"embeddable":true,"href":"https:\/\/www.europesays.com\/fr\/wp-json\/wp\/v2\/comments?post=225631"}],"version-history":[{"count":0,"href":"https:\/\/www.europesays.com\/fr\/wp-json\/wp\/v2\/posts\/225631\/revisions"}],"wp:featuredmedia":[{"embeddable":true,"href":"https:\/\/www.europesays.com\/fr\/wp-json\/wp\/v2\/media\/225632"}],"wp:attachment":[{"href":"https:\/\/www.europesays.com\/fr\/wp-json\/wp\/v2\/media?parent=225631"}],"wp:term":[{"taxonomy":"category","embeddable":true,"href":"https:\/\/www.europesays.com\/fr\/wp-json\/wp\/v2\/categories?post=225631"},{"taxonomy":"post_tag","embeddable":true,"href":"https:\/\/www.europesays.com\/fr\/wp-json\/wp\/v2\/tags?post=225631"}],"curies":[{"name":"wp","href":"https:\/\/api.w.org\/{rel}","templated":true}]}}