{"id":225647,"date":"2025-07-04T12:40:08","date_gmt":"2025-07-04T12:40:08","guid":{"rendered":"https:\/\/www.europesays.com\/fr\/225647\/"},"modified":"2025-07-04T12:40:08","modified_gmt":"2025-07-04T12:40:08","slug":"heidrich-et-jordan-ecartent-les-champions-du-monde-et-se-hissent-en-8es-de-finale-rts-ch","status":"publish","type":"post","link":"https:\/\/www.europesays.com\/fr\/225647\/","title":{"rendered":"Heidrich et Jordan \u00e9cartent les champions du monde et se hissent en 8es de finale &#8211; rts.ch"},"content":{"rendered":"<p>Adrian Heidrich et Jonathan Jordan ont d\u00e9croch\u00e9 leur ticket pour les 8es de finale du tournoi Elite16 de Gstaad. Le duo helv\u00e9tique a sorti les champions du monde Ondrej Perusic et David Schweiner.<\/p>\n<p>Le Zurichois et le B\u00e2lois ont cr\u00e9\u00e9 la surprise en 16es de finale, s&rsquo;imposant 21-17 21-19 face aux Tch\u00e8ques. Perusic\/Schweiner avaient d\u00e9j\u00e0 subi la loi d&rsquo;une paire suisse (Marco Krattiger\/Leo Dillier) dans la phase de groupes.<\/p>\n<p>La Bernoise Annique Niederhauser et la B\u00e2loise Menia Bentele sont, quant \u00e0 elles, \u00e9limin\u00e9es \u00e0 l&rsquo;issue de cette phase pr\u00e9liminaire. Elles ont subi une 2e d\u00e9faite en 2 matches, s&rsquo;inclinant 21-17 21-17 devant Marketa Svozilova\/Marie-Sara Stochlova (CZE).<\/p>\n<p class=\"sources\">ats\/bao<\/p>\n","protected":false},"excerpt":{"rendered":"Adrian Heidrich et Jonathan Jordan ont d\u00e9croch\u00e9 leur ticket pour les 8es de finale du tournoi Elite16 de&hellip;\n","protected":false},"author":2,"featured_media":225648,"comment_status":"","ping_status":"","sticky":false,"template":"","format":"standard","meta":{"footnotes":""},"categories":[1417],"tags":[3062,7447,27306,14306,36439,12610,1011,27,36440,35803,35804,36441,36442,517,60,27312,9621,1470,1632,1469,35042],"class_list":{"0":"post-225647","1":"post","2":"type-post","3":"status-publish","4":"format-standard","5":"has-post-thumbnail","7":"category-volley","8":"tag-autres-sports","9":"tag-bale","10":"tag-beach-volley","11":"tag-competition-sportive","12":"tag-david-schweiner","13":"tag-duo","14":"tag-fr","15":"tag-france","16":"tag-jonathan-jordan","17":"tag-leo-dillier","18":"tag-marco-krattiger","19":"tag-marie-sara-stochlova","20":"tag-ondrej-perusic","21":"tag-sport","22":"tag-sports","23":"tag-tchequie","24":"tag-tournoi","25":"tag-volley","26":"tag-volley-ball","27":"tag-volleyball","28":"tag-zurich"},"share_on_mastodon":{"url":"https:\/\/pubeurope.com\/@fr\/114795015925564276","error":""},"_links":{"self":[{"href":"https:\/\/www.europesays.com\/fr\/wp-json\/wp\/v2\/posts\/225647","targetHints":{"allow":["GET"]}}],"collection":[{"href":"https:\/\/www.europesays.com\/fr\/wp-json\/wp\/v2\/posts"}],"about":[{"href":"https:\/\/www.europesays.com\/fr\/wp-json\/wp\/v2\/types\/post"}],"author":[{"embeddable":true,"href":"https:\/\/www.europesays.com\/fr\/wp-json\/wp\/v2\/users\/2"}],"replies":[{"embeddable":true,"href":"https:\/\/www.europesays.com\/fr\/wp-json\/wp\/v2\/comments?post=225647"}],"version-history":[{"count":0,"href":"https:\/\/www.europesays.com\/fr\/wp-json\/wp\/v2\/posts\/225647\/revisions"}],"wp:featuredmedia":[{"embeddable":true,"href":"https:\/\/www.europesays.com\/fr\/wp-json\/wp\/v2\/media\/225648"}],"wp:attachment":[{"href":"https:\/\/www.europesays.com\/fr\/wp-json\/wp\/v2\/media?parent=225647"}],"wp:term":[{"taxonomy":"category","embeddable":true,"href":"https:\/\/www.europesays.com\/fr\/wp-json\/wp\/v2\/categories?post=225647"},{"taxonomy":"post_tag","embeddable":true,"href":"https:\/\/www.europesays.com\/fr\/wp-json\/wp\/v2\/tags?post=225647"}],"curies":[{"name":"wp","href":"https:\/\/api.w.org\/{rel}","templated":true}]}}