{"id":225662,"date":"2025-07-04T12:49:11","date_gmt":"2025-07-04T12:49:11","guid":{"rendered":"https:\/\/www.europesays.com\/fr\/225662\/"},"modified":"2025-07-04T12:49:11","modified_gmt":"2025-07-04T12:49:11","slug":"entre-les-photographes-nan-goldin-et-david-armstrong-une-amitie-a-toutes-epreuves","status":"publish","type":"post","link":"https:\/\/www.europesays.com\/fr\/225662\/","title":{"rendered":"Entre les photographes Nan Goldin et David Armstrong, une amiti\u00e9 \u00e0 toutes \u00e9preuves"},"content":{"rendered":"\n<p class=\"article__paragraph article__paragraph--lf \">C\u2019est un paradis de sable et d\u2019herbes folles tout au bout du monde, avec des petites cabanes de bois, comme sorties d\u2019un conte de f\u00e9es. La bourgade de Provincetown, \u00e0 l\u2019extr\u00e9mit\u00e9 du cap Cod, dans le Massachusetts, se m\u00e9rite. Depuis Boston, il faut prendre un ferry qui navigue sur une mer houleuse ou emprunter la route qui serpente sur la presqu\u2019\u00eele. Alors, quand on y est, on y reste. Surtout quand on n\u2019a pas un sou et que tout votre entourage est sur place.<\/p>\n<p class=\"article__paragraph article__paragraph--lf \">En ce d\u00e9but des ann\u00e9es 1970, ils sont quelques-uns \u00e0 y passer de longs mois. Certains s\u00e8chent les cours de leur \u00e9cole d\u2019art \u00e0 Boston, d\u2019autres n\u2019ont pas grand-chose \u00e0 faire ailleurs. Ils filment leurs pique-niques \u00e0 la plage en super-huit, prennent des photos. Les amants de la veille deviennent les mod\u00e8les du lendemain. C\u2019est le temps des exp\u00e9rimentations, sexuelles, artistiques.<\/p>\n<p class=\"article__paragraph article__paragraph--lf \">Deux amis, Nan Goldin et David Armstrong, sont l\u00e0, sur cette \u00ab\u00a0terre de la libert\u00e9\u00a0\u00bb, se souvient, contact\u00e9e par visio, la photographe de 71\u00a0ans, \u00e0 New York, \u00e0 la mi-juin. Elle est serveuse dans un bar lesbien, vend des hot dogs dans une gu\u00e9rite. Lui est d\u2019une beaut\u00e9 foudroyante et s\u00e9duit de nombreux hommes de passage. Ils ont achet\u00e9 une machine pour personnaliser des badges qu\u2019ils proposent aux passants.<\/p>\n<p class=\"article__paragraph article__paragraph--lf \">Ils en sont persuad\u00e9s, un jour, ils seront photographes. Ils iront \u00e0 New York. Ils n\u2019auront plus \u00e0\u00a0subir les regards d\u00e9sapprobateurs de cette Am\u00e9rique r\u00e9actionnaire qui les d\u00e9teste. Un jour, ils vivront comme ils le d\u00e9sirent. Ils ne savent pas que le chemin sera pav\u00e9 d\u2019\u00e9preuves\u00a0: sida, addictions, d\u00e9pression, mort de leurs amis\u2026 Cent fois, ils tomberont. Cent fois, ils se\u00a0rel\u00e8veront. Jusqu\u2019\u00e0 ce 26\u00a0octobre\u00a02014, o\u00f9 David Armstrong a succomb\u00e9 \u00e0 un cancer du foie \u00e0 Los Angeles. Il avait 60\u00a0ans. Et Nan Goldin s\u2019est retrouv\u00e9e sans son plus vieil ami.<\/p>\n<p class=\"reading-mode-only \"><strong>Il vous reste 90.78% de cet article \u00e0 lire. La suite est r\u00e9serv\u00e9e aux abonn\u00e9s.<\/strong><\/p>\n","protected":false},"excerpt":{"rendered":"C\u2019est un paradis de sable et d\u2019herbes folles tout au bout du monde, avec des petites cabanes de&hellip;\n","protected":false},"author":2,"featured_media":225663,"comment_status":"","ping_status":"","sticky":false,"template":"","format":"standard","meta":{"footnotes":""},"categories":[1358],"tags":[1348,1384,1385,1386,58,59,1011,27],"class_list":{"0":"post-225662","1":"post","2":"type-post","3":"status-publish","4":"format-standard","5":"has-post-thumbnail","7":"category-arts-et-design","8":"tag-arts","9":"tag-arts-and-design","10":"tag-arts-et-design","11":"tag-design","12":"tag-divertissement","13":"tag-entertainment","14":"tag-fr","15":"tag-france"},"share_on_mastodon":{"url":"https:\/\/pubeurope.com\/@fr\/114795050728998746","error":""},"_links":{"self":[{"href":"https:\/\/www.europesays.com\/fr\/wp-json\/wp\/v2\/posts\/225662","targetHints":{"allow":["GET"]}}],"collection":[{"href":"https:\/\/www.europesays.com\/fr\/wp-json\/wp\/v2\/posts"}],"about":[{"href":"https:\/\/www.europesays.com\/fr\/wp-json\/wp\/v2\/types\/post"}],"author":[{"embeddable":true,"href":"https:\/\/www.europesays.com\/fr\/wp-json\/wp\/v2\/users\/2"}],"replies":[{"embeddable":true,"href":"https:\/\/www.europesays.com\/fr\/wp-json\/wp\/v2\/comments?post=225662"}],"version-history":[{"count":0,"href":"https:\/\/www.europesays.com\/fr\/wp-json\/wp\/v2\/posts\/225662\/revisions"}],"wp:featuredmedia":[{"embeddable":true,"href":"https:\/\/www.europesays.com\/fr\/wp-json\/wp\/v2\/media\/225663"}],"wp:attachment":[{"href":"https:\/\/www.europesays.com\/fr\/wp-json\/wp\/v2\/media?parent=225662"}],"wp:term":[{"taxonomy":"category","embeddable":true,"href":"https:\/\/www.europesays.com\/fr\/wp-json\/wp\/v2\/categories?post=225662"},{"taxonomy":"post_tag","embeddable":true,"href":"https:\/\/www.europesays.com\/fr\/wp-json\/wp\/v2\/tags?post=225662"}],"curies":[{"name":"wp","href":"https:\/\/api.w.org\/{rel}","templated":true}]}}