{"id":225671,"date":"2025-07-04T12:54:11","date_gmt":"2025-07-04T12:54:11","guid":{"rendered":"https:\/\/www.europesays.com\/fr\/225671\/"},"modified":"2025-07-04T12:54:11","modified_gmt":"2025-07-04T12:54:11","slug":"ces-regions-francaises-sont-celles-ou-il-y-a-le-plus-de-crises-cardiaques-voici-la-carte","status":"publish","type":"post","link":"https:\/\/www.europesays.com\/fr\/225671\/","title":{"rendered":"Ces r\u00e9gions fran\u00e7aises sont celles o\u00f9 il y a le plus de crises cardiaques, voici la carte"},"content":{"rendered":"<p class=\"app_entry_lead\">\n                                    <a title=\"\u00a0\u00a9\u00a0Phushutter - stock.adobe.com\" href=\"https:\/\/www.europesays.com\/fr\/wp-content\/uploads\/2025\/07\/77147352.jpg\" class=\"fancy\"><\/p>\n<p>                            <img loading=\"lazy\" decoding=\"async\" src=\"https:\/\/www.europesays.com\/fr\/wp-content\/uploads\/2025\/07\/77147352.jpg\" alt=\"Ces r\u00e9gions fran\u00e7aises sont celles o\u00f9 il y a le plus de crises cardiaques, voici la carte\" width=\"1500\" height=\"1001\"\/><\/p>\n<p>                    <\/a><br \/>\n                    Chaque ann\u00e9e en France, pr\u00e8s de 50\u00a0000\u00a0personnes font une crise cardiaque subitement selon le minist\u00e8re de la Sant\u00e9. En fonction des r\u00e9gions, les habitants fran\u00e7ais ne sont pas tous autant touch\u00e9s.\n            <\/p>\n<p>Les maladies cardiovasculaires repr\u00e9sentent la deuxi\u00e8me cause de mortalit\u00e9 en France, et m\u00eame la premi\u00e8re chez les femmes.\u00a0Parmi ces maladies, il y a notamment la cardiopathie isch\u00e9mique.\u00a0Il s&rsquo;agit d&rsquo;un\u00a0r\u00e9tr\u00e9cissement des art\u00e8res qui vont vers le c\u0153ur, dont la principale cause est la crise cardiaque.\u00a0D&rsquo;apr\u00e8s <a href=\"https:\/\/www.santepubliquefrance.fr\/docs\/epidemiologie-des-cardiopathies-ischemiques-en-france\" rel=\"nofollow noopener\" target=\"_blank\">Sant\u00e9 publique France<\/a>, en 2022 plus de 240\u00a0000\u00a0personnes ont \u00e9t\u00e9 hospitalis\u00e9es pour une cardiopathie isch\u00e9mique, et l&rsquo;ann\u00e9e pr\u00e9c\u00e9dente plus de 30\u00a0000\u00a0personnes en sont d\u00e9c\u00e9d\u00e9es.\u00a0<\/p>\n<p>Toutes les r\u00e9gions fran\u00e7aises ne sont pas touch\u00e9es de la m\u00eame mani\u00e8re par ces cardiopathies isch\u00e9miques, et donc par les crises cardiaques.\u00a0De \u00ab\u00a0fortes disparit\u00e9s r\u00e9gionales\u00a0\u00bb existent au sein du pays, d&rsquo;apr\u00e8s Sant\u00e9 publique France, qui a publi\u00e9 un \u00ab\u00a0\u00e9tat des lieux\u00a0\u00bb de ces in\u00e9galit\u00e9s territoriales.\u00a0<\/p>\n<p><img decoding=\"async\" alt=\"\" src=\"https:\/\/www.europesays.com\/fr\/wp-content\/uploads\/2025\/07\/77147353.jpg\"\/><\/p>\n<p>D&rsquo;abord, il y a pr\u00e8s de 50\u00a0%\u00a0plus d&rsquo;hospitalisations pour cardiopathies isch\u00e9miques\u00a0en Corse que dans les Pays de la Loire. Les r\u00e9gions les plus touch\u00e9es sont : la Corse, le Grand-Est et Provence-Alpes-C\u00f4te-d&rsquo;Azur.\u00a0A l&rsquo;inverse, les plus \u00e9pargn\u00e9es sont les Pays de la Loire, la Bretagne et l&rsquo;Ile-de-France.\u00a0<\/p>\n<\/p>\n<p>Sant\u00e9 publique France a aussi relev\u00e9 d&rsquo;importantes diff\u00e9rences en termes de mortalit\u00e9 \u00e0 cause d&rsquo;une cardiopathie isch\u00e9mique. Elle \u00e9tait particuli\u00e8rement \u00e9lev\u00e9e en Normandie, dans les Hauts-de-France, en Bretagne ou dans le Centre-Val-de-Loire.\u00a0Les r\u00e9gions o\u00f9 elle \u00e9tait la moins \u00e9lev\u00e9e sont : Ile-de-France, Auvergne-Rh\u00f4ne-Alpes, Provence-Alpes-C\u00f4te-d&rsquo;Azur.<\/p>\n<p>Mais comment expliquer ces diff\u00e9rences entre les r\u00e9gions fran\u00e7aises ?\u00a0Selon Sant\u00e9 publique France, \u00e0 l&rsquo;\u00e9chelle des maladies cardiovasculaires, \u00ab\u00a0une grande partie des disparit\u00e9s observ\u00e9es peut s&rsquo;expliquer par les diff\u00e9rences d&rsquo;expositions aux facteurs de risque cardiovasculaire\u00a0\u00bb, comme le tabac, l&rsquo;alcool, la nutrition, le diab\u00e8te, l&rsquo;hypercholest\u00e9rol\u00e9mie ou encore l&rsquo;hypertension art\u00e9rielle. L&rsquo;ensemble de ces facteurs (qui sont majoritairement modifiables) sont en effet \u00e0 l&rsquo;origine de la majorit\u00e9 des maladies cardiovasculaires, et notamment des infarctus.<\/p>\n","protected":false},"excerpt":{"rendered":"Chaque ann\u00e9e en France, pr\u00e8s de 50\u00a0000\u00a0personnes font une crise cardiaque subitement selon le minist\u00e8re de la Sant\u00e9.&hellip;\n","protected":false},"author":2,"featured_media":225672,"comment_status":"","ping_status":"","sticky":false,"template":"","format":"standard","meta":{"footnotes":""},"categories":[10],"tags":[1011,27,72,71],"class_list":{"0":"post-225671","1":"post","2":"type-post","3":"status-publish","4":"format-standard","5":"has-post-thumbnail","7":"category-sante","8":"tag-fr","9":"tag-france","10":"tag-health","11":"tag-sante"},"share_on_mastodon":{"url":"https:\/\/pubeurope.com\/@fr\/114795070456819697","error":""},"_links":{"self":[{"href":"https:\/\/www.europesays.com\/fr\/wp-json\/wp\/v2\/posts\/225671","targetHints":{"allow":["GET"]}}],"collection":[{"href":"https:\/\/www.europesays.com\/fr\/wp-json\/wp\/v2\/posts"}],"about":[{"href":"https:\/\/www.europesays.com\/fr\/wp-json\/wp\/v2\/types\/post"}],"author":[{"embeddable":true,"href":"https:\/\/www.europesays.com\/fr\/wp-json\/wp\/v2\/users\/2"}],"replies":[{"embeddable":true,"href":"https:\/\/www.europesays.com\/fr\/wp-json\/wp\/v2\/comments?post=225671"}],"version-history":[{"count":0,"href":"https:\/\/www.europesays.com\/fr\/wp-json\/wp\/v2\/posts\/225671\/revisions"}],"wp:featuredmedia":[{"embeddable":true,"href":"https:\/\/www.europesays.com\/fr\/wp-json\/wp\/v2\/media\/225672"}],"wp:attachment":[{"href":"https:\/\/www.europesays.com\/fr\/wp-json\/wp\/v2\/media?parent=225671"}],"wp:term":[{"taxonomy":"category","embeddable":true,"href":"https:\/\/www.europesays.com\/fr\/wp-json\/wp\/v2\/categories?post=225671"},{"taxonomy":"post_tag","embeddable":true,"href":"https:\/\/www.europesays.com\/fr\/wp-json\/wp\/v2\/tags?post=225671"}],"curies":[{"name":"wp","href":"https:\/\/api.w.org\/{rel}","templated":true}]}}