{"id":225677,"date":"2025-07-04T12:57:15","date_gmt":"2025-07-04T12:57:15","guid":{"rendered":"https:\/\/www.europesays.com\/fr\/225677\/"},"modified":"2025-07-04T12:57:15","modified_gmt":"2025-07-04T12:57:15","slug":"un-immense-et-tres-rare-jet-denergie-a-ete-repere-au-dessus-de-la-terre","status":"publish","type":"post","link":"https:\/\/www.europesays.com\/fr\/225677\/","title":{"rendered":"Un immense et tr\u00e8s rare jet d\u2019\u00e9nergie a \u00e9t\u00e9 rep\u00e9r\u00e9 au-dessus de la Terre"},"content":{"rendered":"<p>Un ph\u00e9nom\u00e8ne naturel lumineux exceptionnel a \u00e9t\u00e9 rep\u00e9r\u00e9 depuis l\u2019espace. Un jet d\u2019\u00e9nergie gigantesque, qui est un type extr\u00eamement rare d\u2019\u00e9clair de haute atmosph\u00e8re, a ainsi \u00e9t\u00e9 photographi\u00e9 depuis la Station spatiale internationale.<\/p>\n<p>La photo est spectaculaire, presque hypnotique. \u00c0 quelque 400 km d\u2019altitude au-dessus de la Terre, les astronautes de la <a href=\"https:\/\/www.numerama.com\/sciences\/708603-ou-se-trouve-liss-en-ce-moment-au-dessus-de-la-terre.html\" target=\"_blank\" rel=\"noopener\">Station spatiale internationale<\/a> ont pu assister \u00e0 un \u00e9v\u00e8nement tr\u00e8s rare dans la haute atmosph\u00e8re. Et, surtout, l\u2019immortaliser, gr\u00e2ce \u00e0 une photographie qui <a href=\"https:\/\/x.com\/Astro_Ayers\/status\/1940810789830451563\" target=\"_blank\" rel=\"noreferrer noopener\">a \u00e9t\u00e9 partag\u00e9e<\/a> le 3 juillet 2025 sur X (ex-Twitter), par l\u2019astronaute Nichole Ayers.<\/p>\n<p>Pour les profanes, ce que l\u2019on voit \u00e0 l\u2019image est une sorte d\u2019\u00e9clair qui surgit de nulle part dans le ciel. Un \u00e9clair qui poss\u00e8de d\u2019ailleurs un \u00e9tonnant d\u00e9grad\u00e9 allant du rose-rouge au blanc, en passant par diff\u00e9rentes teintes de violet et de bleu. Et \u00e0 l\u2019extr\u00e9mit\u00e9 basse du ph\u00e9nom\u00e8ne, l\u2019\u00e9clair semble frapper la Terre, ce qui projette une intense lueur dans les nuages.<\/p>\n<p><a href=\"https:\/\/www.numerama.com\/wp-content\/uploads\/2025\/07\/photo-nichole-ayers-tle.jpg\" target=\"_blank\" rel=\"noopener\"><img decoding=\"async\" width=\"1024\" height=\"576\" loading=\"lazy\" alt=\"Source : Nichole Ayers\" title=\"Source : Nichole Ayers\" class=\"wp-image-2027257 placeholder-default wp-image\" src=\"https:\/\/www.europesays.com\/fr\/wp-content\/uploads\/2025\/07\/photo-nichole-ayers-tle-1024x576.jpg\" \/><\/a>Un ph\u00e9nom\u00e8ne exceptionnel a \u00e9t\u00e9 rep\u00e9r\u00e9 au-dessus de la Terrre, depuis l\u2019ISS. \/\/ Source : <a href=\"https:\/\/x.com\/Astro_Ayers\/status\/1940810789830451563\" target=\"_blank\">Nichole Ayers<\/a><\/p>\n<p>Un ph\u00e9nom\u00e8ne lumineux transitoire<\/p>\n<p>Mais les m\u00e9t\u00e9orologistes et les scientifiques, eux, connaissent bien ce genre de jet d\u2019\u00e9nergie : comme l\u2019\u00e9crit Nichole Ayers, il s\u2019agit d\u2019un \u00ab farfadet \u00bb (ou \u00ab sprite \u00bb en anglais), c\u2019est-\u00e0-dire un ph\u00e9nom\u00e8ne lumineux transitoire (ou \u00ab TLE \u00bb pour \u00ab Transient Luminous Event \u00bb), une appellation regroupant divers \u00e9v\u00e8nements lumineux se passant dans l\u2019atmosph\u00e8re.<\/p>\n<p>\u00ab Les farfadets sont des TLE qui se produisent au-dessus des nuages \u200b\u200bet sont d\u00e9clench\u00e9s par l\u2019intense activit\u00e9 \u00e9lectrique des orages situ\u00e9s en contrebas \u00bb, fait remarquer l\u2019astronaute. La photo, particuli\u00e8rement nette, devrait permettre aux sp\u00e9cialistes \u00ab de mieux comprendre la formation, les caract\u00e9ristiques et le lien entre les TLE et les orages. \u00bb<\/p>\n<p>Car ces deux perturbations atmosph\u00e9riques ne se d\u00e9roulent pas tout \u00e0 fait \u00e0 la m\u00eame altitude.<\/p>\n<p>Les orages, que l\u2019on connait bien, se d\u00e9clenchent dans la troposph\u00e8re, qui est la plus basse couche de l\u2019atmosph\u00e8re : son plafond se situe au maximum de 8 \u00e0 15 km d\u2019altitude. Plus pr\u00e9cis\u00e9ment, ils surviennent via une formation nuageuse bien pr\u00e9cise : le cumulonimbus. C\u2019est de l\u00e0 d\u2019o\u00f9 vient la foudre, notamment, avec les \u00e9clairs et le tonnerre.<\/p>\n<p><a href=\"https:\/\/www.numerama.com\/wp-content\/uploads\/2021\/10\/phenomenes-lumineux-ephemeres.jpg\" target=\"_blank\" rel=\"noopener\"><img decoding=\"async\" width=\"1024\" height=\"576\" loading=\"lazy\" alt=\"Les diff\u00e9rentes formes de TLE. \/\/ Source : Wikimedia\/CC\/Abestrobi\" title=\"Les diff\u00e9rentes formes de TLE. \/\/ Source : Wikimedia\/CC\/Abestrobi\" class=\"wp-image-746770 placeholder-default wp-image\" src=\"https:\/\/www.europesays.com\/fr\/wp-content\/uploads\/2025\/07\/phenomenes-lumineux-ephemeres-1024x576.jpg\" \/><\/a>Les diff\u00e9rentes formes de TLE. \/\/ Source : <a target=\"_blank\" href=\"https:\/\/commons.wikimedia.org\/wiki\/File:Upperatmoslight1.jpg\" rel=\"noopener\">Wikimedia\/CC\/Abestrobi<\/a><\/p>\n<p>Les TLE, eux, se situent plusieurs \u00e9tages au-dessus. Pour les farfadets, c\u2019est dans la m\u00e9sosph\u00e8re qu\u2019on les remarque, une zone de l\u2019atmosph\u00e8re allant de 50 \u00e0 80 km d\u2019altitude. C\u2019est l\u2019avant-derni\u00e8re couche avant l\u2019espace \u2014<a href=\"https:\/\/www.numerama.com\/sciences\/729027-ou-commence-lespace-la-question-est-plus-complexe-quil-ny-parait.html\" target=\"_blank\" rel=\"noopener\"> la fronti\u00e8re se situe officiellement \u00e0 100 km<\/a>, mais la thermosph\u00e8re, qui est la derni\u00e8re limite, grimpe jusqu\u2019\u00e0 600 km.<\/p>\n<p>Le flash qu\u2019a vu Nichole Ayers n\u2019est pas le premier \u00e0 se faire capturer par l\u2019objectif d\u2019une cam\u00e9ra. On se souvient qu\u2019en 2021, le spationaute fran\u00e7ais Thomas Pesquet avait, lui aussi, immortalis\u00e9 un ph\u00e9nom\u00e8ne similaire, mais sans le m\u00eame degr\u00e9 de finesse que sa coll\u00e8gue. Au loin, on d\u00e9celait alors <a href=\"https:\/\/www.numerama.com\/sciences\/746740-quelle-est-cette-lumiere-bleue-rare-photographiee-par-thomas-pesquet-depuis-liss.html\" target=\"_blank\" rel=\"noopener\">une \u00e9trange bulle extr\u00eamement lumineuse, de couleur bleut\u00e9e<\/a>.<\/p>\n<p>La photo la plus nette jamais prise d\u2019un \u00ab jet gigantesque \u00bb<\/p>\n<p>Le clich\u00e9 a suscit\u00e9 un vif enthousiasme chez les sp\u00e9cialistes, \u00e0 l\u2019image du m\u00e9t\u00e9orologue am\u00e9ricain Matthew Cappucci, <a href=\"https:\/\/x.com\/matthewcappucci\/status\/1940857426636370222\" target=\"_blank\" rel=\"noreferrer noopener\">qui l\u2019a d\u00e9crit<\/a> comme \u00ab la photo la plus nette jamais prise d\u2019un \u2018jet gigantesque\u2019 vu d\u2019au-dessus \u00bb. Elle a \u00e9t\u00e9 prise dans la matin\u00e9e du 3 juillet 2025, lorsque la Station spatiale internationale survolait le Mexique et le sud des \u00c9tats-Unis.<\/p>\n<p>\u00ab Les jets g\u00e9ants sont une sous-cat\u00e9gorie des jets bleus, eux-m\u00eames appartenant aux TLE, souvent qualifi\u00e9s d\u2019\u00e9clairs de haute atmosph\u00e8re \u00bb, a-t-il pr\u00e9cis\u00e9. \u00ab On distingue plusieurs types de TLE, notamment les farfadets rouges, les elfes verts et les jets bleus \u00bb. Ces derniers, rel\u00e8ve-t-il, \u00ab sont les plus rares. \u00bb<\/p>\n<p><a href=\"https:\/\/www.numerama.com\/wp-content\/uploads\/2021\/10\/pesquet-evenement-lumineux-transitoire.jpg\" target=\"_blank\" rel=\"noopener\"><img decoding=\"async\" width=\"1024\" height=\"576\" loading=\"lazy\" alt=\"L'\u00e9v\u00e9nement lumineux transitoire photographi\u00e9 par Thomas Pesquet. \/\/ Source : Flickr\/CC\/ESA\/NASA\u2013T. Pesquet (image recadr\u00e9e)\" title=\"L'\u00e9v\u00e9nement lumineux transitoire photographi\u00e9 par Thomas Pesquet. \/\/ Source : Flickr\/CC\/ESA\/NASA\u2013T. Pesquet (image recadr\u00e9e)\" class=\"wp-image-746762 placeholder-default wp-image\" src=\"https:\/\/www.europesays.com\/fr\/wp-content\/uploads\/2025\/07\/pesquet-evenement-lumineux-transitoire-1024x576.jpg\" \/><\/a>L\u2019\u00e9v\u00e9nement lumineux transitoire photographi\u00e9 par Thomas Pesquet. \/\/ Source : <a target=\"_blank\" href=\"https:\/\/www.flickr.com\/photos\/thom_astro\/51562573278\/\" rel=\"noopener\">ESA\/NASA\u2013T. Pesquet<\/a><\/p>\n<p>D\u2019apr\u00e8s lui, il convient de parler d\u2019un jet gigantesque en raison des sommets rouge\u00e2tres au-dessus du ph\u00e9nom\u00e8ne, qui sont \u00ab semblables \u00e0 la tige d\u2019une carotte \u00bb. Cette teinte est le signe que le jet a atteint des altitudes vraiment tr\u00e8s \u00e9lev\u00e9es, peut-\u00eatre jusqu\u2019\u00e0 80 \u00e0 95 km. D\u2019ailleurs, au-dessus, c\u2019est avec cette teinte que se font remarquer les farfadets.<\/p>\n<p>\u00ab Les elfes et les farfadets se produisent tr\u00e8s haut au-dessus des orages, mais les jets forment un pont entre l\u2019orage et la stratosph\u00e8re situ\u00e9e bien plus haut. Parfois, ils atteignent m\u00eame la base de la m\u00e9sosph\u00e8re \u2013 l\u2019altitude \u00e0 laquelle se consument <a href=\"https:\/\/www.numerama.com\/sciences\/879809-quest-ce-quune-meteorite.html\" data-popover-target=\"definition\" data-tag=\"Qu\u2019est-ce qu\u2019une m\u00e9t\u00e9orite\u00a0?\" data-chapo=\"Les m\u00e9t\u00e9orites sont des roches extraterrestres, pris\u00e9es des collectionneurs et des f\u00e9rus d&#039;espace. Mais, qu&#039;est-ce qu&#039;une m\u00e9t\u00e9orite exactement ? Quelle diff\u00e9rence entre m\u00e9t\u00e9orite, m\u00e9t\u00e9ore, m\u00e9t\u00e9oro\u00efde et bolide ?\" data-image=\"https:\/\/c0.lestechnophiles.com\/www.numerama.com\/wp-content\/uploads\/2023\/09\/meteorite-vigie-ciel-3-1024x576.jpg?key=46701ad9\" target=\"_blank\" rel=\"noopener\">les m\u00e9t\u00e9orites<\/a> ! \u00bb. Mais ils sont extr\u00eamement durs \u00e0 saisir, car ils sont hautement fugaces.<\/p>\n<blockquote>\n<p>\u00ab Ce clich\u00e9 est v\u00e9ritablement unique \u00bb<\/p>\n<p>Matthew Cappucci<\/p><\/blockquote>\n<p>On parle en effet d\u2019un ph\u00e9nom\u00e8ne qui se manifeste pendant deux ou trois dixi\u00e8mes de seconde (la dur\u00e9e peut en r\u00e9alit\u00e9 \u00eatre plus variable selon le type de TLE et les conditions atmosph\u00e9riques), et filant dans l\u2019atmosph\u00e8re de 10 \u00e0 145 kilom\u00e8tres par\u2026 seconde. De fait, leur bri\u00e8vet\u00e9 et leur c\u00e9l\u00e9rit\u00e9 sont les deux grands freins \u00e0 leur observation.<\/p>\n<p>D\u2019ailleurs, Matthew Cappucci fait remarquer que l\u2019existence de ces \u00e9clairs de haute atmosph\u00e8re n\u2019a \u00e9t\u00e9 reconnue qu\u2019en 1989, quand un scientifique, R. C. Franz, a laiss\u00e9 une cam\u00e9ra tourner toute la nuit pour filmer le ciel. Ainsi, il a permis de confirmer concr\u00e8tement les t\u00e9moignages des pilotes d\u2019avion, qui signalaient r\u00e9guli\u00e8rement ces \u00e9tranges lueurs color\u00e9es dans le ciel.<\/p>\n<p>De fait, la photo d\u2019Ayers est vue comme une b\u00e9n\u00e9diction, consid\u00e9rant la difficult\u00e9 \u00e0 suivre ces ph\u00e9nom\u00e8nes extr\u00eamement rares. \u00ab La plupart des informations proviennent de photographes chanceux. Ce clich\u00e9 est v\u00e9ritablement unique \u00bb a ainsi insist\u00e9 le m\u00e9t\u00e9orologiste. Cela, jusqu\u2019au prochain coup de chance d\u2019un photographe qui sera au bon endroit, au bon moment.<\/p>\n<p>            <img decoding=\"async\" src=\"https:\/\/www.europesays.com\/fr\/wp-content\/uploads\/2025\/04\/iPhone-16-pro.png\" alt=\"Toute l'actu tech en un clien d'oeil\"\/><\/p>\n<p class=\"card-install-pwa__title\">Toute l&rsquo;actu tech en un clin d&rsquo;\u0153il<\/p>\n<p class=\"card-install-pwa__description\">Ajoutez Numerama \u00e0 votre \u00e9cran d&rsquo;accueil et restez connect\u00e9s au futur !<\/p>\n<p>            <img decoding=\"async\" src=\"https:\/\/www.numerama.com\/wp-content\/themes\/numerama-next\/assets\/images\/premium\/logo-card-pwa-coupe.svg\" alt=\"Logo PWA\"\/><\/p>\n<p>       Installer Numerama<\/p>\n<p class=\"title\">\n            Regardez le monde depuis l&rsquo;            <a href=\"https:\/\/www.numerama.com\/sciences\/espace\/\" target=\"_blank\" rel=\"noopener\"><br \/>\n                Espace            <\/a>\n        <\/p>\n","protected":false},"excerpt":{"rendered":"Un ph\u00e9nom\u00e8ne naturel lumineux exceptionnel a \u00e9t\u00e9 rep\u00e9r\u00e9 depuis l\u2019espace. Un jet d\u2019\u00e9nergie gigantesque, qui est un type&hellip;\n","protected":false},"author":2,"featured_media":225678,"comment_status":"","ping_status":"","sticky":false,"template":"","format":"standard","meta":{"footnotes":""},"categories":[7],"tags":[16706,1011,27,5340,43,40,41,39,23282,42,44],"class_list":{"0":"post-225677","1":"post","2":"type-post","3":"status-publish","4":"format-standard","5":"has-post-thumbnail","7":"category-sciences-et-technologies","8":"tag-atmosphere","9":"tag-fr","10":"tag-france","11":"tag-iss","12":"tag-science","13":"tag-science-and-technology","14":"tag-sciences","15":"tag-sciences-et-technologies","16":"tag-station-spatiale","17":"tag-technologies","18":"tag-technology"},"share_on_mastodon":{"url":"https:\/\/pubeurope.com\/@fr\/114795082456004597","error":""},"_links":{"self":[{"href":"https:\/\/www.europesays.com\/fr\/wp-json\/wp\/v2\/posts\/225677","targetHints":{"allow":["GET"]}}],"collection":[{"href":"https:\/\/www.europesays.com\/fr\/wp-json\/wp\/v2\/posts"}],"about":[{"href":"https:\/\/www.europesays.com\/fr\/wp-json\/wp\/v2\/types\/post"}],"author":[{"embeddable":true,"href":"https:\/\/www.europesays.com\/fr\/wp-json\/wp\/v2\/users\/2"}],"replies":[{"embeddable":true,"href":"https:\/\/www.europesays.com\/fr\/wp-json\/wp\/v2\/comments?post=225677"}],"version-history":[{"count":0,"href":"https:\/\/www.europesays.com\/fr\/wp-json\/wp\/v2\/posts\/225677\/revisions"}],"wp:featuredmedia":[{"embeddable":true,"href":"https:\/\/www.europesays.com\/fr\/wp-json\/wp\/v2\/media\/225678"}],"wp:attachment":[{"href":"https:\/\/www.europesays.com\/fr\/wp-json\/wp\/v2\/media?parent=225677"}],"wp:term":[{"taxonomy":"category","embeddable":true,"href":"https:\/\/www.europesays.com\/fr\/wp-json\/wp\/v2\/categories?post=225677"},{"taxonomy":"post_tag","embeddable":true,"href":"https:\/\/www.europesays.com\/fr\/wp-json\/wp\/v2\/tags?post=225677"}],"curies":[{"name":"wp","href":"https:\/\/api.w.org\/{rel}","templated":true}]}}