{"id":225681,"date":"2025-07-04T12:59:09","date_gmt":"2025-07-04T12:59:09","guid":{"rendered":"https:\/\/www.europesays.com\/fr\/225681\/"},"modified":"2025-07-04T12:59:09","modified_gmt":"2025-07-04T12:59:09","slug":"une-reunion-des-pays-volontaires-dont-la-france-organisee-au-royaume-uni","status":"publish","type":"post","link":"https:\/\/www.europesays.com\/fr\/225681\/","title":{"rendered":"une r\u00e9union des \u00abpays volontaires\u00bb, dont la France, organis\u00e9e au Royaume-Uni"},"content":{"rendered":"<p><strong>LE POINT SUR LA SITUATION<\/strong> &#8211; Emmanuel Macron et Keir Starmer copr\u00e9sideront le jeudi 10 juillet une r\u00e9union des \u00abpays volontaires\u00bb depuis le Royaume-Uni, a annonc\u00e9 l\u2019\u00c9lys\u00e9e ce vendredi.<\/p>\n<p class=\"fig-paragraph\">Berlin envisage l\u2019achat aux \u00c9tats-Unis de syst\u00e8mes antia\u00e9riens Patriot pour Kiev, tandis qu\u2019une r\u00e9union de pays \u00abvolontaires\u00bb se tiendra au Royaume-Uni le 10 juillet pour renforcer les d\u00e9fenses de l\u2019Ukraine. Le Figaro fait le point sur les derniers \u00e9v\u00e8nements li\u00e9s au conflit.<\/p>\n<p>Macron et Starmer copr\u00e9sideront une r\u00e9union des pays \u00abvolontaires\u00bb le 10 juillet depuis le Royaume-Uni<\/p>\n<p class=\"fig-paragraph\">Alors qu\u2019Emmanuel Macron\u00a0<a href=\"http:\/\/www.lefigaro.fr\/politique\/royaume-uni-emmanuel-macron-s-adressera-mardi-au-parlement-20250704\" target=\"_blank\" data-fig-type=\"NewsFlash\" rel=\"noopener\" data-gtm-custom-categorie=\"navigation\" data-gtm-custom-action=\"crossclick\" data-gtm-custom-label=\"Contextuel\" data-gtm-event=\"customEventSPE\" data-fig-domain=\"LEFIGARO\">se rendra au Royaume-Uni mardi prochain<\/a>, l\u2019\u00c9lys\u00e9e a annonc\u00e9 vendredi 4 juillet que le premier ministre britannique\u00a0<a href=\"http:\/\/www.lefigaro.fr\/international\/royaume-uni-un-ukrainien-soupconne-d-incendie-sur-des-proprietes-liees-a-keir-starmer-place-en-detention-20250516\" target=\"_blank\" data-fig-type=\"NewsFlash\" rel=\"noopener\" data-gtm-custom-categorie=\"navigation\" data-gtm-custom-action=\"crossclick\" data-gtm-custom-label=\"Contextuel\" data-gtm-event=\"customEventSPE\" data-fig-domain=\"LEFIGARO\">Keir Starmer<\/a>\u00a0et le pr\u00e9sident fran\u00e7ais copr\u00e9sideront jeudi en visioconf\u00e9rence depuis la base de Northwood, pr\u00e8s de Londres, une r\u00e9union des pays \u00abvolontaires\u00bb pour un renforcement de la d\u00e9fense de l\u2019Ukraine face \u00e0 la Russie. Cette force de r\u00e9assurance, encore tr\u00e8s th\u00e9orique, vise \u00e0 garantir la s\u00e9curit\u00e9 de l\u2019Ukraine apr\u00e8s un \u00e9ventuel cessez-le-feu pour dissuader une nouvelle offensive russe.<\/p>\n<p>                                    <a class=\"fig-a11y-skip a11y-hidden\" href=\"#fig-a11y-skip-main-inarticle\"><br \/>\n        Passer la publicit\u00e9<br \/>\n    <\/a><\/p>\n<p class=\"fig-paragraph\">Ils \u00e9changeront avec le pr\u00e9sident ukrainien Volodymyr Zelensky et d\u2019autres dirigeants, dont le chancelier allemand\u00a0<a href=\"https:\/\/www.lefigaro.fr\/tag\/friedrich-merz\" target=\"_blank\" rel=\"noopener\" data-gtm-custom-categorie=\"navigation\" data-gtm-custom-action=\"crossclick\" data-gtm-custom-label=\"Contextuel\" data-gtm-event=\"customEventSPE\">Friedrich Merz<\/a>\u00a0et la premi\u00e8re ministre italienne\u00a0<a href=\"https:\/\/www.lefigaro.fr\/tag\/giorgia-meloni\" target=\"_blank\" rel=\"noopener\" data-gtm-custom-categorie=\"navigation\" data-gtm-custom-action=\"crossclick\" data-gtm-custom-label=\"Contextuel\" data-gtm-event=\"customEventSPE\">Giorgia Meloni<\/a>, qui seront r\u00e9unis \u00e0 Rome au m\u00eame moment pour une conf\u00e9rence sur la reconstruction de l\u2019Ukraine, ainsi qu\u2019avec d\u2019autres responsables dans d\u2019autres capitales, a indiqu\u00e9 la pr\u00e9sidence fran\u00e7aise.<\/p>\n<p class=\"fig-paragraph\">\u00abIl y aura certainement une r\u00e9flexion sur comment maintenir s\u00e9rieusement l\u2019Ukraine en capacit\u00e9 de combat\u00bb, assurer la \u00abr\u00e9g\u00e9n\u00e9ration de l\u2019arm\u00e9e ukrainienne\u00bb et d\u00e9ployer \u00able moment venu une force de r\u00e9assurance dans le cadre d\u2019un cessez-le-feu\u00bb, a pr\u00e9cis\u00e9 l\u2019\u00c9lys\u00e9e.<\/p>\n<p class=\"fig-paragraph\">L\u2019id\u00e9e est donc de renforcer l\u2019arm\u00e9e ukrainienne et de la mettre aux normes de l\u2019Otan afin qu\u2019elle devienne suffisamment puissante pour dissuader Moscou. Jeudi, la discussion portera aussi sur \u00abcomment augmenter la pression sur la Russie pour l\u2019amener \u00e0 accepter ce cessez-le-feu inconditionnel auquel elle se refuse avec constance\u00bb, a soulign\u00e9 l\u2019\u00c9lys\u00e9e.<\/p>\n<p>Des appels successifs avec Vladimir Poutine et Volodymyr Zelensky pour Donald Trump<\/p>\n<p class=\"fig-paragraph\">Dans un rare aveu d\u2019impuissance, Donald Trump a reconnu jeudi n\u2019avoir fait \u00abaucun progr\u00e8s\u00bb visant \u00e0 mettre fin \u00e0 la guerre en Ukraine, lors d\u2019un appel t\u00e9l\u00e9phonique avec son homologue russe Vladimir Poutine. La conversation Poutine-Trump intervenait au lendemain de l\u2019<a href=\"http:\/\/www.lefigaro.fr\/international\/washington-confirme-stopper-certaines-livraisons-d-armes-a-l-ukraine-20250702\" target=\"_blank\" data-fig-type=\"NewsFlash\" rel=\"noopener\" data-gtm-custom-categorie=\"navigation\" data-gtm-custom-action=\"crossclick\" data-gtm-custom-label=\"Contextuel\" data-gtm-event=\"customEventSPE\" data-fig-domain=\"LEFIGARO\">annonce par Washington<\/a>\u00a0d\u2019une pause dans la livraison de certaines armes \u00e0 l\u2019Ukraine, une d\u00e9cision qui risque de mettre Kiev dans une position difficile \u00e0 un moment o\u00f9 les troupes russes continuent d\u2019avancer sur le front.<\/p>\n<p class=\"fig-paragraph\">Le pr\u00e9sident am\u00e9ricain Donald Trump aura un appel t\u00e9l\u00e9phonique ce vendredi apr\u00e8s-midi avec le pr\u00e9sident ukrainien, Volodymyr Zelensky. Le pr\u00e9sident de la R\u00e9publique, Emmanuel Macron, a reconnu s\u2019\u00eatre entretenu avec son homologue am\u00e9ricain jeudi soir. Il a dit vendredi \u00abesp\u00e9rer\u00bb que cet appel permettrait \u00abd\u2019apporter toutes les r\u00e9ponses qui sont attendues par les Ukrainiens\u00bb.<\/p>\n<p>                                    <a class=\"fig-a11y-skip a11y-hidden\" href=\"#fig-a11y-skip-main-inarticle_mtf\"><br \/>\n        Passer la publicit\u00e9<br \/>\n    <\/a><\/p>\n<p>Berlin envisage l\u2019achat aux \u00c9tats-Unis de syst\u00e8mes antia\u00e9riens Patriot pour Kiev<\/p>\n<p class=\"fig-paragraph\">Le gouvernement allemand a d\u00e9clar\u00e9 envisager l\u2019achat aupr\u00e8s des Am\u00e9ricains de syst\u00e8mes de d\u00e9fense antia\u00e9rienne Patriot pour l\u2019Ukraine apr\u00e8s l\u2019annonce par les \u00c9tats-Unis de la suspension de livraison de certaines armes \u00e0 Kiev. Le porte-parole du gouvernement allemand a annonc\u00e9 ce vendredi que \u00abd\u2019intenses discussions ont lieu \u00e0 ce sujet\u00bb.<\/p>\n<p><strong>Un nouvel \u00e9change de prisonniers avec l\u2019Ukraine annonc\u00e9 par la Russie<\/strong><\/p>\n<p class=\"fig-paragraph\">La Russie a annonc\u00e9 vendredi avoir proc\u00e9d\u00e9 \u00e0 un nouvel\u00a0<a href=\"http:\/\/www.lefigaro.fr\/international\/guerre-en-ukraine-nouvel-echange-de-prisonniers-entre-moscou-et-kiev-20250620\" target=\"_blank\" data-fig-type=\"NewsFlash\" rel=\"noopener\" data-gtm-custom-categorie=\"navigation\" data-gtm-custom-action=\"crossclick\" data-gtm-custom-label=\"Contextuel\" data-gtm-event=\"customEventSPE\" data-fig-domain=\"LEFIGARO\">\u00e9change de prisonniers de guerre<\/a>\u00a0avec l\u2019Ukraine, dans le cadre d\u2019un accord convenu avec Kiev d\u00e9but juin au cours de n\u00e9gociations \u00e0 Istanbul. \u00abLe 4 juillet, un nouveau groupe de soldats russes est revenu du territoire contr\u00f4l\u00e9 par le r\u00e9gime de Kiev\u00bb, a indiqu\u00e9 le minist\u00e8re russe de la D\u00e9fense dans un communiqu\u00e9. Un \u00e9change confirm\u00e9 par le pr\u00e9sident ukrainien Volodymyr Zelensky, qui a pr\u00e9cis\u00e9 que Kiev a r\u00e9cup\u00e9r\u00e9 des militaires dont \u00abla plupart d\u2019entre eux \u00e9taient d\u00e9tenus par les Russes depuis 2022\u00bb, ainsi que des civils .\u00abLes \u00e9changes doivent se poursuivre (&#8230;) L\u2019objectif de l\u2019Ukraine est de lib\u00e9rer tous nos compatriotes d\u00e9tenus par la Russie\u00bb, a-t-il indiqu\u00e9 sur Telegram.<\/p>\n<p class=\"fig-paragraph\">Le 2 juin, Kiev et Moscou avaient convenu de lib\u00e9rer tous leurs prisonniers de guerre jeunes ou bless\u00e9s, et de rendre les d\u00e9pouilles des combattants tu\u00e9s, seul r\u00e9sultat tangible de ces\u00a0<a href=\"http:\/\/www.lefigaro.fr\/international\/guerre-en-ukraine-que-demandent-kiev-et-moscou-avant-les-pourparlers-a-istanbul-20250602\" target=\"_blank\" data-fig-type=\"NewsFlash\" rel=\"noopener\" data-gtm-custom-categorie=\"navigation\" data-gtm-custom-action=\"crossclick\" data-gtm-custom-label=\"Contextuel\" data-gtm-event=\"customEventSPE\" data-fig-domain=\"LEFIGARO\">n\u00e9gociations<\/a>\u00a0men\u00e9es \u00e0 Istanbul. Le retour \u00e0 la Maison Blanche de Donald Trump en d\u00e9but d\u2019ann\u00e9e a permis la relance en mai des discussions de paix directes entre Ukrainiens et Russes, qui \u00e9taient \u00e0 l\u2019arr\u00eat depuis le printemps 2022.<\/p>\n<p class=\"fig-paragraph\">La Russie, qui a d\u00e9clench\u00e9 il y a plus de trois ans une offensive massive en Ukraine, a rejet\u00e9 toute tr\u00eave prolong\u00e9e et exige, pour mettre fin au conflit, que l\u2019Ukraine lui c\u00e8de notamment quatre r\u00e9gions, en plus de la p\u00e9ninsule de Crim\u00e9e annex\u00e9e en 2014, et que Kiev renonce \u00e0 rejoindre l\u2019Otan. Des conditions jug\u00e9es inacceptables par l\u2019Ukraine qui r\u00e9clame une tr\u00eave sans conditions de 30 jours avant des n\u00e9gociations de paix avec Moscou et veut que l\u2019arm\u00e9e russe se retire enti\u00e8rement de son territoire.<\/p>\n","protected":false},"excerpt":{"rendered":"LE POINT SUR LA SITUATION &#8211; Emmanuel Macron et Keir Starmer copr\u00e9sideront le jeudi 10 juillet une r\u00e9union&hellip;\n","protected":false},"author":2,"featured_media":225682,"comment_status":"","ping_status":"","sticky":false,"template":"","format":"standard","meta":{"footnotes":""},"categories":[5],"tags":[11,1073,1011,27,131,14,2581,12,32457,28],"class_list":{"0":"post-225681","1":"post","2":"type-post","3":"status-publish","4":"format-standard","5":"has-post-thumbnail","7":"category-international","8":"tag-actualites","9":"tag-emmanuel-macron","10":"tag-fr","11":"tag-france","12":"tag-guerre-en-ukraine","13":"tag-international","14":"tag-keir-starmer","15":"tag-news","16":"tag-prisonnier-de-guerre","17":"tag-world"},"share_on_mastodon":{"url":"https:\/\/pubeurope.com\/@fr\/114795090005140827","error":""},"_links":{"self":[{"href":"https:\/\/www.europesays.com\/fr\/wp-json\/wp\/v2\/posts\/225681","targetHints":{"allow":["GET"]}}],"collection":[{"href":"https:\/\/www.europesays.com\/fr\/wp-json\/wp\/v2\/posts"}],"about":[{"href":"https:\/\/www.europesays.com\/fr\/wp-json\/wp\/v2\/types\/post"}],"author":[{"embeddable":true,"href":"https:\/\/www.europesays.com\/fr\/wp-json\/wp\/v2\/users\/2"}],"replies":[{"embeddable":true,"href":"https:\/\/www.europesays.com\/fr\/wp-json\/wp\/v2\/comments?post=225681"}],"version-history":[{"count":0,"href":"https:\/\/www.europesays.com\/fr\/wp-json\/wp\/v2\/posts\/225681\/revisions"}],"wp:featuredmedia":[{"embeddable":true,"href":"https:\/\/www.europesays.com\/fr\/wp-json\/wp\/v2\/media\/225682"}],"wp:attachment":[{"href":"https:\/\/www.europesays.com\/fr\/wp-json\/wp\/v2\/media?parent=225681"}],"wp:term":[{"taxonomy":"category","embeddable":true,"href":"https:\/\/www.europesays.com\/fr\/wp-json\/wp\/v2\/categories?post=225681"},{"taxonomy":"post_tag","embeddable":true,"href":"https:\/\/www.europesays.com\/fr\/wp-json\/wp\/v2\/tags?post=225681"}],"curies":[{"name":"wp","href":"https:\/\/api.w.org\/{rel}","templated":true}]}}