{"id":225696,"date":"2025-07-04T13:07:19","date_gmt":"2025-07-04T13:07:19","guid":{"rendered":"https:\/\/www.europesays.com\/fr\/225696\/"},"modified":"2025-07-04T13:07:19","modified_gmt":"2025-07-04T13:07:19","slug":"toulon-a-tranche-pour-lavenir-de-maa-nonu","status":"publish","type":"post","link":"https:\/\/www.europesays.com\/fr\/225696\/","title":{"rendered":"Toulon a tranch\u00e9 pour l&rsquo;avenir de Ma&rsquo;a Nonu"},"content":{"rendered":"<p style=\"text-align: justify;\"><strong>TRANSFERTS RUGBY \u2013 Il n\u2019\u00e9tait venu que pour quelques mois, il va finalement rester sur le long terme. Ma\u2019a Nonu, 43 ans, va rempiler pour une saison suppl\u00e9mentaire au RC Toulon.<br \/><\/strong><\/p>\n<p style=\"text-align: justify;\">L\u2019\u00e2ge ne semble pas avoir d\u2019effet sur <strong>Ma\u2019a Nonu<\/strong>. \u00c0 43 ans, et apr\u00e8s 103 s\u00e9lections sous le maillot des All Blacks, le centre \u00e9tait<a href=\"https:\/\/dicodusport.fr\/blog\/transferts-maa-nonu-fait-son-retour-en-top-14\/\" target=\"_blank\" rel=\"noopener\"> arriv\u00e9 en f\u00e9vrier dernier du c\u00f4t\u00e9 de Toulon<\/a> pour une pige de quelques mois. Venu en tant que joker m\u00e9dical, il revenait sur la Rade, o\u00f9 il avait d\u00e9j\u00e0 port\u00e9 le maillot toulonnais. C\u2019\u00e9tait de 2015 \u00e0 2018, puis lors de la saison 2020-2021. Cette pige devait donc prendre fin cet \u00e9t\u00e9, au 30 juin. Mais, selon nos confr\u00e8res de <a href=\"https:\/\/www.lequipe.fr\/Rugby\/Actualites\/Arrive-en-fevrier-ma-a-nonu-a-seduit-tout-le-monde-et-va-rester-a-toulon\/1575306\" target=\"_blank\" rel=\"noopener\">L\u2019\u00c9quipe<\/a>, <a href=\"https:\/\/dicodusport.fr\/blog\/video-plus-belles-actions-maa-nonu\/\" target=\"_blank\" rel=\"noopener\">Ma\u2019a Nonu<\/a> a plus que convaincu les dirigeants de Toulon. <\/p>\n<p><a href=\"https:\/\/dicodusport.fr\/blog\/transferts-rc-toulon-2025-arrivees-departs-et-prolongations\/\" class=\"vlp-link\" title=\"Transferts RC Toulon 2025 : Recrues, d\u00e9parts et prolongations\" target=\"_blank\" rel=\"noopener\"><img loading=\"lazy\" decoding=\"async\" style=\"max-width: 792px;\" width=\"792\" height=\"445\" class=\"attachment-800x445 size-800x445 perfmatters-lazy\" alt=\"Transferts Rugby Garry Ringrose, Mathis Fert\u00e9, Karim Ghezal, les infos du jeudi 5 d\u00e9cembre\" src=\"https:\/\/www.europesays.com\/fr\/wp-content\/uploads\/2025\/05\/Transferts-Rugby-Garry-Ringrose-Mathis-Ferte-Karim-Ghezal-les-infos-du-jeudi-5-decembre.png\"  data-\/><\/p>\n<p>Transferts RC Toulon 2025 : Recrues, d\u00e9parts et prolongations<\/p>\n<p>Arriv\u00e9es, d\u00e9parts et prolongations au RC Toulon<\/p>\n<p>Lire l&rsquo;article<\/p>\n<p>dicodusport.fr<\/p>\n<p>Une prolongation d\u2019un an pour Ma\u2019a Nonu<\/p>\n<p style=\"text-align: justify;\">Un constat confirm\u00e9 par son manager <a href=\"https:\/\/dicodusport.fr\/blog\/transferts-le-rc-toulon-a-tranche-pour-lavenir-de-pierre-mignoni\/\" target=\"_blank\" rel=\"noopener\"><strong>Pierre Mignoni<\/strong><\/a> en amont de la demi-finale perdue face \u00e0 l\u2019UBB : \u00ab Il transpire le rugby et impacte les autres joueurs dans le vestiaire. Notre groupe avait besoin de quelqu\u2019un comme \u00e7a : qu\u2019il soit sur le terrain, c\u2019est une bonne chose, mais qu\u2019il n\u2019y soit pas, c\u2019est une bonne chose aussi. Je me r\u00e9gale \u00e0 le coacher. J\u2019aime beaucoup l\u2019homme et le joueur \u00bb. En seulement 4 matchs de Top 14, Ma\u2019a Nonu a donc convaincu tout le RC Toulon de le conserver.<\/p>\n<p style=\"text-align: justify;\">Il devrait donc prolonger d\u2019un an, alors que le club est en qu\u00eate d\u2019un renfort au poste de trois-quarts centre depuis plusieurs semaines. D\u00e9sormais doyen du championnat de France, il devait initialement rentrer en Nouvelle-Z\u00e9lande. En restant dans le Var, il retrouvera un de ses co\u00e9quipiers de cette saison, qui a davantage jou\u00e9 cette saison. En effet, <strong>Jeremy Sinzelle<\/strong>, autre trois-quarts centre exp\u00e9riment\u00e9 (35 ans le 9 juillet), va \u00e9galement prolonger. Tout comme <strong>Micka\u00ebl Ivaldi<\/strong> (35 ans), au poste de talonneur. L\u2019exp\u00e9rience est donc de mise au RC Toulon pour l\u2019ann\u00e9e prochaine.<\/p>\n","protected":false},"excerpt":{"rendered":"TRANSFERTS RUGBY \u2013 Il n\u2019\u00e9tait venu que pour quelques mois, il va finalement rester sur le long terme.&hellip;\n","protected":false},"author":2,"featured_media":225697,"comment_status":"","ping_status":"","sticky":false,"template":"","format":"standard","meta":{"footnotes":""},"categories":[9619],"tags":[1111,11,2113,1777,674,1011,27,12,882,25,2310,24662,477,36445],"class_list":{"0":"post-225696","1":"post","2":"type-post","3":"status-publish","4":"format-standard","5":"has-post-thumbnail","7":"category-toulon","8":"tag-actu","9":"tag-actualites","10":"tag-breve","11":"tag-eu","12":"tag-europe","13":"tag-fr","14":"tag-france","15":"tag-news","16":"tag-provence-alpes-cote-dazur","17":"tag-republique-francaise","18":"tag-toulon","19":"tag-transferts-rc-toulon","20":"tag-transferts-rugby","21":"tag-transferts-top-14"},"share_on_mastodon":{"url":"https:\/\/pubeurope.com\/@fr\/114795121787415979","error":""},"_links":{"self":[{"href":"https:\/\/www.europesays.com\/fr\/wp-json\/wp\/v2\/posts\/225696","targetHints":{"allow":["GET"]}}],"collection":[{"href":"https:\/\/www.europesays.com\/fr\/wp-json\/wp\/v2\/posts"}],"about":[{"href":"https:\/\/www.europesays.com\/fr\/wp-json\/wp\/v2\/types\/post"}],"author":[{"embeddable":true,"href":"https:\/\/www.europesays.com\/fr\/wp-json\/wp\/v2\/users\/2"}],"replies":[{"embeddable":true,"href":"https:\/\/www.europesays.com\/fr\/wp-json\/wp\/v2\/comments?post=225696"}],"version-history":[{"count":0,"href":"https:\/\/www.europesays.com\/fr\/wp-json\/wp\/v2\/posts\/225696\/revisions"}],"wp:featuredmedia":[{"embeddable":true,"href":"https:\/\/www.europesays.com\/fr\/wp-json\/wp\/v2\/media\/225697"}],"wp:attachment":[{"href":"https:\/\/www.europesays.com\/fr\/wp-json\/wp\/v2\/media?parent=225696"}],"wp:term":[{"taxonomy":"category","embeddable":true,"href":"https:\/\/www.europesays.com\/fr\/wp-json\/wp\/v2\/categories?post=225696"},{"taxonomy":"post_tag","embeddable":true,"href":"https:\/\/www.europesays.com\/fr\/wp-json\/wp\/v2\/tags?post=225696"}],"curies":[{"name":"wp","href":"https:\/\/api.w.org\/{rel}","templated":true}]}}