{"id":225706,"date":"2025-07-04T13:14:14","date_gmt":"2025-07-04T13:14:14","guid":{"rendered":"https:\/\/www.europesays.com\/fr\/225706\/"},"modified":"2025-07-04T13:14:14","modified_gmt":"2025-07-04T13:14:14","slug":"le-petit-train-de-la-mure-suspendu-temporairement-a-cause-de-problemes-techniques-a-repetition","status":"publish","type":"post","link":"https:\/\/www.europesays.com\/fr\/225706\/","title":{"rendered":"le Petit Train de La Mure suspendu temporairement \u00e0 cause de probl\u00e8mes techniques \u00e0 r\u00e9p\u00e9tition"},"content":{"rendered":"<p>\t\t\t\t\t\t\t\t\t\t\t<img loading=\"lazy\" decoding=\"async\" width=\"1110\" title=\"Pr\u00e8s de Grenoble : le Petit Train de La Mure suspendu temporairement \u00e0 cause de probl\u00e8mes techniques \u00e0 r\u00e9p\u00e9tition\" class=\"img-fluid not_lzld mb-3\" src=\"https:\/\/www.europesays.com\/fr\/wp-content\/uploads\/2025\/07\/1110x624_pres-de-grenoble-le-petit-train-de-la-mure-suspendu-temporairement-a-cause-de-problemes-tec.jpeg\" alt=\"Pr\u00e8s de Grenoble : le Petit Train de La Mure suspendu temporairement \u00e0 cause de probl\u00e8mes techniques \u00e0 r\u00e9p\u00e9tition\" itemprop=\"image\" height=\"624\"\/>\t\t\t\t\t\t\t\t\t\t\t\t<\/p>\n<p>Pr\u00e8s de Grenoble : le Petit Train de La Mure suspendu temporairement \u00e0 cause de probl\u00e8mes techniques \u00e0 r\u00e9p\u00e9tition &#8211; DR<\/p>\n<p itemprop=\"description\"><strong>Faute de soucis techniques, la circulation du Petit Train de La Mure a \u00e9t\u00e9 suspendue.<\/strong><\/p>\n<p>Le c\u00e9l\u00e8bre Petit Train de La Mure a repris du service depuis le mois d\u2019avril dernier gr\u00e2ce \u00e0 l\u2019arriv\u00e9e des beaux jours. Mais, dans un communiqu\u00e9 paru ce vendredi 4 juillet, la soci\u00e9t\u00e9 a tir\u00e9 la sonnette d\u2019alarme sur l\u2019\u00e9tat de la locomotive. Depuis la reprise du trafic, elle n\u2019a cess\u00e9 de rencontrer des d\u00e9faillances m\u00e9caniques.<\/p>\n<p>Par soucis de s\u00e9curit\u00e9, la circulation a d\u00fb \u00eatre suspendue temporairement \u00e0 de nombreuses reprises. Et l\u2019est de nouveau pour une dur\u00e9e ind\u00e9termin\u00e9e. \u00ab\u00a0Les \u00e9quipes sont totalement mobilis\u00e9es actuellement pour mettre en \u0153uvre une solution technique p\u00e9renne, en concertation avec ses partenaires institutionnels et industriels. Le calendrier et les horaires de reprise d&rsquo;exploitation seront prochainement communiqu\u00e9s\u00a0\u00bb, a indiqu\u00e9 l\u2019entreprise.<\/p>\n<p>La faute de ces probl\u00e8mes \u00e0 r\u00e9p\u00e9tition remonterait \u00e0 2021. Cette ann\u00e9e-l\u00e0, le Petit Train de La Mure avait \u00e9t\u00e9 remis partiellement sur pied, alors que les travaux de r\u00e9novation n\u2019\u00e9taient pas encore termin\u00e9s : \u00ab\u00a0Si cette solution a permis de relancer l\u2019activit\u00e9, elle ne garantissait pas une exploitation durable \u00e0 moyen ou long terme\u00a0\u00bb.<\/p>\n<p>Le Petit Train de La Mure fait partie du patrimoine is\u00e9rois depuis le si\u00e8cle dernier. Il permet aux usagers de profiter d\u2019une vue somptueuse entre les communes de La Mure et de Monteynard, en empruntant cinq tunnels, trois viaducs, et en passant au-dessus du lac de Monteynard. Le tout, en l\u2019espace de 50 minutes.<\/p>\n","protected":false},"excerpt":{"rendered":"Pr\u00e8s de Grenoble : le Petit Train de La Mure suspendu temporairement \u00e0 cause de probl\u00e8mes techniques \u00e0&hellip;\n","protected":false},"author":2,"featured_media":225707,"comment_status":"","ping_status":"","sticky":false,"template":"","format":"standard","meta":{"footnotes":""},"categories":[9566],"tags":[1111,11,7733,8279,2430,7736,650,7734,2889,2263,1777,674,1011,27,2731,8280,6417,1114,108,4662,12,3725,1825,25,7737],"class_list":{"0":"post-225706","1":"post","2":"type-post","3":"status-publish","4":"format-standard","5":"has-post-thumbnail","7":"category-grenoble","8":"tag-actu","9":"tag-actualites","10":"tag-alpes","11":"tag-alpes1","12":"tag-auvergne-rhone-alpes","13":"tag-cds","14":"tag-cinema","15":"tag-ecoute","16":"tag-emission","17":"tag-equipe","18":"tag-eu","19":"tag-europe","20":"tag-fr","21":"tag-france","22":"tag-grenoble","23":"tag-haute","24":"tag-information","25":"tag-infos","26":"tag-isere","27":"tag-journal","28":"tag-news","29":"tag-podcast","30":"tag-radio","31":"tag-republique-francaise","32":"tag-winamp"},"share_on_mastodon":{"url":"https:\/\/pubeurope.com\/@fr\/114795149043372417","error":""},"_links":{"self":[{"href":"https:\/\/www.europesays.com\/fr\/wp-json\/wp\/v2\/posts\/225706","targetHints":{"allow":["GET"]}}],"collection":[{"href":"https:\/\/www.europesays.com\/fr\/wp-json\/wp\/v2\/posts"}],"about":[{"href":"https:\/\/www.europesays.com\/fr\/wp-json\/wp\/v2\/types\/post"}],"author":[{"embeddable":true,"href":"https:\/\/www.europesays.com\/fr\/wp-json\/wp\/v2\/users\/2"}],"replies":[{"embeddable":true,"href":"https:\/\/www.europesays.com\/fr\/wp-json\/wp\/v2\/comments?post=225706"}],"version-history":[{"count":0,"href":"https:\/\/www.europesays.com\/fr\/wp-json\/wp\/v2\/posts\/225706\/revisions"}],"wp:featuredmedia":[{"embeddable":true,"href":"https:\/\/www.europesays.com\/fr\/wp-json\/wp\/v2\/media\/225707"}],"wp:attachment":[{"href":"https:\/\/www.europesays.com\/fr\/wp-json\/wp\/v2\/media?parent=225706"}],"wp:term":[{"taxonomy":"category","embeddable":true,"href":"https:\/\/www.europesays.com\/fr\/wp-json\/wp\/v2\/categories?post=225706"},{"taxonomy":"post_tag","embeddable":true,"href":"https:\/\/www.europesays.com\/fr\/wp-json\/wp\/v2\/tags?post=225706"}],"curies":[{"name":"wp","href":"https:\/\/api.w.org\/{rel}","templated":true}]}}