{"id":225712,"date":"2025-07-04T13:17:10","date_gmt":"2025-07-04T13:17:10","guid":{"rendered":"https:\/\/www.europesays.com\/fr\/225712\/"},"modified":"2025-07-04T13:17:10","modified_gmt":"2025-07-04T13:17:10","slug":"toute-lactu-top-music-bal-des-pompiers-a-strasbourg-le-teaser-2025","status":"publish","type":"post","link":"https:\/\/www.europesays.com\/fr\/225712\/","title":{"rendered":"Toute l&rsquo;actu Top Music &#8211; Bal des pompiers \u00e0 Strasbourg : le teaser 2025"},"content":{"rendered":"<p><img decoding=\"async\" class=\"\" style=\"width:100%\" src=\"https:\/\/www.europesays.com\/fr\/wp-content\/uploads\/2025\/07\/Capture_d_e_cran_2025_07_04_a__13_37_251751630511830.webp.webp\" alt=\"Le teaser 2025 a \u00e9t\u00e9 tourn\u00e9 aux Bains municipaux de Strasbourg\"\/><\/p>\n<p>Le teaser 2025 a \u00e9t\u00e9 tourn\u00e9 aux Bains municipaux de Strasbourg<\/p>\n<p>Cr\u00e9dit : Pompiers de Strasbourg<\/p>\n<p><strong>Cap sur les tropiques !<\/strong> Dimanche 13 juillet prochain, les sapeurs-pompiers de Strasbourg proposent une belle f\u00eate <a href=\"https:\/\/www.topmusic.fr\/eteindre-un-incendie-challenge-exceptionnel-pour-estelle\" rel=\"noopener\" target=\"_blank\">au CIS Ouest<\/a>. Tous les billets en pr\u00e9vente ont d\u00e9j\u00e0 \u00e9t\u00e9 vendus ! Les personnes munies d\u2019un ticket pourront venir entre 17h et 20h30. Puis l\u2019entr\u00e9e se fera au compte-goutte en fonction des sorties (1 sortie = 1 entr\u00e9e). Et comme c\u2019est la tradition, les pompiers ont r\u00e9alis\u00e9 un teaser pour <a href=\"https:\/\/www.topmusic.fr\/le-crush-du-jour-le-teaser-du-bal-des-pompiers\" rel=\"noopener\" target=\"_blank\">leur 8\u00e8me bal<\/a> estival \u00e0 Strasbourg. Cette ann\u00e9e, la bande-annonce a \u00e9t\u00e9 tourn\u00e9e <strong>aux Bains municipaux de Strasbourg,<\/strong> dans une ambiance tr\u00e8s\u2026 chaude. On vous laisse d\u00e9couvrir :<\/p>\n<p style=\"text-align: center;\">\n<p>Les pompiers d\u2019autres communes ont aussi r\u00e9alis\u00e9 des teasers, comme <strong>\u00e0 Mutzig <\/strong>avec une sacr\u00e9e histoire : \u00ab Un journal myst\u00e9rieux, un souvenir enflamm\u00e9\u2026 et une f\u00eate qui s\u2019annonce l\u00e9gendaire \u00bb.<\/p>\n<p style=\"text-align: center;\">\n<p><strong>Faire la f\u00eate pour le 14 juillet<\/strong><\/p>\n<p>D\u2019autres bals des pompiers sont organis\u00e9s en Alsace :<\/p>\n<p>&#8211; \u00c0 <a href=\"https:\/\/www.topmusic.fr\/selestat-les-pompiers-arrivent-dans-leur-nouvelle-caserne\" rel=\"noopener\" target=\"_blank\"><strong>S\u00e9lestat<\/strong><\/a>, bal le dimanche 13 juillet au parc des remparts\u00a0<br \/>&#8211; \u00c0 <strong>Duttlenheim<\/strong>, bal le dimanche 13 juillet sur le parvis de la salle Socio-Culturelle<br \/>&#8211; \u00c0 <strong>Cernay<\/strong>, \u00e0 partir de 20h le dimanche 13 juillet, sur le parking du complexe Daniel Eck<br \/>&#8211; \u00c0 <strong>Munchhouse<\/strong>, bal le samedi 12 juillet \u00e0 partir de 18h30 \u00e0 la caserne des pompiers<br \/>&#8211; \u00c0 <strong>Munster<\/strong>, bal le dimanche 13 juillet d\u00e8s 19h sur la place de la salle des f\u00eates<br \/>&#8211; \u00c0 <strong>Schiltigheim<\/strong>, le samedi 12 juillet d\u00e8s 17h sur la place Alfred Muller<br \/>&#8211; \u00c0 <strong>Dannemarie<\/strong>, bal tricolore le dimanche 13 juillet \u00e0 l\u2019\u00e9tang du Lattloch<br \/>&#8211; \u00c0 <strong>Ebersheim<\/strong>, bal le dimanche 13 juillet d\u00e8s 19h au d\u00e9p\u00f4t d\u2019incendie<br \/>&#8211; \u00c0 <strong>Boersch<\/strong>, bal le dimanche 13 juillet d\u00e8s 18h au stade de foot<\/p>\n","protected":false},"excerpt":{"rendered":"Le teaser 2025 a \u00e9t\u00e9 tourn\u00e9 aux Bains municipaux de Strasbourg Cr\u00e9dit : Pompiers de Strasbourg Cap sur&hellip;\n","protected":false},"author":2,"featured_media":225713,"comment_status":"","ping_status":"","sticky":false,"template":"","format":"standard","meta":{"footnotes":""},"categories":[2820],"tags":[36449,10915,1111,11,2389,14064,35503,16106,1777,674,1011,27,775,12,4775,25,36448,640,36446,36447,18696],"class_list":{"0":"post-225712","1":"post","2":"type-post","3":"status-publish","4":"format-standard","5":"has-post-thumbnail","7":"category-strasbourg","8":"tag-13-juillet","9":"tag-14-juillet","10":"tag-actu","11":"tag-actualites","12":"tag-alsace","13":"tag-bal","14":"tag-bal-des-pompiers","15":"tag-billets","16":"tag-eu","17":"tag-europe","18":"tag-fr","19":"tag-france","20":"tag-grand-est","21":"tag-news","22":"tag-pompier","23":"tag-republique-francaise","24":"tag-sapeurs","25":"tag-strasbourg","26":"tag-teaser","27":"tag-tropiques","28":"tag-vendus"},"share_on_mastodon":{"url":"https:\/\/pubeurope.com\/@fr\/114795160809336949","error":""},"_links":{"self":[{"href":"https:\/\/www.europesays.com\/fr\/wp-json\/wp\/v2\/posts\/225712","targetHints":{"allow":["GET"]}}],"collection":[{"href":"https:\/\/www.europesays.com\/fr\/wp-json\/wp\/v2\/posts"}],"about":[{"href":"https:\/\/www.europesays.com\/fr\/wp-json\/wp\/v2\/types\/post"}],"author":[{"embeddable":true,"href":"https:\/\/www.europesays.com\/fr\/wp-json\/wp\/v2\/users\/2"}],"replies":[{"embeddable":true,"href":"https:\/\/www.europesays.com\/fr\/wp-json\/wp\/v2\/comments?post=225712"}],"version-history":[{"count":0,"href":"https:\/\/www.europesays.com\/fr\/wp-json\/wp\/v2\/posts\/225712\/revisions"}],"wp:featuredmedia":[{"embeddable":true,"href":"https:\/\/www.europesays.com\/fr\/wp-json\/wp\/v2\/media\/225713"}],"wp:attachment":[{"href":"https:\/\/www.europesays.com\/fr\/wp-json\/wp\/v2\/media?parent=225712"}],"wp:term":[{"taxonomy":"category","embeddable":true,"href":"https:\/\/www.europesays.com\/fr\/wp-json\/wp\/v2\/categories?post=225712"},{"taxonomy":"post_tag","embeddable":true,"href":"https:\/\/www.europesays.com\/fr\/wp-json\/wp\/v2\/tags?post=225712"}],"curies":[{"name":"wp","href":"https:\/\/api.w.org\/{rel}","templated":true}]}}