{"id":225721,"date":"2025-07-04T13:23:21","date_gmt":"2025-07-04T13:23:21","guid":{"rendered":"https:\/\/www.europesays.com\/fr\/225721\/"},"modified":"2025-07-04T13:23:21","modified_gmt":"2025-07-04T13:23:21","slug":"bordeaux-la-ville-devoile-les-resultats-de-la-4eme-nuit-de-la-solidarite","status":"publish","type":"post","link":"https:\/\/www.europesays.com\/fr\/225721\/","title":{"rendered":"Bordeaux : la Ville d\u00e9voile les r\u00e9sultats de la 4\u00e8me Nuit de la solidarit\u00e9"},"content":{"rendered":"<p><img decoding=\"async\" class=\"\" style=\"width:100%\" src=\"https:\/\/www.europesays.com\/fr\/wp-content\/uploads\/2025\/07\/homeless_6598327_12801751617068807.jpg\" alt=\"sans abri \"\/><\/p>\n<p>La Nuit de la solidarit\u00e9 a pour but de recenser et rencontrer les personnes vivant \u00e0 la rue. <\/p>\n<p>Cr\u00e9dit : CC0 photo d&rsquo;illustration <\/p>\n<p style=\"font-weight: 400;\">\u00a0<\/p>\n<p style=\"font-weight: 400;\">Depuis 2022, la <a href=\"https:\/\/www.bordeaux.fr\" rel=\"noopener\" target=\"_blank\">Ville de Bordeaux<\/a> organise tous les ans sa Nuit de la solidarit\u00e9. L&rsquo;objectif est de recenser et rencontrer les personnes qui vivent dans la rue. Lors de la\u00a0quatri\u00e8me Nuit de la solidarit\u00e9, <a href=\"https:\/\/www.witfm.fr\/4eme-nuit-de-la-solidarite-a-bordeaux\" rel=\"noopener\" target=\"_blank\">organis\u00e9e le 23 janvier dernier<\/a>, 400 b\u00e9n\u00e9voles, 180 agents de la Ville, du CCAS, de la m\u00e9tropole, 80 agents de l\u2019Etat et des partenaires ont parcouru, de 20h \u00e0 minuit, tous les quartiers de Bordeaux, les rues, les campements, les parkings, les transports publics ou encore la gare Saint-Jean pour aller \u00e0 la rencontre des personnes sans-abri.<\/p>\n<p style=\"font-weight: 400;\">Les r\u00e9sultats de cette nouvelle Nuit de la solidarit\u00e9 ont \u00e9t\u00e9 d\u00e9voil\u00e9s ce jeudi. \u00ab\u00a0Au cours de la soir\u00e9e, les \u00e9quipes ont compt\u00e9 <strong>392 personnes \u00e0 la rue et en campement. A ce chiffre s\u2019ajoutent 245 personnes en bidonville et 124 personnes en squat<\/strong>\u00a0\u00bb indique la Ville dans un communiqu\u00e9. Ce sont donc, au total, 761 personnes sans h\u00e9bergement qui ont \u00e9t\u00e9 recens\u00e9es. \u00ab\u00a0Bien que le recensement 2025 t\u00e9moigne <a href=\"https:\/\/www.witfm.fr\/nuit-de-la-solidarite-le-nombre-de-sans-abris-en-hausse-a-bordeaux\" rel=\"noopener\" target=\"_blank\">d\u2019une diminution du nombre de personnes sans-abri<\/a>, <strong>la situation demeure pr\u00e9occupante et Bordeaux ne rel\u00e2che pas sa vigilance<\/strong>\u00ab\u00a0, poursuit la municipalit\u00e9.<\/p>\n<p style=\"font-weight: 400;\">L&rsquo;ann\u00e9e derni\u00e8re, en 2024, \u00ab\u00a0le CCAS a multipli\u00e9 par 2 le financement des nuit\u00e9es h\u00f4teli\u00e8res avec 714 nuit\u00e9es prises en charge, et la Ville a mobilis\u00e9 son patrimoine municipal pour l\u2019h\u00e9bergement des familles avec 205 personnes mises \u00e0 l\u2019abri dans le cadre d\u2019un relogement temporaire\u00a0\u00bb.<\/p>\n<p style=\"font-weight: 400;\">\u00a0<\/p>\n<p><strong>Mieux conna\u00eetre les personnes sans-abri pour les aider\u00a0<\/strong><\/p>\n<p style=\"font-weight: 400;\">Cr\u00e9\u00e9e d&rsquo;abord \u00e0 l&rsquo;\u00e9tranger \u00e0 New-York ou encore Bruxelles, la Nuit de la solidarit\u00e9 a \u00e9t\u00e9 organis\u00e9e pour la premi\u00e8re fois en France \u00e0 Paris en 2018, avant d&rsquo;\u00eatre organis\u00e9e quatre ans plus tard \u00e0 Bordeaux.<\/p>\n<p style=\"font-weight: 400;\">Si l&rsquo;objectif principal de l&rsquo;op\u00e9ration est de recenser le nombre de personnes sans-abri dans les villes pour compl\u00e9ter les donn\u00e9es de l&rsquo;Insee, elle permet aussi aux b\u00e9n\u00e9voles mobilis\u00e9s de prendre conscience du sans-abrisme et de changer leur regard sur les personnes en \u00e9changeant avec elles sur leur parcours, leurs besoins et leurs attentes.\u00a0<\/p>\n<p style=\"font-weight: 400;\">\u00a0<\/p>\n<p style=\"font-weight: 400;\">\u00a0<\/p>\n<p style=\"font-weight: 400;\">\u00a0<\/p>\n<p style=\"font-weight: 400;\">\u00a0<\/p>\n<p style=\"font-weight: 400;\">\u00a0<\/p>\n","protected":false},"excerpt":{"rendered":"La Nuit de la solidarit\u00e9 a pour but de recenser et rencontrer les personnes vivant \u00e0 la rue.&hellip;\n","protected":false},"author":2,"featured_media":225722,"comment_status":"","ping_status":"","sticky":false,"template":"","format":"standard","meta":{"footnotes":""},"categories":[2817],"tags":[1111,11,15089,25056,1997,7852,1777,674,1011,27,5222,25104,12,2219,32144,4518,5116,25,3640,15317,5221,17076],"class_list":{"0":"post-225721","1":"post","2":"type-post","3":"status-publish","4":"format-standard","5":"has-post-thumbnail","7":"category-bordeaux","8":"tag-actu","9":"tag-actualites","10":"tag-benevoles","11":"tag-bidonville","12":"tag-bordeaux","13":"tag-difficultes","14":"tag-eu","15":"tag-europe","16":"tag-fr","17":"tag-france","18":"tag-hebergement","19":"tag-janvier","20":"tag-news","21":"tag-nouvelle-aquitaine","22":"tag-nuit-de-la-solidarite","23":"tag-pauvrete","24":"tag-quartiers","25":"tag-republique-francaise","26":"tag-rue","27":"tag-sans-abri","28":"tag-squat","29":"tag-ville-de-bordeaux"},"share_on_mastodon":{"url":"https:\/\/pubeurope.com\/@fr\/114795184526955387","error":""},"_links":{"self":[{"href":"https:\/\/www.europesays.com\/fr\/wp-json\/wp\/v2\/posts\/225721","targetHints":{"allow":["GET"]}}],"collection":[{"href":"https:\/\/www.europesays.com\/fr\/wp-json\/wp\/v2\/posts"}],"about":[{"href":"https:\/\/www.europesays.com\/fr\/wp-json\/wp\/v2\/types\/post"}],"author":[{"embeddable":true,"href":"https:\/\/www.europesays.com\/fr\/wp-json\/wp\/v2\/users\/2"}],"replies":[{"embeddable":true,"href":"https:\/\/www.europesays.com\/fr\/wp-json\/wp\/v2\/comments?post=225721"}],"version-history":[{"count":0,"href":"https:\/\/www.europesays.com\/fr\/wp-json\/wp\/v2\/posts\/225721\/revisions"}],"wp:featuredmedia":[{"embeddable":true,"href":"https:\/\/www.europesays.com\/fr\/wp-json\/wp\/v2\/media\/225722"}],"wp:attachment":[{"href":"https:\/\/www.europesays.com\/fr\/wp-json\/wp\/v2\/media?parent=225721"}],"wp:term":[{"taxonomy":"category","embeddable":true,"href":"https:\/\/www.europesays.com\/fr\/wp-json\/wp\/v2\/categories?post=225721"},{"taxonomy":"post_tag","embeddable":true,"href":"https:\/\/www.europesays.com\/fr\/wp-json\/wp\/v2\/tags?post=225721"}],"curies":[{"name":"wp","href":"https:\/\/api.w.org\/{rel}","templated":true}]}}