{"id":225734,"date":"2025-07-04T13:30:19","date_gmt":"2025-07-04T13:30:19","guid":{"rendered":"https:\/\/www.europesays.com\/fr\/225734\/"},"modified":"2025-07-04T13:30:19","modified_gmt":"2025-07-04T13:30:19","slug":"les-lyceens-de-lacademie-aix-marseille-ont-ils-brille-cette-annee","status":"publish","type":"post","link":"https:\/\/www.europesays.com\/fr\/225734\/","title":{"rendered":"les lyc\u00e9ens de l&rsquo;acad\u00e9mie Aix-Marseille ont-ils brill\u00e9 cette ann\u00e9e ?"},"content":{"rendered":"<p>Le grand jour des r\u00e9sultats est enfin arriv\u00e9, entre soulagement et d\u00e9ception, ce vendredi 4 juillet 2025 \u00e0 13h, les lyc\u00e9ens de la r\u00e9gion Paca <a href=\"https:\/\/www.laprovence.com\/article\/societe\/15019742666956\/bac-2025-sur-quel-site-et-a-quelle-heure-seront-publies-les-resultats-pour-l-academie-aix-marseille\" target=\"_blank\" rel=\"noopener\">ont pu d\u00e9couvrir leur r\u00e9sultat<\/a> provisoire du 1er groupe d\u2019\u00e9preuves du baccalaur\u00e9at 2025. Les 31 382 lyc\u00e9ens d\u00e9clar\u00e9s pr\u00e9sents au baccalaur\u00e9at \u00e9taient repartis en 3 fili\u00e8res : g\u00e9n\u00e9rale (54,6%), en s\u00e9rie technologique (20,8%) et enfin en fili\u00e8re professionnelle (24,6%).<\/p>\n<p>Aix-Marseille l\u00e9g\u00e8rement au-dessus de la moyenne nationale<\/p>\n<p>Au niveau national, l\u2019estimation de la r\u00e9ussite des r\u00e9sultats provisoires du premier groupe au baccalaur\u00e9at est de 85,75%. Pour l\u2019acad\u00e9mie d\u2019Aix-Marseille, le taux de r\u00e9ussite est de 93% pour le baccalaur\u00e9at g\u00e9n\u00e9ral, identique \u00e0 la session 2024 sur les 17 148 candidats pr\u00e9sents et donc l\u00e9g\u00e8rement plus \u00e9lev\u00e9 que la moyenne nationale.<\/p>\n<p>Des r\u00e9sultats en l\u00e9g\u00e8re hausse pour les fili\u00e8res professionnelle et technologique<\/p>\n<p>Les lyc\u00e9ens en voie professionnelle ont eu un taux de r\u00e9ussite de 80,5% sur les 7 730 candidats pr\u00e9sents, soit une hausse de 1,3 points par rapport \u00e0 la session provisoire 2024. Les candidats du baccalaur\u00e9at technologique ont vu leur taux de r\u00e9ussite s\u2019\u00e9lever \u00e0 79% sur les 6 504 candidats pr\u00e9sents, soit une hausse de 0,3 points par rapport \u00e0 la session provisoire de 2024.<\/p>\n<p><strong>Pour retrouver les r\u00e9sultats des candidats de l\u2019acad\u00e9mie d\u2019Aix Marseille rendez-vous sur le site <a href=\"https:\/\/www.ac-aix-marseille.fr\/resultats-des-examens\" target=\"_blank\" rel=\"noopener\">ac-aix-marseille.fr<\/a>.<\/strong><\/p>\n","protected":false},"excerpt":{"rendered":"Le grand jour des r\u00e9sultats est enfin arriv\u00e9, entre soulagement et d\u00e9ception, ce vendredi 4 juillet 2025 \u00e0&hellip;\n","protected":false},"author":2,"featured_media":225735,"comment_status":"","ping_status":"","sticky":false,"template":"","format":"standard","meta":{"footnotes":""},"categories":[2814],"tags":[17,1111,11,33231,3050,1777,674,1011,27,36451,151,15387,884,12,882,25,1980,104],"class_list":{"0":"post-225734","1":"post","2":"type-post","3":"status-publish","4":"format-standard","5":"has-post-thumbnail","7":"category-marseille","8":"tag-17","9":"tag-actu","10":"tag-actualites","11":"tag-aix-marseille","12":"tag-bac","13":"tag-eu","14":"tag-europe","15":"tag-fr","16":"tag-france","17":"tag-lacademie","18":"tag-les","19":"tag-lyceens","20":"tag-marseille","21":"tag-news","22":"tag-provence-alpes-cote-dazur","23":"tag-republique-francaise","24":"tag-resultats","25":"tag-societe"},"share_on_mastodon":{"url":"https:\/\/pubeurope.com\/@fr\/114795211857128895","error":""},"_links":{"self":[{"href":"https:\/\/www.europesays.com\/fr\/wp-json\/wp\/v2\/posts\/225734","targetHints":{"allow":["GET"]}}],"collection":[{"href":"https:\/\/www.europesays.com\/fr\/wp-json\/wp\/v2\/posts"}],"about":[{"href":"https:\/\/www.europesays.com\/fr\/wp-json\/wp\/v2\/types\/post"}],"author":[{"embeddable":true,"href":"https:\/\/www.europesays.com\/fr\/wp-json\/wp\/v2\/users\/2"}],"replies":[{"embeddable":true,"href":"https:\/\/www.europesays.com\/fr\/wp-json\/wp\/v2\/comments?post=225734"}],"version-history":[{"count":0,"href":"https:\/\/www.europesays.com\/fr\/wp-json\/wp\/v2\/posts\/225734\/revisions"}],"wp:featuredmedia":[{"embeddable":true,"href":"https:\/\/www.europesays.com\/fr\/wp-json\/wp\/v2\/media\/225735"}],"wp:attachment":[{"href":"https:\/\/www.europesays.com\/fr\/wp-json\/wp\/v2\/media?parent=225734"}],"wp:term":[{"taxonomy":"category","embeddable":true,"href":"https:\/\/www.europesays.com\/fr\/wp-json\/wp\/v2\/categories?post=225734"},{"taxonomy":"post_tag","embeddable":true,"href":"https:\/\/www.europesays.com\/fr\/wp-json\/wp\/v2\/tags?post=225734"}],"curies":[{"name":"wp","href":"https:\/\/api.w.org\/{rel}","templated":true}]}}