{"id":225736,"date":"2025-07-04T13:31:20","date_gmt":"2025-07-04T13:31:20","guid":{"rendered":"https:\/\/www.europesays.com\/fr\/225736\/"},"modified":"2025-07-04T13:31:20","modified_gmt":"2025-07-04T13:31:20","slug":"metropole-de-lyon-le-polemiste-dieudonne-interdit-de-spectacle-a-lyon-ce-vendredi-soir","status":"publish","type":"post","link":"https:\/\/www.europesays.com\/fr\/225736\/","title":{"rendered":"M\u00e9tropole de Lyon. Le pol\u00e9miste Dieudonn\u00e9 interdit de spectacle \u00e0 Lyon ce vendredi soir"},"content":{"rendered":"<p>Le spectacle \u201cIstanbul\u201d que devait donner Dieudonn\u00e9, vendredi soir, dans la r\u00e9gion lyonnaise, a \u00e9t\u00e9 interdit par la pr\u00e9fecture du Rh\u00f4ne, qui a pris un arr\u00eat\u00e9 avant la mi-journ\u00e9e, vendredi, consult\u00e9 par Le Progr\u00e8s.<\/p>\n<p>Les services de l\u2019\u00c9tat motivent cette interdiction par les \u00ab\u00a0condamnations p\u00e9nales, dont certaines d\u00e9finitives\u00a0\u00bb du pol\u00e9miste, \u00ab\u00a0pour des propos \u00e0 caract\u00e8re antis\u00e9mite, qui incitent \u00e0 la haine raciale et m\u00e9connaissent la dignit\u00e9 de la personne humaine\u00a0\u00bb.<\/p>\n<p>Un r\u00e9cent spectacle de l\u2019humoriste controvers\u00e9 contenait \u00ab\u00a0de mani\u00e8re r\u00e9currente de nombreux propos outrageants, haineux, conspirationnistes, homophobes, transphobes et antis\u00e9mites ainsi que des outrages \u00e0 personne d\u00e9positaire de l\u2019autorit\u00e9 publique ou \u00e0 l\u2019\u00e9gard de personnes publiques\u00a0\u00bb. Cette repr\u00e9sentation avait \u00ab\u00a0\u00e9t\u00e9 con\u00e7ue \u00e0 partir du t\u00e9moignage qu\u2019il a recueilli aupr\u00e8s [du] fr\u00e8re de Salah Abdeslam, dernier membre vivant du commando des attentats du 13\u00a0novembre 2015, qu\u2019il pr\u00e9sente comme \u201cconseiller artistique\u201d\u00a0\u00bb.<\/p>\n<p>  Le lieu de la repr\u00e9sentation d\u00e9voil\u00e9 au dernier moment<\/p>\n<p>Les spectacles de Dieudonn\u00e9 \u00ab\u00a0sont organis\u00e9s dans une grande discr\u00e9tion afin d\u2019\u00e9chapper \u00e0 la surveillance et au contr\u00f4le\u00a0\u00bb, rappelle la pr\u00e9fecture dans son arr\u00eat\u00e9.<\/p>\n<p>Le lieu pr\u00e9cis de la repr\u00e9sentation qui devait \u00eatre donn\u00e9e vendredi soir, dans un rayon de 20\u00a0km autour de Lyon, ne devait \u00eatre communiqu\u00e9 qu\u2019\u00e0 la derni\u00e8re minute, avec comme plan B en cas d\u2019interdiction, qui pourrait \u00eatre activ\u00e9, un spectacle donn\u00e9 par un autre artiste et produit par Dieudonn\u00e9. Des places \u00e9taient encore disponibles \u00e0 la vente, \u00e0 la mi-journ\u00e9e, vendredi, sur internet, dessinant en creux que l\u2019artiste ne parvient plus \u00e0 faire salle comble.<\/p>\n<p>  \u00ab\u00a0Dissociation de fa\u00e7ade entre l\u2019artiste et le militant politique\u00a0\u00bb<\/p>\n<p>Le quinquag\u00e9naire \u00ab\u00a0utilise ses spectacles en vue de banaliser ses prises de position, lesquelles participent \u00e0 la radicalisation d\u2019une partie du public\u00a0\u00bb, avec entre autres une \u00ab\u00a0apologie de la Shoah\u00a0\u00bb, estime la pr\u00e9fecture. \u00ab\u00a0La dissociation op\u00e9r\u00e9e entre l\u2019artiste et le militant politique est de fa\u00e7ade\u00a0\u00bb.<\/p>\n<p>L\u2019arr\u00eat\u00e9 peut \u00eatre contest\u00e9 devant le tribunal administratif de Lyon. Dieudonn\u00e9 a par le pass\u00e9 obtenu des suspensions d\u2019autres arr\u00eat\u00e9s en France. En l\u2019\u00e9tat, en cas de maintien de son spectacle, les organisateurs encourent six mois de prison et 7\u00a0500\u00a0euros d\u2019amende et les spectateurs une contravention de quatri\u00e8me classe (135\u00a0\u20ac).<\/p>\n<p>Dieudonn\u00e9 avait \u00e9t\u00e9 interdit de repr\u00e9sentation, par arr\u00eat\u00e9 municipal, en janvier \u00e0 Lyon , et \u00e0 plusieurs reprises ces derni\u00e8res ann\u00e9es dans le d\u00e9partement du Rh\u00f4ne.<\/p>\n","protected":false},"excerpt":{"rendered":"Le spectacle \u201cIstanbul\u201d que devait donner Dieudonn\u00e9, vendredi soir, dans la r\u00e9gion lyonnaise, a \u00e9t\u00e9 interdit par la&hellip;\n","protected":false},"author":2,"featured_media":225737,"comment_status":"","ping_status":"","sticky":false,"template":"","format":"standard","meta":{"footnotes":""},"categories":[1889],"tags":[1111,11,2430,2757,1777,674,274,107,1011,27,2428,2756,12,25,2429],"class_list":{"0":"post-225736","1":"post","2":"type-post","3":"status-publish","4":"format-standard","5":"has-post-thumbnail","7":"category-lyon","8":"tag-actu","9":"tag-actualites","10":"tag-auvergne-rhone-alpes","11":"tag-edition-lyon-villeurbanne","12":"tag-eu","13":"tag-europe","14":"tag-faits-divers-justice","15":"tag-fil-info","16":"tag-fr","17":"tag-france","18":"tag-lyon","19":"tag-lyon-bassin","20":"tag-news","21":"tag-republique-francaise","22":"tag-rhone"},"share_on_mastodon":{"url":"https:\/\/pubeurope.com\/@fr\/114795215897583175","error":""},"_links":{"self":[{"href":"https:\/\/www.europesays.com\/fr\/wp-json\/wp\/v2\/posts\/225736","targetHints":{"allow":["GET"]}}],"collection":[{"href":"https:\/\/www.europesays.com\/fr\/wp-json\/wp\/v2\/posts"}],"about":[{"href":"https:\/\/www.europesays.com\/fr\/wp-json\/wp\/v2\/types\/post"}],"author":[{"embeddable":true,"href":"https:\/\/www.europesays.com\/fr\/wp-json\/wp\/v2\/users\/2"}],"replies":[{"embeddable":true,"href":"https:\/\/www.europesays.com\/fr\/wp-json\/wp\/v2\/comments?post=225736"}],"version-history":[{"count":0,"href":"https:\/\/www.europesays.com\/fr\/wp-json\/wp\/v2\/posts\/225736\/revisions"}],"wp:featuredmedia":[{"embeddable":true,"href":"https:\/\/www.europesays.com\/fr\/wp-json\/wp\/v2\/media\/225737"}],"wp:attachment":[{"href":"https:\/\/www.europesays.com\/fr\/wp-json\/wp\/v2\/media?parent=225736"}],"wp:term":[{"taxonomy":"category","embeddable":true,"href":"https:\/\/www.europesays.com\/fr\/wp-json\/wp\/v2\/categories?post=225736"},{"taxonomy":"post_tag","embeddable":true,"href":"https:\/\/www.europesays.com\/fr\/wp-json\/wp\/v2\/tags?post=225736"}],"curies":[{"name":"wp","href":"https:\/\/api.w.org\/{rel}","templated":true}]}}