{"id":225742,"date":"2025-07-04T13:39:17","date_gmt":"2025-07-04T13:39:17","guid":{"rendered":"https:\/\/www.europesays.com\/fr\/225742\/"},"modified":"2025-07-04T13:39:17","modified_gmt":"2025-07-04T13:39:17","slug":"val-doise-visite-gratuite-de-jardins-ce-week-end","status":"publish","type":"post","link":"https:\/\/www.europesays.com\/fr\/225742\/","title":{"rendered":"Val-d\u2019Oise : visite gratuite de jardins ce week-end"},"content":{"rendered":"<p><img loading=\"lazy\" decoding=\"async\" alt=\"\u00a9 Shutterstock - Le Domaine de Villarceaux, \u00e0 Chaussy, accueille le week-end d\u2019ouverture.\u00a0\" data-zoom-src=\"https:\/\/www.europesays.com\/fr\/wp-content\/uploads\/2025\/07\/initial-domaine-de-villarceaux.jpg\" data-zoomable=\"\" height=\"702\" src=\"https:\/\/www.europesays.com\/fr\/wp-content\/uploads\/2025\/07\/initial-domaine-de-villarceaux.jpg\" width=\"1248\"\/>  <\/p>\n<p class=\"article-desc\">\u00a9 Shutterstock &#8211; Le Domaine de Villarceaux, \u00e0 Chaussy, accueille le week-end d\u2019ouverture.\u00a0 <\/p>\n<p>Apr\u00e8s la <a href=\"https:\/\/mesinfos.fr\/9-boissons-hydratantes-a-tester-pendant-la-canicule-225647.html\" rel=\"noopener nofollow\" target=\"_blank\">canicule<\/a>, place \u00e0 la fra\u00eecheur des espaces verts. Du <strong>5 juillet au 31 ao\u00fbt<\/strong>, \u201cJardins ouverts\u201d accueille le public pour d\u00e9couvrir pr\u00e8s de 200 jardins et sites patrimoniaux en \u00cele-de-France, proposant une programmation culturelle vari\u00e9e.\u00a0 <\/p>\n<p>Port\u00e9 par la R\u00e9gion depuis 2017, l\u2019\u00e9v\u00e9nement est <strong>gratuit<\/strong>. Visites guid\u00e9es, installations artistiques, concerts, th\u00e9\u00e2tre, performances, ateliers\u2026 Tous les \u00e2ges sont les bienvenus. Parmi les rendez-vous organis\u00e9s pour le week-end d&rsquo;ouverture des 5 et 6 juillet, certains sont situ\u00e9s dans le <strong>Val-d\u2019Oise<\/strong>.\u00a0 <\/p>\n<p> Jardins ouverts en \u00cele-de-France au Domaine de Villarceaux <\/p>\n<p>C\u2019est notamment le cas du <strong>Domaine r\u00e9gional de Villarceaux<\/strong>, situ\u00e9 \u00e0 Chaussy. Ce site d\u2019exception, labellis\u00e9 \u201cJardin remarquable\u201d, propose cette ann\u00e9e un potager conservatoire de vari\u00e9t\u00e9s anciennes et un escape game historique in\u00e9dit.\u00a0<\/p>\n<p>D\u2019autres lieux participent \u00e0 cette \u00e9dition de <strong>Jardins ouverts<\/strong>, comme la <strong>Butte Pinson<\/strong> \u00e0 <strong>Montmagny<\/strong> (5 juillet), avec ses jardins partag\u00e9s et ateliers nature, le <strong>Bois des Arts<\/strong> \u00e0 <strong>\u00c9piais-Rhus<\/strong> (5 juillet), espace de sculptures en plein air, ou encore le <strong>mus\u00e9e Jean-Jacques Rousseau <\/strong>\u00e0 <strong>Montmorency<\/strong> (5 juillet), qui accueillera un concert de musique contemporaine. \u00c0 <strong>Valmondois<\/strong>, le <strong>Moulin Leroy <\/strong>ouvre ses portes pour un concert de quatuor \u00e0 cordes (6 juillet), tandis que l\u2019<strong>abbaye de Maubuisson<\/strong> \u00e0 <strong>Saint-Ouen-l\u2019Aum\u00f4ne<\/strong> (6 juillet) propose danse et musique dans son parc historique. <\/p>\n","protected":false},"excerpt":{"rendered":"\u00a9 Shutterstock &#8211; Le Domaine de Villarceaux, \u00e0 Chaussy, accueille le week-end d\u2019ouverture.\u00a0 Apr\u00e8s la canicule, place \u00e0&hellip;\n","protected":false},"author":2,"featured_media":225743,"comment_status":"","ping_status":"","sticky":false,"template":"","format":"standard","meta":{"footnotes":""},"categories":[1592],"tags":[1111,11,6698,1777,674,1011,27,662,12,626,25],"class_list":{"0":"post-225742","1":"post","2":"type-post","3":"status-publish","4":"format-standard","5":"has-post-thumbnail","7":"category-ile-de-france","8":"tag-actu","9":"tag-actualites","10":"tag-canicule","11":"tag-eu","12":"tag-europe","13":"tag-fr","14":"tag-france","15":"tag-ile-de-france","16":"tag-news","17":"tag-paris","18":"tag-republique-francaise"},"share_on_mastodon":{"url":"https:\/\/pubeurope.com\/@fr\/114795247331250564","error":""},"_links":{"self":[{"href":"https:\/\/www.europesays.com\/fr\/wp-json\/wp\/v2\/posts\/225742","targetHints":{"allow":["GET"]}}],"collection":[{"href":"https:\/\/www.europesays.com\/fr\/wp-json\/wp\/v2\/posts"}],"about":[{"href":"https:\/\/www.europesays.com\/fr\/wp-json\/wp\/v2\/types\/post"}],"author":[{"embeddable":true,"href":"https:\/\/www.europesays.com\/fr\/wp-json\/wp\/v2\/users\/2"}],"replies":[{"embeddable":true,"href":"https:\/\/www.europesays.com\/fr\/wp-json\/wp\/v2\/comments?post=225742"}],"version-history":[{"count":0,"href":"https:\/\/www.europesays.com\/fr\/wp-json\/wp\/v2\/posts\/225742\/revisions"}],"wp:featuredmedia":[{"embeddable":true,"href":"https:\/\/www.europesays.com\/fr\/wp-json\/wp\/v2\/media\/225743"}],"wp:attachment":[{"href":"https:\/\/www.europesays.com\/fr\/wp-json\/wp\/v2\/media?parent=225742"}],"wp:term":[{"taxonomy":"category","embeddable":true,"href":"https:\/\/www.europesays.com\/fr\/wp-json\/wp\/v2\/categories?post=225742"},{"taxonomy":"post_tag","embeddable":true,"href":"https:\/\/www.europesays.com\/fr\/wp-json\/wp\/v2\/tags?post=225742"}],"curies":[{"name":"wp","href":"https:\/\/api.w.org\/{rel}","templated":true}]}}