{"id":225746,"date":"2025-07-04T13:41:11","date_gmt":"2025-07-04T13:41:11","guid":{"rendered":"https:\/\/www.europesays.com\/fr\/225746\/"},"modified":"2025-07-04T13:41:11","modified_gmt":"2025-07-04T13:41:11","slug":"les-valeurs-a-suivre-a-paris-et-en-europe-04-07-2025-a-0849","status":"publish","type":"post","link":"https:\/\/www.europesays.com\/fr\/225746\/","title":{"rendered":"Les valeurs \u00e0 suivre \u00e0 Paris et en Europe &#8211; 04\/07\/2025 \u00e0 08:49"},"content":{"rendered":"<p>\n * AIR FRANCE-KLM<br \/>\n <a href=\"https:\/\/www.boursorama.com\/cours\/1rPAF\/\" rel=\"nofollow noopener\" target=\"_blank\"><br \/>\n  AIRF.PA<br \/>\n <\/a><br \/>\n a annonc\u00e9 vendredi entamer un processus destin\u00e9 \u00e0 prendre une participation majoritaire au capital de la compagnie a\u00e9rienne scandinave SAS, avec laquelle le groupe franco-n\u00e9erlandais avait scell\u00e9 l&rsquo;an dernier un accord de coop\u00e9ration commerciale.\n<\/p>\n<p>\n * STELLANTIS<br \/>\n <a href=\"https:\/\/www.boursorama.com\/cours\/1gSTLAM\/\" rel=\"nofollow noopener\" target=\"_blank\"><br \/>\n  STLAM.MI<br \/>\n <\/a><br \/>\n &#8211; Le constructeur automobile a annonc\u00e9 jeudi le rappel en Europe de v\u00e9hicules diesel produits entre octobre 2017 et janvier 2023, en raison de probl\u00e8mes potentiels li\u00e9s \u00e0 la cha\u00eene d&rsquo;arbre \u00e0 cames.\n<\/p>\n<p>\n * SECTEUR A\u00c9RIEN &#8211; Plus de 1.500 vols devraient avoir \u00e9t\u00e9 annul\u00e9s entre les 3 et 4 juillet, ce qui devrait affecter pr\u00e8s de 300.000 passagers, en raison d&rsquo;une gr\u00e8ve des contr\u00f4leurs a\u00e9riens fran\u00e7ais, a indiqu\u00e9 jeudi dans un communiqu\u00e9 Airlines for Europe (A4E), la f\u00e9d\u00e9ration europ\u00e9enne du secteur de l&rsquo;a\u00e9ronautique.\n<\/p>\n<p>\n * ALSTOM<br \/>\n <a href=\"https:\/\/www.boursorama.com\/cours\/1rPALO\/\" rel=\"nofollow noopener\" target=\"_blank\"><br \/>\n  ALSO.PA<br \/>\n <\/a><br \/>\n a annonc\u00e9 vendredi avoir re\u00e7u une commande d&rsquo;une valeur de 2,0 milliards d&rsquo;euros de l&rsquo;administration new-yorkaise des transports publics (\u00ab\u00a0New York Metropolitan Transportation Authority\u00a0\u00bb) pour la fourniture d&rsquo;autorails M-9A.\n<\/p>\n<p>\n * CARMAT<br \/>\n <a href=\"https:\/\/www.boursorama.com\/cours\/1rEPALCAR\/\" rel=\"nofollow noopener\" target=\"_blank\"><br \/>\n  ALCAR.PA<br \/>\n <\/a><br \/>\n &#8211; Le concepteur du c\u0153ur artificiel Aeson a annonc\u00e9 jeudi le lancement d&rsquo;un appel d&rsquo;offres en vue de la recherche de repreneurs ou d&rsquo;investisseurs, dans le cadre de sa proc\u00e9dure de redressement judiciaire ouverte le 1er juillet.\n<\/p>\n<p>\n * EUTELSAT COMMUNICATIONS<br \/>\n <a href=\"https:\/\/www.boursorama.com\/cours\/1rPETL\/\" rel=\"nofollow noopener\" target=\"_blank\"><br \/>\n  ETL.PA<br \/>\n <\/a><br \/>\n &#8211; Bpifrance a annonc\u00e9 jeudi la cession de sa participation dans le groupe \u00e0 l&rsquo;Agence des participations de l&rsquo;\u00c9tat (APE), soulignant une nouvelle \u00e9tape strat\u00e9gique en vue de la souverainet\u00e9 spatiale europ\u00e9enne.\n<\/p>\n<p>\n * LDC<br \/>\n <a href=\"https:\/\/www.boursorama.com\/cours\/1rPLOUP\/\" rel=\"nofollow noopener\" target=\"_blank\"><br \/>\n  LOUP.PA<br \/>\n <\/a><br \/>\n a fait \u00e9tat jeudi soir d&rsquo;un chiffre d&rsquo;affaires trimestriel de 1,7 milliard d&rsquo;euros et a confirm\u00e9 ses objectifs financiers pour 2025-206.\n<\/p>\n<p>\n * ARGAN<br \/>\n <a href=\"https:\/\/www.boursorama.com\/cours\/1rPARG\/\" rel=\"nofollow noopener\" target=\"_blank\"><br \/>\n  ARGAN.PA<br \/>\n <\/a><br \/>\n a annonc\u00e9 que DANONE<br \/>\n <a href=\"https:\/\/www.boursorama.com\/cours\/1rPBN\/\" rel=\"nofollow noopener\" target=\"_blank\"><br \/>\n  DANO.PA<br \/>\n <\/a><br \/>\n l&rsquo;avait choisi pour son site logistique de Tours.\n<\/p>\n<p>\n * MONTE DEI PASCHI DI SIENA (MPS)<br \/>\n <a href=\"https:\/\/www.boursorama.com\/cours\/1gBMPS\/\" rel=\"nofollow noopener\" target=\"_blank\"><br \/>\n  BMPS.MI<br \/>\n <\/a><br \/>\n &#8211; L&rsquo;administrateur d\u00e9l\u00e9gu\u00e9 du groupe, Luigi Lovaglio, a d\u00e9clar\u00e9 vendredi dans un entretien accord\u00e9 au quotidien \u00e9conomique Il Sole 24 Ore qu&rsquo;il \u00e9tait certain que l&rsquo;offre publique d&rsquo;achat hostile de sa banque sur MEDIOBANCA<br \/>\n <a href=\"https:\/\/www.boursorama.com\/cours\/1gMB\/\" rel=\"nofollow noopener\" target=\"_blank\"><br \/>\n  MDBI.MI<br \/>\n <\/a><br \/>\n r\u00e9ussirait. Monte dei Paschi di Siena<br \/>\n <a href=\"https:\/\/www.boursorama.com\/cours\/1gBMPS\/\" rel=\"nofollow noopener\" target=\"_blank\"><br \/>\n  BMPS.MI<br \/>\n <\/a><br \/>\n a ajout\u00e9 que l&rsquo;obtention d&rsquo;au moins 35% du capital de Mediobanca serait suffisante pour obtenir le contr\u00f4le effectif de sa cible.\n<\/p>\n<p>\n * ASTRAZENECA<br \/>\n <a href=\"https:\/\/www.boursorama.com\/cours\/1uAZN.L\/\" rel=\"nofollow noopener\" target=\"_blank\"><br \/>\n  AZN.L<br \/>\n <\/a><br \/>\n est en discussions avec Summit Therapeutics<br \/>\n <a href=\"https:\/\/www.boursorama.com\/cours\/SMMT\/\" rel=\"nofollow noopener\" target=\"_blank\"><br \/>\n  SMMT.O<br \/>\n <\/a><br \/>\n pour obtenir une licence pour un m\u00e9dicament exp\u00e9rimental contre le cancer du poumon dans le cadre d&rsquo;une op\u00e9ration pouvant atteindre 15 milliards de dollars, a rapport\u00e9 jeudi l&rsquo;agence Bloomberg, citant des sources proches du dossier.\n<\/p>\n<p>\n * WIZZ AIR<br \/>\n <a href=\"https:\/\/www.boursorama.com\/cours\/1uWIZZ.L\/\" rel=\"nofollow noopener\" target=\"_blank\"><br \/>\n  WIZZ.L<br \/>\n <\/a><br \/>\n &#8211; Le transporteur a\u00e9rien \u00e0 bas co\u00fbt a confirm\u00e9 jeudi faire l&rsquo;objet d&rsquo;une enqu\u00eate du minist\u00e8re espagnol de la Consommation pour avoir notamment factur\u00e9 \u00e0 ses clients des bagages volumineux en cabine.\n<\/p>\n<p>\n (R\u00e9dig\u00e9 par Claude Chendjou, \u00e9dit\u00e9 par Augustin Turpin)<\/p>\n","protected":false},"excerpt":{"rendered":"* AIR FRANCE-KLM AIRF.PA a annonc\u00e9 vendredi entamer un processus destin\u00e9 \u00e0 prendre une participation majoritaire au capital&hellip;\n","protected":false},"author":2,"featured_media":64038,"comment_status":"","ping_status":"","sticky":false,"template":"","format":"standard","meta":{"footnotes":""},"categories":[1888],"tags":[400,1111,1928,11,1927,398,408,405,1777,674,1011,27,403,402,399,404,12,1926,626,1925,25,401,406,407],"class_list":{"0":"post-225746","1":"post","2":"type-post","3":"status-publish","4":"format-standard","5":"has-post-thumbnail","7":"category-paris","8":"tag-action-cac-40","9":"tag-actu","10":"tag-actu-paris","11":"tag-actualites","12":"tag-actualites-paris","13":"tag-bourse-de-paris","14":"tag-boursorama","15":"tag-cotations","16":"tag-eu","17":"tag-europe","18":"tag-fr","19":"tag-france","20":"tag-indices-devises","21":"tag-investir","22":"tag-investissement","23":"tag-marche-boursier","24":"tag-news","25":"tag-news-paris","26":"tag-paris","27":"tag-paris-news","28":"tag-republique-francaise","29":"tag-sicav","30":"tag-trackers","31":"tag-warrants"},"share_on_mastodon":{"url":"https:\/\/pubeurope.com\/@fr\/114795255138973325","error":""},"_links":{"self":[{"href":"https:\/\/www.europesays.com\/fr\/wp-json\/wp\/v2\/posts\/225746","targetHints":{"allow":["GET"]}}],"collection":[{"href":"https:\/\/www.europesays.com\/fr\/wp-json\/wp\/v2\/posts"}],"about":[{"href":"https:\/\/www.europesays.com\/fr\/wp-json\/wp\/v2\/types\/post"}],"author":[{"embeddable":true,"href":"https:\/\/www.europesays.com\/fr\/wp-json\/wp\/v2\/users\/2"}],"replies":[{"embeddable":true,"href":"https:\/\/www.europesays.com\/fr\/wp-json\/wp\/v2\/comments?post=225746"}],"version-history":[{"count":0,"href":"https:\/\/www.europesays.com\/fr\/wp-json\/wp\/v2\/posts\/225746\/revisions"}],"wp:featuredmedia":[{"embeddable":true,"href":"https:\/\/www.europesays.com\/fr\/wp-json\/wp\/v2\/media\/64038"}],"wp:attachment":[{"href":"https:\/\/www.europesays.com\/fr\/wp-json\/wp\/v2\/media?parent=225746"}],"wp:term":[{"taxonomy":"category","embeddable":true,"href":"https:\/\/www.europesays.com\/fr\/wp-json\/wp\/v2\/categories?post=225746"},{"taxonomy":"post_tag","embeddable":true,"href":"https:\/\/www.europesays.com\/fr\/wp-json\/wp\/v2\/tags?post=225746"}],"curies":[{"name":"wp","href":"https:\/\/api.w.org\/{rel}","templated":true}]}}