{"id":225754,"date":"2025-07-04T13:46:10","date_gmt":"2025-07-04T13:46:10","guid":{"rendered":"https:\/\/www.europesays.com\/fr\/225754\/"},"modified":"2025-07-04T13:46:10","modified_gmt":"2025-07-04T13:46:10","slug":"la-syrie-evoque-une-cooperation-possible-avec-les-etats-unis-pour-un-accord-de-paix-avec-israel","status":"publish","type":"post","link":"https:\/\/www.europesays.com\/fr\/225754\/","title":{"rendered":"La Syrie \u00e9voque une coop\u00e9ration possible avec les \u00c9tats-Unis pour un accord de paix avec Isra\u00ebl"},"content":{"rendered":"<p class=\"fig-paragraph\">Assaad al-Chaibani, ministre syrien des Affaires \u00e9trang\u00e8res, a d\u00e9clar\u00e9 vendredi 4 juillet par un communiqu\u00e9 officiel que son pays \u00e9tait pr\u00eat \u00e0 coop\u00e9rer avec les \u00c9tats-Unis, afin de revenir \u00e0 l\u2019accord de d\u00e9sengagement datant de 1974 avec Isra\u00ebl, qui cr\u00e9e une zone tampon d\u00e9militaris\u00e9e sur le\u00a0<a href=\"http:\/\/www.lefigaro.fr\/international\/a-quneitra-en-syrie-tsahal-etend-la-zone-occupee-sur-le-golan-le-recit-de-l-envoye-special-du-figaro-20250626\" target=\"_blank\" data-fig-type=\"Article\" rel=\"noopener\" data-gtm-custom-categorie=\"navigation\" data-gtm-custom-action=\"crossclick\" data-gtm-custom-label=\"Contextuel\" data-gtm-event=\"customEventSPE\" data-fig-domain=\"LEFIGARO\">plateau du Golan<\/a>.<\/p>\n<p class=\"fig-paragraph\">\u00abLa Syrie aspire \u00e0 coop\u00e9rer avec les \u00c9tats-Unis pour un retour \u00e0 l\u2019accord de d\u00e9sengagement de 1974\u00bb, a d\u00e9clar\u00e9 le ministre syrien lors d\u2019un entretien t\u00e9l\u00e9phonique avec son homologue am\u00e9ricain Marco Rubio. L\u2019\u00e9missaire am\u00e9ricain pour la Syrie, Tom Barrack, avait d\u00e9clar\u00e9 dans une interview au New York Times publi\u00e9e jeudi que la Syrie et Isra\u00ebl menaient des pourparlers \u00absignificatifs\u00bb par l\u2019interm\u00e9diaire des \u00c9tats-Unis visant \u00e0 r\u00e9tablir le calme le long de leur fronti\u00e8re.<\/p>\n<p>                                    <a class=\"fig-a11y-skip a11y-hidden\" href=\"#fig-a11y-skip-main-inarticle\"><br \/>\n        Passer la publicit\u00e9<br \/>\n    <\/a><\/p>\n<p>Un accord de paix avec Isra\u00ebl serait \u00abpr\u00e9matur\u00e9\u00bb<\/p>\n<p class=\"fig-paragraph\">Isra\u00ebl et la Syrie, o\u00f9 une coalition islamiste a pris le pouvoir en d\u00e9cembre, sont toujours en \u00e9tat de guerre. L\u2019arm\u00e9e isra\u00e9lienne a men\u00e9 des centaines de frappes sur le pays voisin au cours des derniers mois. Apr\u00e8s la\u00a0<a href=\"http:\/\/www.lefigaro.fr\/international\/syrie-le-pays-est-aux-mains-des-terroristes-indique-bachar-el-assad-dans-sa-premiere-declaration-apres-sa-chute-20241216\" target=\"_blank\" data-fig-type=\"NewsFlash\" rel=\"noopener\" data-gtm-custom-categorie=\"navigation\" data-gtm-custom-action=\"crossclick\" data-gtm-custom-label=\"Contextuel\" data-gtm-event=\"customEventSPE\" data-fig-domain=\"LEFIGARO\">chute de Bachar al-Assad<\/a>\u00a0en d\u00e9cembre dernier, apr\u00e8s plus de 13 ans de guerre civile, Isra\u00ebl a envoy\u00e9 des troupes dans la zone tampon d\u00e9militaris\u00e9e du Golan, et a men\u00e9 des\u00a0<a href=\"http:\/\/www.lefigaro.fr\/flash-actu\/israel-approuve-un-projet-visant-a-doubler-la-population-du-golan-syrien-annexe-20241215\" target=\"_blank\" data-fig-type=\"NewsFlash\" rel=\"noopener\" data-gtm-custom-categorie=\"navigation\" data-gtm-custom-action=\"crossclick\" data-gtm-custom-label=\"Contextuel\" data-gtm-event=\"customEventSPE\" data-fig-domain=\"LEFIGARO\">incursions en territoire syrien<\/a>.<\/p>\n<p class=\"fig-paragraph\">Si la Syrie a reconnu avoir men\u00e9 des pourparlers indirects avec Isra\u00ebl en vue de r\u00e9duire les tensions, il a \u00e9galement affirm\u00e9 que les discussions sur la signature d\u2019un accord de paix avec Isra\u00ebl \u00e9taient \u00abpr\u00e9matur\u00e9es\u00bb. Le ministre isra\u00e9lien des Affaires \u00e9trang\u00e8res, Gideon Saar, a pour sa part affirm\u00e9 lundi que son pays \u00e9tait \u00abint\u00e9ress\u00e9\u00bb par une normalisation de ses relations avec la Syrie et le Liban voisins, tout en affirmant qu\u2019Isra\u00ebl n\u2019avait pas l\u2019intention de restituer la partie du Golan syrien qu\u2019il a conquise en 1967 et annex\u00e9e en 1981.<\/p>\n<p class=\"fig-paragraph\">Une partie de ce plateau a \u00e9t\u00e9 conquise en partie par Isra\u00ebl sur la Syrie en juin 1967, et une poche suppl\u00e9mentaire d\u2019environ 510 km2 a \u00e9t\u00e9 occup\u00e9e par Isra\u00ebl lors de la guerre isra\u00e9lo-arabe d\u2019octobre 1973, puis \u00e9vacu\u00e9e en 1974, en vertu d\u2019un accord de d\u00e9sengagement cr\u00e9ant une zone tampon d\u00e9militaris\u00e9e de pr\u00e8s de 80 kilom\u00e8tres. Les Casques bleus de la Force des Nations unies pour l\u2019observation du d\u00e9sengagement (FNUOD) sont charg\u00e9s de contr\u00f4ler le respect de cet accord.<\/p>\n","protected":false},"excerpt":{"rendered":"Assaad al-Chaibani, ministre syrien des Affaires \u00e9trang\u00e8res, a d\u00e9clar\u00e9 vendredi 4 juillet par un communiqu\u00e9 officiel que son&hellip;\n","protected":false},"author":2,"featured_media":225755,"comment_status":"","ping_status":"","sticky":false,"template":"","format":"standard","meta":{"footnotes":""},"categories":[1589],"tags":[11,73,1866,664,12,32,1864,1865,1863,308],"class_list":{"0":"post-225754","1":"post","2":"type-post","3":"status-publish","4":"format-standard","5":"has-post-thumbnail","7":"category-etats-unis","8":"tag-actualites","9":"tag-etats-unis","10":"tag-etats-unis-damerique","11":"tag-israel","12":"tag-news","13":"tag-syrie","14":"tag-united-states","15":"tag-united-states-of-america","16":"tag-us","17":"tag-usa"},"share_on_mastodon":{"url":"https:\/\/pubeurope.com\/@fr\/114795274846510058","error":""},"_links":{"self":[{"href":"https:\/\/www.europesays.com\/fr\/wp-json\/wp\/v2\/posts\/225754","targetHints":{"allow":["GET"]}}],"collection":[{"href":"https:\/\/www.europesays.com\/fr\/wp-json\/wp\/v2\/posts"}],"about":[{"href":"https:\/\/www.europesays.com\/fr\/wp-json\/wp\/v2\/types\/post"}],"author":[{"embeddable":true,"href":"https:\/\/www.europesays.com\/fr\/wp-json\/wp\/v2\/users\/2"}],"replies":[{"embeddable":true,"href":"https:\/\/www.europesays.com\/fr\/wp-json\/wp\/v2\/comments?post=225754"}],"version-history":[{"count":0,"href":"https:\/\/www.europesays.com\/fr\/wp-json\/wp\/v2\/posts\/225754\/revisions"}],"wp:featuredmedia":[{"embeddable":true,"href":"https:\/\/www.europesays.com\/fr\/wp-json\/wp\/v2\/media\/225755"}],"wp:attachment":[{"href":"https:\/\/www.europesays.com\/fr\/wp-json\/wp\/v2\/media?parent=225754"}],"wp:term":[{"taxonomy":"category","embeddable":true,"href":"https:\/\/www.europesays.com\/fr\/wp-json\/wp\/v2\/categories?post=225754"},{"taxonomy":"post_tag","embeddable":true,"href":"https:\/\/www.europesays.com\/fr\/wp-json\/wp\/v2\/tags?post=225754"}],"curies":[{"name":"wp","href":"https:\/\/api.w.org\/{rel}","templated":true}]}}