{"id":225758,"date":"2025-07-04T13:48:10","date_gmt":"2025-07-04T13:48:10","guid":{"rendered":"https:\/\/www.europesays.com\/fr\/225758\/"},"modified":"2025-07-04T13:48:10","modified_gmt":"2025-07-04T13:48:10","slug":"cest-dans-lactualite-ministere-federal-des-affaires-etrangeres-3","status":"publish","type":"post","link":"https:\/\/www.europesays.com\/fr\/225758\/","title":{"rendered":"C\u2019est dans l\u2019actualit\u00e9\u2026 &#8211; Minist\u00e8re f\u00e9d\u00e9ral des Affaires \u00e9trang\u00e8res"},"content":{"rendered":"<p>    <strong class=\"rte__strong\">Le groupe <\/strong><strong class=\"rte__strong\">Scorpions <\/strong><strong class=\"rte__strong\">f\u00eate ses 60 ans, la Poste allemande \u00e9dite un timbre<\/strong><\/p>\n<p class=\"rte__paragraph\">Rock You Like a Hurricane, Still Loving You et l\u2019inoubliable Wind of Change : pilier de la sc\u00e8ne hard-rock mondiale, le groupe allemand Scorpions c\u00e9l\u00e8bre ce samedi 5 juillet ses 60 ans de sc\u00e8ne. Les musiciens aux plus de 120 millions d\u2019albums vendus donnent rendez-vous au public pour un concert exceptionnel \u00e0 Hanovre, leur ville d\u2019origine. Paradoxalement, aucune de leurs tourn\u00e9es mondiales n\u2019y \u00e9taient jamais pass\u00e9es.<\/p>\n<p class=\"rte__paragraph\">Pour l\u2019occasion, la Poste allemande a \u00e9dit\u00e9 une s\u00e9rie de timbres \u00e0 l\u2019effigie du groupe. On y voit le logo des Scorpions, le symbole de la paix, les mots \u00ab\u00a0love \u00a0\u00bb et \u00ab\u00a0rock\u2019n\u2019roll \u00a0\u00bb, ainsi que des textes des plus c\u00e9l\u00e8bres chansons \u00e9crites par le leader du groupe, Klaus Meine.<\/p>\n<p class=\"rte__paragraph\">Fond\u00e9s en 1965, les Scorpions sont l\u2019un des groupes allemands les plus c\u00e9l\u00e8bres de l\u2019histoire. Leur tube Wind Of Change (1990), c\u00e9l\u00e9brant les changements politiques du d\u00e9but des ann\u00e9es 1990 en Europe de l&rsquo;Est, est devenu \u00ab\u00a0l\u2019hymne de la R\u00e9unification\u00a0\u00bb et le single le plus vendu de tous les temps en Allemagne.<\/p>\n<p>    <strong class=\"rte__strong\">Les citadins les plus heureux vivent \u00e0 <\/strong><strong class=\"rte__strong\">Kassel<\/strong><\/p>\n<p class=\"rte__paragraph\">Kassel, Krefeld, D\u00fcsseldorf : c\u2019est le trio du bonheur citadin en Allemagne. La ville de Hesse et les deux villes de Rh\u00e9nanie-du-Nord-Westphalie occupent les premi\u00e8res places du classement de l\u2019Atlas du bonheur 2025, \u00e9tabli gr\u00e2ce \u00e0 un sondage aupr\u00e8s des habitants des 40 villes allemandes de plus de 200 000 habitants. Augsbourg (Bavi\u00e8re), Aix-la-Chapelle (Rh\u00e9nanie-du-Nord-Westphalie), Erfurt (Thuringe) et M\u00fcnster (Rh\u00e9nanie-du-Nord-Westphalie) occupent les places suivantes. Hambourg est 9e, Munich 27e, Francfort\/M. 35e et Berlin 37e. <\/p>\n<p class=\"rte__paragraph\">L\u2019Atlas fait appara\u00eetre un niveau de satisfaction inversement proportionnel \u00e0 la taille de l\u2019agglom\u00e9ration. \u00ab\u00a0Pour obtenir une note de bonheur \u00e9lev\u00e9e, il est d\u00e9terminant que le niveau de satisfaction soit r\u00e9parti de mani\u00e8re homog\u00e8ne dans toutes les cat\u00e9gories de la population\u00a0\u00bb, souligne Bernd Raffelh\u00fcschen, professeur \u00e0 l\u2019Universit\u00e9 de Fribourg-en-Brisgau et responsable de l\u2019enqu\u00eate. Les villes de taille relativement modeste ne se distinguent pas par des infrastructures tr\u00e8s au-dessus de la moyenne mais par la pr\u00e9sence d\u2019\u00e9tudiants, d\u2019une population jeune, d\u2019espaces verts et par la qualit\u00e9 de leur environnement m\u00e9dical. <a href=\"https:\/\/www.skl-gluecksatlas.de\/artikel\/staedteranking-2025.html\" class=\"rte__anchor i-icon_arrow_external\" rel=\"nofollow noopener\" target=\"_blank\">En savoir plus<\/a><\/p>\n<p>    <strong class=\"rte__strong\">Hommages \u00e0 l\u2019ancien ministre-pr\u00e9sident de Saxe-Anhalt, <\/strong><strong class=\"rte__strong\">Wolfgang B\u00f6hmer<\/strong><\/p>\n<p class=\"rte__paragraph\">La classe politique allemande a rendu hommage \u00e0 l\u2019ancien ministre-pr\u00e9sident de Saxe-Anhalt (2002-2011) Wolfgang B\u00f6hmer, d\u00e9c\u00e9d\u00e9 \u00e0 l\u2019\u00e2ge de 89 ans. Le chancelier Friedrich Merz a salu\u00e9 un \u00ab\u00a0responsable politique fiable avec un cap clair\u00a0\u00bb et \u00ab\u00a0un chef de l\u2019ex\u00e9cutif reconnu \u00e0 la t\u00eate de sa r\u00e9gion d\u2019origine\u00a0\u00bb. Le pr\u00e9sident allemand, Frank-Walter Steinmeier a lou\u00e9 un \u00ab\u00a0b\u00e2tisseur de ponts entre l\u2019est et l\u2019ouest, et entre la tradition et le renouveau\u00a0\u00bb.<\/p>\n<p class=\"rte__paragraph\">Authentique, volontaire et pers\u00e9v\u00e9rant, Wolfgang B\u00f6hmer a modernis\u00e9 la Saxe-Anhalt sans tourner le dos \u00e0 ses traditions. Il s\u2019est pos\u00e9 en \u00ab\u00a0garant de l\u2019\u00e9quilibre\u00a0\u00bb, a lou\u00e9 son actuel successeur, Reiner Haseloff. Il a veill\u00e9 \u00e0 ce que \u00ab\u00a0la population, toutes tendances confondues, garde confiance dans la politique\u00a0\u00bb.<\/p>\n<p class=\"rte__paragraph\">Gyn\u00e9cologue de formation, chef de service \u00e0 l\u2019h\u00f4pital de Wittenberg, Wolgang B\u00f6hmer \u00e9tait entr\u00e9 en politique au lendemain de la chute du mur de Berlin. \u00c9lu au Parlement r\u00e9gional en 1990 au sein du groupe chr\u00e9tien-d\u00e9mocrate (CDU), il a \u00e9t\u00e9 ministre des Finances (1991-93), puis ministre du Travail et des Affaires sociales (1993-94) du gouvernement de Saxe-Anhalt, avant de rejoindre les bancs de l\u2019opposition r\u00e9gionale jusqu\u2019en 2002. Vainqueur des \u00e9lections r\u00e9gionales en 2002, il a gouvern\u00e9 \u00e0 la t\u00eate d\u2019une coalition avec les lib\u00e9raux (FDP) jusqu\u2019en 2006, puis avec les sociaux-d\u00e9mocrates de 2006 \u00e0 2011.<\/p>\n<p>    <strong class=\"rte__strong\">L\u2019inflation recule \u00e0 2,0 % en juin<\/strong><\/p>\n<p class=\"rte__paragraph\">La hausse des prix a ralenti au mois de juin en Allemagne, refluant de 2,1 % \u00e0 2,0 % en rythme annuel, selon des chiffres provisoires de l\u2019Office f\u00e9d\u00e9ral des statistiques (destatis). La mod\u00e9ration a concern\u00e9 le prix des denr\u00e9es alimentaires, en hausse de 2,0 % contre 2,8 % en avril et en mai. Les prix de l\u2019\u00e9nergie ont poursuivi leur baisse (- 3,5 % sur un an). En revanche, le prix des services a nourri l\u2019inflation (+ 3,3 % sur un an). <a href=\"https:\/\/www.destatis.de\/DE\/Presse\/Pressemitteilungen\/2025\/06\/PD25_235_611.html\" class=\"rte__anchor i-icon_arrow_external\" rel=\"nofollow noopener\" target=\"_blank\">En savoir plus<\/a><\/p>\n<p>    <strong class=\"rte__strong\">Le march\u00e9 du travail allemand reste atone en juin<\/strong><\/p>\n<p class=\"rte__paragraph\">L\u2019Allemagne comptait au mois de juin 2,914 millions de ch\u00f4meurs, 5 000 de moins qu\u2019en mai, selon l\u2019Agence f\u00e9d\u00e9rale pour l\u2019emploi (BA). Le taux de ch\u00f4mage (6,2 %) est stable. Le march\u00e9 du travail allemand p\u00e2tit depuis deux ans de la morosit\u00e9 de la conjoncture \u00e9conomique. Les entreprises ont tendance \u00e0 peu embaucher. En un an, le nombre de demandeurs d\u2019emploi a augment\u00e9 de 188 000 et le taux de ch\u00f4mage de 0,4 point. <a href=\"https:\/\/www.arbeitsagentur.de\/news\/arbeitsmarkt#accordion1200731751352048\" class=\"rte__anchor i-icon_arrow_external\" rel=\"nofollow noopener\" target=\"_blank\">En savoir plus<\/a><\/p>\n<p>    <strong class=\"rte__strong\">D\u00e9c\u00e8s de <\/strong><strong class=\"rte__strong\">Michael Sommer<\/strong><strong class=\"rte__strong\">, figure du syndicalisme allemand<\/strong><\/p>\n<p class=\"rte__paragraph\">L\u2019ancien pr\u00e9sident de la Conf\u00e9d\u00e9ration allemande des syndicats (DGB), Michael Sommer, est d\u00e9c\u00e9d\u00e9 cette semaine \u00e0 l\u2019\u00e2ge de 73 ans. \u00c0 la t\u00eate du DGB pendant douze ans (2002-2014), il avait \u00e9t\u00e9 en premi\u00e8re ligne de l\u2019opposition aux r\u00e9formes Hartz qui, selon lui, contribuait \u00e0 une pr\u00e9carisation de l\u2019emploi \u00e0 l\u2019\u00e9poque du chancelier Gerhard Schr\u00f6der. Son principal h\u00e9ritage reste la cr\u00e9ation d\u2019un salaire minimum en Allemagne. Il fut mis en place en 2015, un an apr\u00e8s la fin de son mandat, et b\u00e9n\u00e9ficie aujourd\u2019hui \u00e0 pr\u00e8s de six millions de salari\u00e9s. Entr\u00e9 dans le syndicalisme \u00e0 19 ans, d\u2019abord membre du Syndicat de la Poste allemande, Michael Sommer avait \u00e9galement particip\u00e9 en 2001 \u00e0 la cr\u00e9ation du syndicat des services Ver.di.<\/p>\n<p>    <strong class=\"rte__strong\">La p\u00e2tisserie et son histoire au menu d\u2019une exposition \u00e0 Dresde<\/strong><\/p>\n<p class=\"rte__paragraph\">Avis aux gourmands ! Pour leur premi\u00e8re exposition, les Archives allemandes de la gastronomie, cr\u00e9\u00e9es en 2022 \u00e0 Dresde (Saxe), enchantent les papilles et font danser les saveurs. Elles pr\u00e9sentent jusqu\u2019au 17 janvier 2026 une exposition intitul\u00e9e \u00ab\u00a0L\u2019art sucr\u00e9. Histoire culturelle de la p\u00e2tisserie et des desserts\u00a0\u00bb. Au menu : l\u2019histoire du dessert du Moyen-\u00c2ge \u00e0 nos jours. Esquisses, livres de recettes, manuscrits, vid\u00e9os font go\u00fbter \u00e0 un champ de recherche original, ax\u00e9 sur l\u2019\u00e9veil des sens.<\/p>\n<p class=\"rte__paragraph\">Toutefois, si la cr\u00e8me br\u00fbl\u00e9e, le pralin\u00e9 et les tartes d\u2019anniversaire r\u00e9jouissent le palais, l\u2019exposition va au-del\u00e0 du plaisir gustatif. Elle aborde l\u2019esth\u00e9tique, l\u2019histoire culturelle, l\u2019artisanat et les \u00e9volutions sociales. Le visiteur saura tout sur l\u2019\u00e9volution de la carte des desserts au fil des si\u00e8cles, les aromes pris\u00e9s et mal aim\u00e9s, les cons\u00e9quences de l\u2019industrialisation et de la consommation de masse sur les arts p\u00e2tissiers. <a href=\"https:\/\/www.slub-dresden.de\/besuchen\/ausstellungen-buchmuseum\/ausstellungen-2025\/die-suesse-kunst-eine-kulturgeschichte-der-konditorei-und-der-desserts\" class=\"rte__anchor i-icon_arrow_external\" rel=\"nofollow noopener\" target=\"_blank\">En savoir plus<\/a><\/p>\n<p class=\"rte__paragraph\">R\u00e9daction : A.L.<\/p>\n","protected":false},"excerpt":{"rendered":"Le groupe Scorpions f\u00eate ses 60 ans, la Poste allemande \u00e9dite un timbre Rock You Like a Hurricane,&hellip;\n","protected":false},"author":2,"featured_media":225759,"comment_status":"","ping_status":"","sticky":false,"template":"","format":"standard","meta":{"footnotes":""},"categories":[1587],"tags":[11,672,1804,1805,1803,1777,674,1801,12,1802],"class_list":{"0":"post-225758","1":"post","2":"type-post","3":"status-publish","4":"format-standard","5":"has-post-thumbnail","7":"category-allemagne","8":"tag-actualites","9":"tag-allemagne","10":"tag-bundesrepublik-deutschland","11":"tag-de","12":"tag-deutschland","13":"tag-eu","14":"tag-europe","15":"tag-germany","16":"tag-news","17":"tag-republique-federale-dallemagne"},"share_on_mastodon":{"url":"https:\/\/pubeurope.com\/@fr\/114795282650458321","error":""},"_links":{"self":[{"href":"https:\/\/www.europesays.com\/fr\/wp-json\/wp\/v2\/posts\/225758","targetHints":{"allow":["GET"]}}],"collection":[{"href":"https:\/\/www.europesays.com\/fr\/wp-json\/wp\/v2\/posts"}],"about":[{"href":"https:\/\/www.europesays.com\/fr\/wp-json\/wp\/v2\/types\/post"}],"author":[{"embeddable":true,"href":"https:\/\/www.europesays.com\/fr\/wp-json\/wp\/v2\/users\/2"}],"replies":[{"embeddable":true,"href":"https:\/\/www.europesays.com\/fr\/wp-json\/wp\/v2\/comments?post=225758"}],"version-history":[{"count":0,"href":"https:\/\/www.europesays.com\/fr\/wp-json\/wp\/v2\/posts\/225758\/revisions"}],"wp:featuredmedia":[{"embeddable":true,"href":"https:\/\/www.europesays.com\/fr\/wp-json\/wp\/v2\/media\/225759"}],"wp:attachment":[{"href":"https:\/\/www.europesays.com\/fr\/wp-json\/wp\/v2\/media?parent=225758"}],"wp:term":[{"taxonomy":"category","embeddable":true,"href":"https:\/\/www.europesays.com\/fr\/wp-json\/wp\/v2\/categories?post=225758"},{"taxonomy":"post_tag","embeddable":true,"href":"https:\/\/www.europesays.com\/fr\/wp-json\/wp\/v2\/tags?post=225758"}],"curies":[{"name":"wp","href":"https:\/\/api.w.org\/{rel}","templated":true}]}}