{"id":22576,"date":"2025-04-13T16:14:12","date_gmt":"2025-04-13T16:14:12","guid":{"rendered":"https:\/\/www.europesays.com\/fr\/22576\/"},"modified":"2025-04-13T16:14:12","modified_gmt":"2025-04-13T16:14:12","slug":"anciens-de-ligue-2-oliver-kahn-affirme-avoir-propose-30-millions-pour-racheter-bordeaux-gerard-lopez-dement","status":"publish","type":"post","link":"https:\/\/www.europesays.com\/fr\/22576\/","title":{"rendered":"Anciens de Ligue 2 &#8211; Oliver Kahn, affirme avoir propos\u00e9 30 millions pour racheter Bordeaux, G\u00e9rard Lopez d\u00e9ment"},"content":{"rendered":"<p style=\"text-align: justify;\">En s\u2019imposant 1-0 face \u00e0 Saint-Malo samedi lors de la 25e journ\u00e9e de National 2, les Girondins de Bordeaux ont pr\u00e9serv\u00e9 l\u2019espoir d\u2019une mont\u00e9e en National. Il faudra tout de m\u00eame d\u00e9passer les Malouins et combler un \u00e9cart de cinq points avec le leader (Saint-Brieuc) lors des cinq derni\u00e8res journ\u00e9es. En attendant, les tractations sur l\u2019avenir du club continuent.<\/p>\n<p style=\"text-align: justify;\">\u00c0 lire aussi &gt;&gt; <a href=\"https:\/\/maligue2.fr\/2025\/04\/10\/ancien-de-ligue-2-le-club-de-niort-disparait-pour-de-bon-le-maire-veut-donner-aux-chamois-les-moyens-de-renaitre\/\" target=\"_blank\" rel=\"noopener\">Ancien de Ligue 2 \u2013 Le club de Niort dispara\u00eet pour de bon, le maire veut \u00ab donner aux Chamois les moyens de rena\u00eetre \u00bb<\/a><\/p>\n<p style=\"text-align: justify;\">En fin de semaine, l\u2019ancien gardien de but de l\u2019\u00e9quipe d\u2019Allemagne, Oliver Kahn, s\u2019est exprim\u00e9 sur sa volont\u00e9 de reprendre le club, toujours en processus de redressement judiciaire. Dans les colonnes de Bild, il d\u00e9clare : \u00ab Le but est de faire en sorte que ce club revienne en Ligue 1 dans les prochaines ann\u00e9es [\u2026] Nous avons dans un premier temps transmis 30 millions d\u2019euros, et nous avons apport\u00e9 aux autorit\u00e9s officielles la preuve de fonds. Mon travail en ce moment c\u2019est de parler avec les gens sur place pour, plus tard, trouver un accord. Parall\u00e8lement, j\u2019apporte mon r\u00e9seau, mon expertise, mon exp\u00e9rience. \u00bb<\/p>\n<p style=\"text-align: justify;\">Assez pour convaincre G\u00e9rard Lopez de l\u00e2cher le FCGB ? L\u2019actuel propri\u00e9taire, interrog\u00e9 par <a href=\"https:\/\/www.sudouest.fr\/sport\/football\/girondins-de-bordeaux\/girondins-de-bordeaux-gerard-lopez-repond-a-oliver-kahn-personne-n-a-recu-de-proposition-quelle-qu-elle-soit-24020709.php\" target=\"_blank\" rel=\"noopener\">Sud-Ouest<\/a> apr\u00e8s le match du week-end propose une version des faits bien diff\u00e9rente : \u00ab S\u2019il faut transmettre une proposition, c\u2019est \u00e0 moi ou aux administrateurs judiciaires, et personne n\u2019a re\u00e7u de proposition quelle qu\u2019elle soit, ni de z\u00e9ro, ni de 30 millions. On n\u2019a pas discut\u00e9 avec Oliver Kahn depuis un moment maintenant. En termes de plan d\u2019affaires, on a pr\u00e9vu deux saisons dans chaque division (N1 ou N2), donc \u00e7a ne change rien. Idem pour la recherche de partenaire, \u00e7a ne change rien. On ne d\u00e9pense pas 40 millions par saison. S\u2019il faut rester comme \u00e7a, on restera comme \u00e7a. Seul ou accompagn\u00e9, \u00e7a ne change pas. \u00bb<\/p>\n<p>Photo Sylvain Thomas\/FEP\/Icon Sport<\/p>\n","protected":false},"excerpt":{"rendered":"En s\u2019imposant 1-0 face \u00e0 Saint-Malo samedi lors de la 25e journ\u00e9e de National 2, les Girondins de&hellip;\n","protected":false},"author":2,"featured_media":22577,"comment_status":"","ping_status":"","sticky":false,"template":"","format":"standard","meta":{"footnotes":""},"categories":[2817],"tags":[8378,1111,11,1997,1777,674,1011,27,8379,12,2219,25],"class_list":{"0":"post-22576","1":"post","2":"type-post","3":"status-publish","4":"format-standard","5":"has-post-thumbnail","7":"category-bordeaux","8":"tag-alaune8","9":"tag-actu","10":"tag-actualites","11":"tag-bordeaux","12":"tag-eu","13":"tag-europe","14":"tag-fr","15":"tag-france","16":"tag-gerard-lopez","17":"tag-news","18":"tag-nouvelle-aquitaine","19":"tag-republique-francaise"},"share_on_mastodon":{"url":"https:\/\/pubeurope.com\/@fr\/114331555961824330","error":""},"_links":{"self":[{"href":"https:\/\/www.europesays.com\/fr\/wp-json\/wp\/v2\/posts\/22576","targetHints":{"allow":["GET"]}}],"collection":[{"href":"https:\/\/www.europesays.com\/fr\/wp-json\/wp\/v2\/posts"}],"about":[{"href":"https:\/\/www.europesays.com\/fr\/wp-json\/wp\/v2\/types\/post"}],"author":[{"embeddable":true,"href":"https:\/\/www.europesays.com\/fr\/wp-json\/wp\/v2\/users\/2"}],"replies":[{"embeddable":true,"href":"https:\/\/www.europesays.com\/fr\/wp-json\/wp\/v2\/comments?post=22576"}],"version-history":[{"count":0,"href":"https:\/\/www.europesays.com\/fr\/wp-json\/wp\/v2\/posts\/22576\/revisions"}],"wp:featuredmedia":[{"embeddable":true,"href":"https:\/\/www.europesays.com\/fr\/wp-json\/wp\/v2\/media\/22577"}],"wp:attachment":[{"href":"https:\/\/www.europesays.com\/fr\/wp-json\/wp\/v2\/media?parent=22576"}],"wp:term":[{"taxonomy":"category","embeddable":true,"href":"https:\/\/www.europesays.com\/fr\/wp-json\/wp\/v2\/categories?post=22576"},{"taxonomy":"post_tag","embeddable":true,"href":"https:\/\/www.europesays.com\/fr\/wp-json\/wp\/v2\/tags?post=22576"}],"curies":[{"name":"wp","href":"https:\/\/api.w.org\/{rel}","templated":true}]}}