{"id":225772,"date":"2025-07-04T13:59:08","date_gmt":"2025-07-04T13:59:08","guid":{"rendered":"https:\/\/www.europesays.com\/fr\/225772\/"},"modified":"2025-07-04T13:59:08","modified_gmt":"2025-07-04T13:59:08","slug":"le-motogp-se-joint-au-panel-sur-les-carburants-durables-dans-les-sports-mecaniques","status":"publish","type":"post","link":"https:\/\/www.europesays.com\/fr\/225772\/","title":{"rendered":"Le MotoGP\u2122 se joint au panel sur les carburants durables dans les sports m\u00e9caniques"},"content":{"rendered":"<p>En tant que cat\u00e9gorie reine sur deux roues, le MotoGP\u2122 est une force de changement positif sur la piste et en dehors. Lors d&rsquo;un <a href=\"https:\/\/m.facebook.com\/story.php?story_fbid=706885232138773&amp;id=100084519068645\" rel=\"nofollow noopener\" target=\"_blank\">panel intitul\u00e9 \u00ab Voice of Innovation 1: Sustainable Fuel in Motorsports \u00bb<\/a>, des repr\u00e9sentants du sport le plus passionnant de la plan\u00e8te sont mont\u00e9s sur sc\u00e8ne pour faire part de leurs r\u00e9flexions.<\/p>\n<p>Ferran Juncar, directeur du sponsoring mondial du MotoGP\u2122, et Daniel Carrera, directeur de l&rsquo;ESG au sein du groupe Dorna (d\u00e9tenteur des droits commerciaux du MotoGP\u2122) se sont joints au panel pour d\u00e9battre de la fa\u00e7on dont les sports m\u00e9caniques ont le pouvoir de cr\u00e9er le changement tout en s&rsquo;assurant qu&rsquo;aucun compromis n&rsquo;est fait sur la performance. Il s&rsquo;agit l\u00e0 de deux conditions tout aussi importantes dans les applications au monde r\u00e9el, lorsque ces innovations atteignent M. Tout le monde.<\/p>\n<p>Lors de ce panel, ils ont soulign\u00e9 la n\u00e9cessit\u00e9 d&rsquo;aller au-del\u00e0 des combustibles fossiles et mis en \u00e9vidence la fa\u00e7on dont les innovations en bord de piste peuvent acc\u00e9l\u00e9rer la mobilit\u00e9 durable \u00e0 une plus grande \u00e9chelle en l&rsquo;\u00e9tendant aux routes, la collaboration \u00e9tant essentielle pour y parvenir.<\/p>\n<p>Dans toutes les cat\u00e9gories du MotoGP\u2122, le carburant doit d\u00e9sormais \u00eatre d&rsquo;origine non fossile \u00e0 hauteur d&rsquo;au moins 40%. En MotoGP\u2122, les \u00e9quipes et les constructeurs travaillent avec leurs fournisseurs tandis qu&rsquo;en Moto2\u2122 et Moto3\u2122, c&rsquo;est \u00e0 Petronas qu&rsquo;incombe la t\u00e2che de fournir le carburant. En 2027, le carburant de toutes les cat\u00e9gories devra \u00eatre 100% d&rsquo;origine non fossile, une perspective passionnante alors que les performances ne cessent d&rsquo;impressionner. L&rsquo;innovation d\u00e9marre du d\u00e9veloppement en MotoGP\u2122 et atteint les usagers dans le monde entier.<\/p>\n","protected":false},"excerpt":{"rendered":"En tant que cat\u00e9gorie reine sur deux roues, le MotoGP\u2122 est une force de changement positif sur la&hellip;\n","protected":false},"author":2,"featured_media":225773,"comment_status":"","ping_status":"","sticky":false,"template":"","format":"standard","meta":{"footnotes":""},"categories":[1413],"tags":[1011,27,1457,1456,60,2032],"class_list":{"0":"post-225772","1":"post","2":"type-post","3":"status-publish","4":"format-standard","5":"has-post-thumbnail","7":"category-moto","8":"tag-fr","9":"tag-france","10":"tag-moto","11":"tag-motocycle","12":"tag-sports","13":"tag-text"},"share_on_mastodon":{"url":"https:\/\/pubeurope.com\/@fr\/114795326086732030","error":""},"_links":{"self":[{"href":"https:\/\/www.europesays.com\/fr\/wp-json\/wp\/v2\/posts\/225772","targetHints":{"allow":["GET"]}}],"collection":[{"href":"https:\/\/www.europesays.com\/fr\/wp-json\/wp\/v2\/posts"}],"about":[{"href":"https:\/\/www.europesays.com\/fr\/wp-json\/wp\/v2\/types\/post"}],"author":[{"embeddable":true,"href":"https:\/\/www.europesays.com\/fr\/wp-json\/wp\/v2\/users\/2"}],"replies":[{"embeddable":true,"href":"https:\/\/www.europesays.com\/fr\/wp-json\/wp\/v2\/comments?post=225772"}],"version-history":[{"count":0,"href":"https:\/\/www.europesays.com\/fr\/wp-json\/wp\/v2\/posts\/225772\/revisions"}],"wp:featuredmedia":[{"embeddable":true,"href":"https:\/\/www.europesays.com\/fr\/wp-json\/wp\/v2\/media\/225773"}],"wp:attachment":[{"href":"https:\/\/www.europesays.com\/fr\/wp-json\/wp\/v2\/media?parent=225772"}],"wp:term":[{"taxonomy":"category","embeddable":true,"href":"https:\/\/www.europesays.com\/fr\/wp-json\/wp\/v2\/categories?post=225772"},{"taxonomy":"post_tag","embeddable":true,"href":"https:\/\/www.europesays.com\/fr\/wp-json\/wp\/v2\/tags?post=225772"}],"curies":[{"name":"wp","href":"https:\/\/api.w.org\/{rel}","templated":true}]}}