{"id":225780,"date":"2025-07-04T14:03:18","date_gmt":"2025-07-04T14:03:18","guid":{"rendered":"https:\/\/www.europesays.com\/fr\/225780\/"},"modified":"2025-07-04T14:03:18","modified_gmt":"2025-07-04T14:03:18","slug":"natalie-portman-jupes-courtes-en-serie-pour-lactrice-dans-les-rues-de-new-york-photos","status":"publish","type":"post","link":"https:\/\/www.europesays.com\/fr\/225780\/","title":{"rendered":"Natalie Portman : jupes courtes en s\u00e9rie pour l&rsquo;actrice dans les rues de New York (Photos)"},"content":{"rendered":"<p>Voil\u00e0 une sortie qui fait parler ! Ce jeudi 3 juillet 2025,<br \/>\nNatalie Portman a \u00e9t\u00e9 photographi\u00e9e dans les rues de New York. Elle<br \/>\nse rendait sur le tournage de la com\u00e9die romantique Good<br \/>\nSex. Elle joue le r\u00f4le d\u2019une th\u00e9rapeute de couple, nomm\u00e9e<br \/>\nAlly.<\/p>\n<p>Et une chose est s\u00fbre, la star d\u2019Hollywood a d\u00e9voil\u00e9 une tenue<br \/>\n<strong>ultra sensuelle.<\/strong> Dans un ensemble, compos\u00e9 d\u2019un<br \/>\nblazer gris, Natalie Portman a d\u00e9voil\u00e9 ses magnifiques jambes dans<br \/>\nune <strong>mini-jupe sombre<\/strong>. A ses pieds, des chaussures<br \/>\nnoires. Avec ses cheveux d\u00e9tach\u00e9s, l\u2019actrice \u00e9tait tout simplement<br \/>\nsaisissante ! Elle a \u00e9galement propos\u00e9 une autre tenue, compos\u00e9e<br \/>\nd\u2019une mini-jupe noire et d\u2019un chemisier blanc avec un ruban<br \/>\nnoir.<\/p>\n<p>Natalie Portman se d\u00e9voile dans plusieurs tenues toutes aussi<br \/>\nsensuelles les unes que les autres<\/p>\n<p>Et ce n\u2019est pas fini, Natalie Portman a \u00e9galement d\u00e9voil\u00e9 ses<br \/>\njambes nues dans une robe gris souris totalement hypnotisante. La<br \/>\ncom\u00e9dienne sait ainsi comment se mettre en valeur. <a href=\"https:\/\/www.closermag.fr\/people\/natalie-portman-divorcee-de-benjamin-millepied-elle-aurait-retrouve-lamour-dans-les-bras-dun-autre-francais-celebre-3525737\" target=\"_blank\" rel=\"noopener\"><br \/>\nL&rsquo;ex-compagne de Benjamin Millepied<\/a> continue \u00e0 \u00eatre toujours<br \/>\naussi <strong>inspirante<\/strong>.<\/p>\n<p>Maman de deux enfants, elle a \u00e9t\u00e9 interrog\u00e9e dans le magazine<br \/>\nInterview, par sa cons\u0153ur Jenna Ortega. La star de<br \/>\nMercredi a voulu en savoir plus au sujet de la vie de<br \/>\nmaman de <a href=\"https:\/\/www.closermag.fr\/people\/faut-vraiment-etre-mauvais-luc-besson-cash-sur-les-debuts-de-natalie-portman-3545125\" target=\"_blank\" rel=\"noopener\"><br \/>\nNatalie Portman<\/a>. \u00ab\u00a0Mes enfants sont toujours une source<br \/>\nd&rsquo;enthousiasme, car vous les voyez simplement devenir les individus<br \/>\nqu&rsquo;ils sont\u00a0\u00bb, explique-t-elle.\u00a0<\/p>\n<p>Ses confidences touchantes sur ses<br \/>\nenfants<\/p>\n<p>Et hors de question de d\u00e9laisser sa famille pour mener \u00e0 bien sa<br \/>\ncarri\u00e8re. Celle qui vit en France a pr\u00e9cis\u00e9 avoir \u00e9t\u00e9 un soutien<br \/>\nsans faille pour ses enfants, lors de sa s\u00e9paration : \u00ab\u00a0J&rsquo;ai<br \/>\npass\u00e9 beaucoup de temps avec mes amis, avec leurs enfants et mes<br \/>\nenfants ; <strong>c&rsquo;est plut\u00f4t amusant\u00a0\u00bb.<\/strong><\/p>\n<p>Mais m\u00eame s\u2019ils sont s\u00e9par\u00e9s, <a href=\"https:\/\/www.closermag.fr\/people\/natalie-portman-presque-incognito-situation-genante-en-plein-paris-3549703\" target=\"_blank\" rel=\"noopener\"><br \/>\nla com\u00e9dienne Natalie Portman<\/a> et Benjamin Millepied sont rest\u00e9s<br \/>\ntr\u00e8s soud\u00e9s : \u00ab\u00a0J&rsquo;\u00e9tais tellement excit\u00e9e d&rsquo;avoir des enfants et<br \/>\nd&rsquo;\u00eatre avec quelqu&rsquo;un dont j&rsquo;\u00e9tais amoureuse. C\u2019est vraiment<br \/>\nimportant d&rsquo;avoir des gens dans sa vie qui vous aident \u00e0 garder le<br \/>\ncap\u00a0\u00bb, conclut-elle. Ainsi, entre sa carri\u00e8re professionnelle<br \/>\net sa vie de famille, Natalie Portman est aujourd\u2019hui <strong>une<br \/>\nfemme et une m\u00e8re heureuse.\u00a0<\/strong><\/p>\n<p>Diaporama<br \/>\n<img decoding=\"async\" class=\"diapo_img img-responsive lazy-load\" loading=\"lazy\" src=\"https:\/\/www.europesays.com\/fr\/wp-content\/uploads\/2025\/07\/bestimage_00713854_000023-1.jpg\"\/><\/p>\n<p>Bestimage<\/p>\n<p>1\/6 Natalie Portman a d\u00e9voil\u00e9 diff\u00e9rents<br \/>\nlooks toujours plus sensuels<\/p>\n<p>Voil\u00e0 une sortie qui fait parler ! Ce jeudi 3<br \/>\njuillet 2025, Natalie Portman a \u00e9t\u00e9 photographi\u00e9e dans les rues de<br \/>\nNew York. Elle se rendait sur le tournage de la com\u00e9die romantique<br \/>\nGood Sex. Elle joue le r\u00f4le d\u2019une th\u00e9rapeute de couple, nomm\u00e9e<br \/>\nAlly. <\/p>\n<p><img decoding=\"async\" class=\"diapo_img img-responsive lazy-load\" loading=\"lazy\" src=\"https:\/\/www.europesays.com\/fr\/wp-content\/uploads\/2025\/07\/bestimage_00713854_000018-scaled.jpg\"\/><\/p>\n<p>Bestimage<\/p>\n<p>2\/6 Pr\u00e9sente \u00e0 New York, elle s&rsquo;est montr\u00e9e<br \/>\navec des mini-jupes<\/p>\n<p>Et une chose est s\u00fbre, la star d\u2019Hollywood a<br \/>\nd\u00e9voil\u00e9 une tenue ultra sensuelle. Dans un ensemble, compos\u00e9 d\u2019un<br \/>\nblazer gris, Natalie Portman a d\u00e9voil\u00e9 ses magnifiques jambes dans<br \/>\nune mini-jupe sombre. A ses pieds, des chaussures noires. Avec ses<br \/>\ncheveux d\u00e9tach\u00e9s, l\u2019actrice \u00e9tait tout simplement saisissante<br \/>\n! <\/p>\n<p><img decoding=\"async\" class=\"diapo_img img-responsive lazy-load\" loading=\"lazy\" src=\"https:\/\/www.europesays.com\/fr\/wp-content\/uploads\/2025\/07\/bestimage_00713854_000012-scaled.jpg\"\/><\/p>\n<p>Bestimage<\/p>\n<p>3\/6 Natalie Portman a opt\u00e9 aussi pour une<br \/>\njupe noire<\/p>\n<p>Elle a \u00e9galement propos\u00e9 une autre<br \/>\ntenue.<\/p>\n<p><img decoding=\"async\" class=\"diapo_img img-responsive lazy-load\" loading=\"lazy\" src=\"https:\/\/www.europesays.com\/fr\/wp-content\/uploads\/2025\/07\/bestimage_00713854_000011-scaled.jpg\"\/><\/p>\n<p>Bestimage<\/p>\n<p>4\/6 La com\u00e9dienne d\u00e9voile ses belles<br \/>\njambes<\/p>\n<p>La tenue \u00e9tait compos\u00e9e d\u2019une mini-jupe noire<br \/>\net d\u2019un chemisier blanc avec un ruban noir.<\/p>\n<p><img decoding=\"async\" class=\"diapo_img img-responsive lazy-load\" loading=\"lazy\" src=\"https:\/\/www.europesays.com\/fr\/wp-content\/uploads\/2025\/07\/bestimage_00713854_000017.jpg\"\/><\/p>\n<p>Bestimage<\/p>\n<p>5\/6 Et l\u00e0 voil\u00e0 dans un autre look<\/p>\n<p>Et ce n\u2019est pas fini, Natalie Portman a<br \/>\n\u00e9galement d\u00e9voil\u00e9 ses jambes nues.<\/p>\n<p><img decoding=\"async\" class=\"diapo_img img-responsive lazy-load\" loading=\"lazy\" src=\"https:\/\/www.europesays.com\/fr\/wp-content\/uploads\/2025\/07\/bestimage_00713854_000001-scaled.jpg\"\/><\/p>\n<p>Bestimage<\/p>\n<p>6\/6 Natalie Portman sur le tournage du film<br \/>\n\u00ab\u00a0Good Sex\u00a0\u00bb<\/p>\n<p>Sa tenue \u00e9tait compos\u00e9e d&rsquo;une robe gris souris<br \/>\ntotalement hypnotisante<\/p>\n","protected":false},"excerpt":{"rendered":"Voil\u00e0 une sortie qui fait parler ! Ce jeudi 3 juillet 2025, Natalie Portman a \u00e9t\u00e9 photographi\u00e9e dans&hellip;\n","protected":false},"author":2,"featured_media":225781,"comment_status":"","ping_status":"","sticky":false,"template":"","format":"standard","meta":{"footnotes":""},"categories":[1359],"tags":[58,59,1011,27,1638,1550,973],"class_list":{"0":"post-225780","1":"post","2":"type-post","3":"status-publish","4":"format-standard","5":"has-post-thumbnail","7":"category-people","8":"tag-divertissement","9":"tag-entertainment","10":"tag-fr","11":"tag-france","12":"tag-has_diapo","13":"tag-natalie-portman","14":"tag-people"},"share_on_mastodon":{"url":"https:\/\/pubeurope.com\/@fr\/114795342010170313","error":""},"_links":{"self":[{"href":"https:\/\/www.europesays.com\/fr\/wp-json\/wp\/v2\/posts\/225780","targetHints":{"allow":["GET"]}}],"collection":[{"href":"https:\/\/www.europesays.com\/fr\/wp-json\/wp\/v2\/posts"}],"about":[{"href":"https:\/\/www.europesays.com\/fr\/wp-json\/wp\/v2\/types\/post"}],"author":[{"embeddable":true,"href":"https:\/\/www.europesays.com\/fr\/wp-json\/wp\/v2\/users\/2"}],"replies":[{"embeddable":true,"href":"https:\/\/www.europesays.com\/fr\/wp-json\/wp\/v2\/comments?post=225780"}],"version-history":[{"count":0,"href":"https:\/\/www.europesays.com\/fr\/wp-json\/wp\/v2\/posts\/225780\/revisions"}],"wp:featuredmedia":[{"embeddable":true,"href":"https:\/\/www.europesays.com\/fr\/wp-json\/wp\/v2\/media\/225781"}],"wp:attachment":[{"href":"https:\/\/www.europesays.com\/fr\/wp-json\/wp\/v2\/media?parent=225780"}],"wp:term":[{"taxonomy":"category","embeddable":true,"href":"https:\/\/www.europesays.com\/fr\/wp-json\/wp\/v2\/categories?post=225780"},{"taxonomy":"post_tag","embeddable":true,"href":"https:\/\/www.europesays.com\/fr\/wp-json\/wp\/v2\/tags?post=225780"}],"curies":[{"name":"wp","href":"https:\/\/api.w.org\/{rel}","templated":true}]}}