{"id":225782,"date":"2025-07-04T14:04:14","date_gmt":"2025-07-04T14:04:14","guid":{"rendered":"https:\/\/www.europesays.com\/fr\/225782\/"},"modified":"2025-07-04T14:04:14","modified_gmt":"2025-07-04T14:04:14","slug":"le-nouveau-palais-de-la-decouverte-reactualise-lambition-visionnaire-de-ses-fondateurs","status":"publish","type":"post","link":"https:\/\/www.europesays.com\/fr\/225782\/","title":{"rendered":"\u00ab\u00a0Le nouveau Palais de la d\u00e9couverte r\u00e9actualise l\u2019ambition visionnaire de ses fondateurs\u00a0\u00bb"},"content":{"rendered":"\n<p class=\"article__paragraph  \">L\u2019annulation des manifestations pr\u00e9vues au Palais de la d\u00e9couverte \u00e0 partir de juin, les incertitudes sur le calendrier et les conditions de r\u00e9ouverture de cette institution, comme la <a href=\"https:\/\/www.lemonde.fr\/sciences\/article\/2025\/06\/13\/apres-le-limogeage-surprise-de-bruno-maquart-le-palais-de-la-decouverte-sur-les-charbons-ardents_6612761_1650684.html\" rel=\"nofollow noopener\" target=\"_blank\">d\u00e9mission de ses fonctions du pr\u00e9sident d\u2019Universcience Bruno Maquart<\/a>, le 12\u00a0juin, suscitent une forte inqui\u00e9tude quant \u00e0 l\u2019aboutissement de ce projet.<\/p>\n<p>                              Lire aussi |  Article r\u00e9serv\u00e9 \u00e0 nos abonn\u00e9s  <a href=\"https:\/\/www.lemonde.fr\/sciences\/article\/2025\/06\/15\/le-gouvernement-tente-de-rassurer-sur-l-avenir-du-palais-de-la-decouverte_6613374_1650684.html\" class=\"js-article-read-also catcher--favoris__link\" data-premium=\"1\" id=\"article-title-3427226\" rel=\"nofollow noopener\" target=\"_blank\">Le gouvernement tente de rassurer sur l\u2019avenir du Palais de la d\u00e9couverte<\/a>    <\/p>\n<p>   Lire plus tard  <\/p>\n<p class=\"article__paragraph  \">En\u00a02020, profitant de la fermeture pour r\u00e9novation des b\u00e2timents du Grand Palais, Universcience, \u00e9tablissement public regroupant le Palais de la d\u00e9couverte et la Cit\u00e9 des sciences et de l\u2019industrie, entame avec l\u2019aval de ses tutelles le renouvellement complet de son offre propos\u00e9e aux visiteurs du palais d\u2019Antin. Le CNRS est son partenaire scientifique de r\u00e9f\u00e9rence. Les \u00e9quipes d\u2019Universcience (mus\u00e9ographes, m\u00e9diateurs scientifiques, architectes, etc.) travaillent main dans la main avec neuf commissaires scientifiques et une centaine d\u2019experts issus de nombreuses institutions (universit\u00e9s, Commissariat \u00e0 l\u2019\u00e9nergie atomique et aux \u00e9nergies alternatives, Conservatoire national des arts et m\u00e9tier, Centre national d\u2019\u00e9tudes spatiales, Ecole des mines, etc.), mobilis\u00e9s pour d\u00e9finir le contenu des offres. A leurs c\u00f4t\u00e9s, une ma\u00eetrise d\u2019\u0153uvre et des dizaines de prestataires contribuent \u00e0 rendre tangible ce projet d\u2019am\u00e9nagement dans le palais d\u2019Antin. Fruit d\u2019une r\u00e9flexion commune au service de la culture appuy\u00e9e par un m\u00e9c\u00e9nat important, le projet est aujourd\u2019hui pr\u00eat \u00e0 \u00eatre d\u00e9ploy\u00e9 sur site, avec 19\u00a0millions d\u2019euros engag\u00e9s et 13\u00a0millions d\u00e9j\u00e0 d\u00e9pens\u00e9s.<\/p>\n<p>                                   Lire aussi |  Article r\u00e9serv\u00e9 \u00e0 nos abonn\u00e9s  <a href=\"https:\/\/www.lemonde.fr\/sciences\/article\/2025\/07\/01\/monsieur-le-president-de-la-republique-le-palais-de-la-decouverte-doit-rouvrir_6617249_1650684.html\" class=\"js-article-read-also catcher--favoris__link\" data-premium=\"1\" id=\"article-title-3429579\" rel=\"nofollow noopener\" target=\"_blank\">\u00ab\u00a0Monsieur le pr\u00e9sident de la R\u00e9publique, le Palais de la d\u00e9couverte doit rouvrir\u00a0\u00bb<\/a>    <\/p>\n<p>   Lire plus tard  <\/p>\n<p class=\"article__paragraph  \">Le nouveau Palais de la d\u00e9couverte r\u00e9actualise l\u2019ambition visionnaire des grands scientifiques qui l\u2019ont fond\u00e9 en 1937\u00a0: s\u2019adresser \u00e0 toutes et \u00e0 tous pour \u00e9merveiller par la science, en faire un langage partag\u00e9 pour comprendre le monde et susciter des vocations. Il forme un tout coh\u00e9rent \u00e0 la hauteur des enjeux, d\u00e9clin\u00e9 en plusieurs offres qui s\u2019adaptent en temps r\u00e9el pour r\u00e9pondre \u00e0 l\u2019actualit\u00e9 comme au besoin d\u2019une information fiable et v\u00e9rifi\u00e9e. Avec cette refonte, le Palais se positionne comme un v\u00e9ritable carrefour europ\u00e9en de la m\u00e9diation scientifique, \u00e0 la crois\u00e9e des savoirs, de la recherche de pointe et de la culture d\u00e9mocratique.<\/p>\n<p class=\"reading-mode-only \"><strong>Il vous reste 61.84% de cet article \u00e0 lire. La suite est r\u00e9serv\u00e9e aux abonn\u00e9s.<\/strong><\/p>\n","protected":false},"excerpt":{"rendered":"L\u2019annulation des manifestations pr\u00e9vues au Palais de la d\u00e9couverte \u00e0 partir de juin, les incertitudes sur le calendrier&hellip;\n","protected":false},"author":2,"featured_media":167201,"comment_status":"","ping_status":"","sticky":false,"template":"","format":"standard","meta":{"footnotes":""},"categories":[1358],"tags":[1348,1384,1385,1386,58,59,1011,27],"class_list":{"0":"post-225782","1":"post","2":"type-post","3":"status-publish","4":"format-standard","5":"has-post-thumbnail","7":"category-arts-et-design","8":"tag-arts","9":"tag-arts-and-design","10":"tag-arts-et-design","11":"tag-design","12":"tag-divertissement","13":"tag-entertainment","14":"tag-fr","15":"tag-france"},"share_on_mastodon":{"url":"https:\/\/pubeurope.com\/@fr\/114795345647013488","error":""},"_links":{"self":[{"href":"https:\/\/www.europesays.com\/fr\/wp-json\/wp\/v2\/posts\/225782","targetHints":{"allow":["GET"]}}],"collection":[{"href":"https:\/\/www.europesays.com\/fr\/wp-json\/wp\/v2\/posts"}],"about":[{"href":"https:\/\/www.europesays.com\/fr\/wp-json\/wp\/v2\/types\/post"}],"author":[{"embeddable":true,"href":"https:\/\/www.europesays.com\/fr\/wp-json\/wp\/v2\/users\/2"}],"replies":[{"embeddable":true,"href":"https:\/\/www.europesays.com\/fr\/wp-json\/wp\/v2\/comments?post=225782"}],"version-history":[{"count":0,"href":"https:\/\/www.europesays.com\/fr\/wp-json\/wp\/v2\/posts\/225782\/revisions"}],"wp:featuredmedia":[{"embeddable":true,"href":"https:\/\/www.europesays.com\/fr\/wp-json\/wp\/v2\/media\/167201"}],"wp:attachment":[{"href":"https:\/\/www.europesays.com\/fr\/wp-json\/wp\/v2\/media?parent=225782"}],"wp:term":[{"taxonomy":"category","embeddable":true,"href":"https:\/\/www.europesays.com\/fr\/wp-json\/wp\/v2\/categories?post=225782"},{"taxonomy":"post_tag","embeddable":true,"href":"https:\/\/www.europesays.com\/fr\/wp-json\/wp\/v2\/tags?post=225782"}],"curies":[{"name":"wp","href":"https:\/\/api.w.org\/{rel}","templated":true}]}}