{"id":225783,"date":"2025-07-04T14:05:16","date_gmt":"2025-07-04T14:05:16","guid":{"rendered":"https:\/\/www.europesays.com\/fr\/225783\/"},"modified":"2025-07-04T14:05:16","modified_gmt":"2025-07-04T14:05:16","slug":"4eme-edition-de-livres-en-fete-au-bois-joalland","status":"publish","type":"post","link":"https:\/\/www.europesays.com\/fr\/225783\/","title":{"rendered":"4\u00e8me \u00e9dition de Livres en F\u00eate au Bois Joalland"},"content":{"rendered":"<p>Publi\u00e9 le 04 Juillet 2025 \u00e0 15:58<\/p>\n<p class=\"chapo\">L&rsquo;\u00e9v\u00e9n\u00e9ment d\u00e9di\u00e9 \u00e0 la litt\u00e9rature jeunesse est organis\u00e9 par la maison de quartier de l&rsquo;Immacul\u00e9e Beauregard dans le cadre du festival national Partir en livre.<\/p>\n<p style=\"margin-left:0.0px;\">Programme de la journ\u00e9e de <a href=\"https:\/\/www.saintnazairenews.fr\/agenda\/2025-07-05-saint-nazaire-livre-en-fete\" target=\"_blank\" rel=\"noopener\">Livres en F\u00eate<\/a> : une mini-ferme pour approcher les animaux, un spectacle de contes, des ateliers-rencontres avec l&rsquo;illustratrice M\u00e9lanie Fuentes et l&rsquo;autrice jeunesse Nanoux, un cabinet d\u2019ordonnances litt\u00e9raires pour enfants et adultes, un salon de tatouage \u00e9ph\u00e9m\u00e8re.<\/p>\n<p>Site web d\u00e9velopp\u00e9 \u00e0 Saint-Nazaire par<\/p>\n<p><a href=\"https:\/\/www.funz.fr\/\" target=\"_blank\" rel=\"noopener\"><img decoding=\"async\" src=\"https:\/\/www.saintnazairenews.fr\/images\/logo-funz.svg\" class=\"img-fluid mx-auto d-block\" style=\"width: 90px;\" alt=\"Funz : Agence digitale &amp; cr\u00e9ation de site internet \u00e0 Saint-Nazaire\" title=\"Cr\u00e9ation de site web \u00e0 Saint-Nazaire\"\/><\/a><\/p>\n","protected":false},"excerpt":{"rendered":"Publi\u00e9 le 04 Juillet 2025 \u00e0 15:58 L&rsquo;\u00e9v\u00e9n\u00e9ment d\u00e9di\u00e9 \u00e0 la litt\u00e9rature jeunesse est organis\u00e9 par la maison&hellip;\n","protected":false},"author":2,"featured_media":225784,"comment_status":"","ping_status":"","sticky":false,"template":"","format":"standard","meta":{"footnotes":""},"categories":[1357],"tags":[11,3723,1379,58,59,1011,27,1114,1380,13694,12,3213],"class_list":{"0":"post-225783","1":"post","2":"type-post","3":"status-publish","4":"format-standard","5":"has-post-thumbnail","7":"category-livres","8":"tag-actualites","9":"tag-actus","10":"tag-books","11":"tag-divertissement","12":"tag-entertainment","13":"tag-fr","14":"tag-france","15":"tag-infos","16":"tag-livres","17":"tag-nazaire","18":"tag-news","19":"tag-saint"},"share_on_mastodon":{"url":"https:\/\/pubeurope.com\/@fr\/114795349677845978","error":""},"_links":{"self":[{"href":"https:\/\/www.europesays.com\/fr\/wp-json\/wp\/v2\/posts\/225783","targetHints":{"allow":["GET"]}}],"collection":[{"href":"https:\/\/www.europesays.com\/fr\/wp-json\/wp\/v2\/posts"}],"about":[{"href":"https:\/\/www.europesays.com\/fr\/wp-json\/wp\/v2\/types\/post"}],"author":[{"embeddable":true,"href":"https:\/\/www.europesays.com\/fr\/wp-json\/wp\/v2\/users\/2"}],"replies":[{"embeddable":true,"href":"https:\/\/www.europesays.com\/fr\/wp-json\/wp\/v2\/comments?post=225783"}],"version-history":[{"count":0,"href":"https:\/\/www.europesays.com\/fr\/wp-json\/wp\/v2\/posts\/225783\/revisions"}],"wp:featuredmedia":[{"embeddable":true,"href":"https:\/\/www.europesays.com\/fr\/wp-json\/wp\/v2\/media\/225784"}],"wp:attachment":[{"href":"https:\/\/www.europesays.com\/fr\/wp-json\/wp\/v2\/media?parent=225783"}],"wp:term":[{"taxonomy":"category","embeddable":true,"href":"https:\/\/www.europesays.com\/fr\/wp-json\/wp\/v2\/categories?post=225783"},{"taxonomy":"post_tag","embeddable":true,"href":"https:\/\/www.europesays.com\/fr\/wp-json\/wp\/v2\/tags?post=225783"}],"curies":[{"name":"wp","href":"https:\/\/api.w.org\/{rel}","templated":true}]}}