{"id":225790,"date":"2025-07-04T14:09:15","date_gmt":"2025-07-04T14:09:15","guid":{"rendered":"https:\/\/www.europesays.com\/fr\/225790\/"},"modified":"2025-07-04T14:09:15","modified_gmt":"2025-07-04T14:09:15","slug":"tdah-et-reseaux-sociaux-avons-nous-tous-un-trouble-de-lattention","status":"publish","type":"post","link":"https:\/\/www.europesays.com\/fr\/225790\/","title":{"rendered":"TDAH et r\u00e9seaux sociaux: avons-nous tous un trouble de l\u2019attention?"},"content":{"rendered":"<p>TDAH et r\u00e9seaux sociaux \u2013 <\/p>\n<p>Avons-nous tous un trouble de l\u2019attention?<\/p>\n<p class=\"ContentHead_lead____SsS link_regular__O0hk0 link_externalicon-big__ZdPgo link_externalicon__qcwXs\">Le TDAH est parfois banalis\u00e9 sur TikTok, avec le risque de favoriser des autodiagnostics erron\u00e9s. Une association s\u2019inqui\u00e8te.<\/p>\n<p>Publi\u00e9: 03.07.2025, 16h21<img decoding=\"async\" loading=\"eager\" fetchpriority=\"high\" src=\"https:\/\/www.europesays.com\/fr\/wp-content\/uploads\/2025\/07\/2NxHVj4qaW-99LWCB6qvol.jpg\" alt=\"Jeune personne aux cheveux boucl\u00e9s, v\u00eatue d\u2019un sweat \u00e0 capuche gris, utilisant un t\u00e9l\u00e9phone portable dans une pi\u00e8ce lumineuse.\" title=\"Jeune personne aux cheveux boucl\u00e9s, v\u00eatue d\u2019un sweat \u00e0 capuche gris, utilisant un t\u00e9l\u00e9phone portable dans une pi\u00e8ce lumineuse.\" class=\"ResponsiveImage_root__ZDz10 responsive-image\" style=\"background-color:#979D4C\"\/><\/p>\n<p>Les r\u00e9seaux sociaux peuvent contribuer \u00e0 banaliser le trouble de l\u2019attention.<\/p>\n<p>Unsplash<\/p>\n<p>Abonnez-vous d\u00e8s maintenant et profitez de la fonction de lecture audio.<a href=\"https:\/\/bottalk.io\/\" class=\"BottalkPaywall_bottalklink__KDtuf\" target=\"_blank\" rel=\"noreferrer noopener\">BotTalk<\/a><strong class=\"SummaryList_title__8uifR\">En bref:<\/strong><\/p>\n<ul class=\"SummaryList_list__pEa7M\">\n<li>Les r\u00e9seaux sociaux parlent de plus en plus du trouble de l\u2019attention, mais \u00e9voquent parfois de mauvais sympt\u00f4mes.<\/li>\n<li>Seul un professionnel de sant\u00e9 peut \u00e9tablir un diagnostic du trouble.<\/li>\n<li>Sa banalisation peut nuire \u00e0 la compr\u00e9hension des v\u00e9ritables difficult\u00e9s des patients.<\/li>\n<\/ul>\n<p class=\"ArticleParagraph_root__lhFZo ArticleContainer_content-width__FRl7F link_focus__0ZMwx link_externalicon-big__ZdPgo link_externalicon__qcwXs ArticleElement_article-element__q93eL\">Il est parfois d\u00e9crit, \u00e0 tort, comme un effet de mode: le trouble de l\u2019attention. On estime qu\u2019il concerne en Suisse <a href=\"https:\/\/www.tdg.ch\/le-trouble-de-lattention-vraie-pathologie-ou-simple-difficulte-769829480901\" class=\"HtmlText_root__A1OSq\" target=\"_blank\" rel=\"noopener noreferrer\">entre 5 et 7% des enfants<\/a> et qu\u2019il perdure dans pr\u00e8s de 60% des cas \u00e0 l\u2019\u00e2ge adulte. Lorsque le diagnostic du TDAH tombe, c\u2019est souvent un soulagement pour la personne concern\u00e9e et son entourage.<\/p>\n<p class=\"ArticleParagraph_root__lhFZo ArticleContainer_content-width__FRl7F link_focus__0ZMwx link_externalicon-big__ZdPgo link_externalicon__qcwXs ArticleElement_article-element__q93eL\">Sur les r\u00e9seaux sociaux, les vid\u00e9os o\u00f9 des internautes racontent leurs \u00absympt\u00f4mes\u00bb du TDAH fleurissent. Ces contenus, qui d\u00e9crivent par exemple des difficult\u00e9s \u00e0 se concentrer, une agitation constante ou des comportements impulsifs, s\u00e9duisent: beaucoup s\u2019y reconnaissent. Peut-\u00eatre parce que ces petites choses du quotidien, comme oublier ses cl\u00e9s ou ne pas r\u00e9ussir \u00e0 terminer une d\u00e9marche administrative, trouvent enfin une explication.<\/p>\n<p>Diagnostic m\u00e9dical in\u00e9vitable<\/p>\n<p class=\"ArticleParagraph_root__lhFZo ArticleContainer_content-width__FRl7F link_focus__0ZMwx link_externalicon-big__ZdPgo link_externalicon__qcwXs ArticleElement_article-element__q93eL\">Le trouble de l\u2019attention avec ou sans hyperactivit\u00e9 (TDA\/H) r\u00e9pond toutefois \u00e0 des crit\u00e8res bien pr\u00e9cis, qui figurent dans le manuel diagnostic des troubles mentaux, le \u00abDSM-5\u00bb. Concr\u00e8tement, seul un m\u00e9decin peut attester de la pr\u00e9sence de ce trouble qui peut bouleverser le quotidien.<\/p>\n<p class=\"ArticleParagraph_root__lhFZo ArticleContainer_content-width__FRl7F link_focus__0ZMwx link_externalicon-big__ZdPgo link_externalicon__qcwXs ArticleElement_article-element__q93eL\">La tendance \u00e0 exposer des (pseudo-)sympt\u00f4mes du TDAH sur les r\u00e9seaux a-t-elle un revers? Daniela Brustolin, \u00e0 la t\u00eate de <a href=\"https:\/\/www.aspedah.ch\/\" class=\"HtmlText_root__A1OSq\" target=\"_blank\" rel=\"noopener noreferrer\">l\u2019association Aspedah,<\/a> vient en aide aux personnes concern\u00e9es par un trouble de l\u2019attention. Elle remarque l\u2019influence concr\u00e8te de la diffusion de ce type de vid\u00e9os sur les r\u00e9seaux.<\/p>\n<p class=\"ArticleParagraph_root__lhFZo ArticleContainer_content-width__FRl7F link_focus__0ZMwx link_externalicon-big__ZdPgo link_externalicon__qcwXs ArticleElement_article-element__q93eL\">\u00abOn re\u00e7oit des mails de gens qui s\u2019autodiagnostiquent et sont convaincus d\u2019avoir un TDAH, explique-t-elle. Or, parfois ils reviennent nous consulter des mois plus tard, apr\u00e8s une rencontre avec un sp\u00e9cialiste et disent qu\u2019ils ont eu un autre diagnostic, par exemple une d\u00e9pression.\u00bb<\/p>\n<p>Un ph\u00e9nom\u00e8ne \u00abtotalement nouveau\u00bb<\/p>\n<p class=\"ArticleParagraph_root__lhFZo ArticleContainer_content-width__FRl7F link_focus__0ZMwx link_externalicon-big__ZdPgo link_externalicon__qcwXs ArticleElement_article-element__q93eL\">La professionnelle n\u2019avait jamais vu ce genre de comportement par le pass\u00e9: \u00abC\u2019est totalement nouveau et c\u2019est l\u00e0 qu\u2019on remarque toute l\u2019influence des r\u00e9seaux.\u00bb Pour elle, il faut sensibiliser la population \u00e0 faire attention \u00abaux raccourcis\u00bb.<\/p>\n<p class=\"ArticleParagraph_root__lhFZo ArticleContainer_content-width__FRl7F link_focus__0ZMwx link_externalicon-big__ZdPgo link_externalicon__qcwXs ArticleElement_article-element__q93eL\">\u00abLe TDAH est un r\u00e9el trouble, qui impacte toutes les sph\u00e8res de vie de mani\u00e8re durable, seul un m\u00e9decin peut vous diagnostiquer, ass\u00e8ne Daniela Brustolin. Aujourd\u2019hui, on a tendance \u00e0 avoir une hygi\u00e8ne de vie qui peut causer certains sympt\u00f4mes, comme \u00eatre beaucoup sur les \u00e9crans, peu dormir et ne pas r\u00e9ussir \u00e0 se concentrer. Mais on ne peut pas tirer de conclusion tout seul, \u00e0 partir d\u2019un ou deux signes du genre.\u00bb<\/p>\n<p>Parler du TDAH, mais ne pas banaliser<\/p>\n<p class=\"ArticleParagraph_root__lhFZo ArticleContainer_content-width__FRl7F link_focus__0ZMwx link_externalicon-big__ZdPgo link_externalicon__qcwXs ArticleElement_article-element__q93eL\">Si le TDAH sert d\u2019explication rassurante pour faire sens de certaines difficult\u00e9s, il est en r\u00e9alit\u00e9 bien plus complexe que les sympt\u00f4mes popularis\u00e9s sur les r\u00e9seaux. En outre, plus de la moiti\u00e9 des vid\u00e9os TikTok consacr\u00e9es au TDAH ne respecteraient pas les crit\u00e8res m\u00e9dicaux et diffuseraient des informations erron\u00e9es, rapporte le m\u00e9dia allemand <a href=\"https:\/\/www.spiegel.de\/\" class=\"HtmlText_root__A1OSq\" target=\"_blank\" rel=\"noopener noreferrer\">\u00abDer Spiegel\u00bb<\/a>.<\/p>\n<p class=\"ArticleParagraph_root__lhFZo ArticleContainer_content-width__FRl7F link_focus__0ZMwx link_externalicon-big__ZdPgo link_externalicon__qcwXs ArticleElement_article-element__q93eL\">\u00abLe TDAH, ce n\u2019est pas une mode, \u00e7a a un v\u00e9ritable impact sur le quotidien, conclut Daniela Brustolin. C\u2019est positif qu\u2019on en parle autant, mais on va parfois trop vite, on fait des raccourcis, et certaines personnes finissent par s\u2019identifier \u00e0 tort. \u00c0 force, \u00e7a banalise la r\u00e9alit\u00e9 du trouble et \u00e7a ne rend pas service aux concern\u00e9s.\u00bb<\/p>\n<p class=\"DynamicTeaser_boxtitle__B6piN\">En lire davantage sur le TDAH<\/p>\n<p class=\"Feedback_root__fr_Mi ArticleContainer_content-width__FRl7F\">Vous avez trouv\u00e9 une erreur?<a href=\"mailto:tes_correction@tamedia.ch?subject=Avis%20d'erreur%20%7C%20Adriana%20Stimoli%20%7C%20Avons-nous%20tous%20un%20trouble%20de%20l%E2%80%99attention%3F&amp;body=J'ai%20trouv%C3%A9%20une%20erreur%20dans%20cet%20article%3A%20https%3A%2F%2Fwww.24heures.ch%2Ftdah-et-reseaux-sociaux-avons-nous-tous-un-trouble-de-lattention-886887956264\" class=\"Feedback_feedbacklink__VyDCi link_underlinelink__K5Zr0\">Merci de nous la signaler.<\/a><\/p>\n<p>14 commentaires<\/p>\n","protected":false},"excerpt":{"rendered":"TDAH et r\u00e9seaux sociaux \u2013 Avons-nous tous un trouble de l\u2019attention? Le TDAH est parfois banalis\u00e9 sur TikTok,&hellip;\n","protected":false},"author":2,"featured_media":225791,"comment_status":"","ping_status":"","sticky":false,"template":"","format":"standard","meta":{"footnotes":""},"categories":[10],"tags":[1011,27,72,71,2300,34241],"class_list":{"0":"post-225790","1":"post","2":"type-post","3":"status-publish","4":"format-standard","5":"has-post-thumbnail","7":"category-sante","8":"tag-fr","9":"tag-france","10":"tag-health","11":"tag-sante","12":"tag-stats-seo","13":"tag-stats-seo-trends"},"share_on_mastodon":{"url":"https:\/\/pubeurope.com\/@fr\/114795365379919456","error":""},"_links":{"self":[{"href":"https:\/\/www.europesays.com\/fr\/wp-json\/wp\/v2\/posts\/225790","targetHints":{"allow":["GET"]}}],"collection":[{"href":"https:\/\/www.europesays.com\/fr\/wp-json\/wp\/v2\/posts"}],"about":[{"href":"https:\/\/www.europesays.com\/fr\/wp-json\/wp\/v2\/types\/post"}],"author":[{"embeddable":true,"href":"https:\/\/www.europesays.com\/fr\/wp-json\/wp\/v2\/users\/2"}],"replies":[{"embeddable":true,"href":"https:\/\/www.europesays.com\/fr\/wp-json\/wp\/v2\/comments?post=225790"}],"version-history":[{"count":0,"href":"https:\/\/www.europesays.com\/fr\/wp-json\/wp\/v2\/posts\/225790\/revisions"}],"wp:featuredmedia":[{"embeddable":true,"href":"https:\/\/www.europesays.com\/fr\/wp-json\/wp\/v2\/media\/225791"}],"wp:attachment":[{"href":"https:\/\/www.europesays.com\/fr\/wp-json\/wp\/v2\/media?parent=225790"}],"wp:term":[{"taxonomy":"category","embeddable":true,"href":"https:\/\/www.europesays.com\/fr\/wp-json\/wp\/v2\/categories?post=225790"},{"taxonomy":"post_tag","embeddable":true,"href":"https:\/\/www.europesays.com\/fr\/wp-json\/wp\/v2\/tags?post=225790"}],"curies":[{"name":"wp","href":"https:\/\/api.w.org\/{rel}","templated":true}]}}