{"id":225792,"date":"2025-07-04T14:10:10","date_gmt":"2025-07-04T14:10:10","guid":{"rendered":"https:\/\/www.europesays.com\/fr\/225792\/"},"modified":"2025-07-04T14:10:10","modified_gmt":"2025-07-04T14:10:10","slug":"le-semi-marathon-du-mont-ventoux-est-il-vraiment-le-plus-difficile-deurope","status":"publish","type":"post","link":"https:\/\/www.europesays.com\/fr\/225792\/","title":{"rendered":"Le semi-marathon du mont Ventoux est-il vraiment le \u00ab\u00a0plus difficile d\u2019Europe\u00a0\u00bb\u00a0?"},"content":{"rendered":"<p>Un chiffre qui donne le vertige\u00a0: 1.610 m\u00e8tres de d\u00e9nivel\u00e9 positif avec \u00ab\u00a0une mont\u00e9e en continu\u00a0\u00bb. C\u2019est le profil du <a href=\"https:\/\/www.semi-montventoux.com\/post\/le-parcours-du-semi-marathon-du-mont-ventoux-kookabarra-d%C3%A9crypt%C3%A9-en-quatre-%C3%A9tapes\" rel=\"nofollow noopener\" target=\"_blank\" class=\"color-ultramarine c-link\">semi-marathon du mont Ventoux<\/a>. Le G\u00e9ant de Provence est d\u00e9j\u00e0 grav\u00e9 dans <a href=\"https:\/\/www.20minutes.fr\/sport\/3079523-20210707-tour-france-double-ascension-mont-ventoux-fait-mal-intouchable-pogacar\" class=\"color-ultramarine c-link\" target=\"_blank\" rel=\"noopener\">la l\u00e9gende du Tour de France<\/a> pour son arriv\u00e9e min\u00e9rale et lunaire \u00e0 1.910 m\u00e8tres, les victoires de Poulidor, Merckx, Pantani, Virenque ou Froome \u00e0 son sommet. Et il est en train de se tailler une place dans les courses sur route hors normes. Au point de s\u2019autoproclamer \u00ab\u00a0semi-marathon le plus difficile d\u2019Europe\u00a0\u00bb. Mais est-ce vraiment le plus dur\u00a0?<\/p>\n<p>\u00ab\u00a0Le label \u00ab\u00a0semi-marathon le plus difficile d\u2019Europe\u00a0\u00bb n\u2019existe\u00a0pas\u00a0\u00bb, reconna\u00eet Bertrand Delhomme, organisateur de l\u2019\u00e9v\u00e9nement depuis\u00a02022 \u00e0 la suite de son oncle et de la mise en pause pendant deux ans de la course \u00e0 cause du Covid. \u00ab\u00a0Je me suis amus\u00e9 \u00e0 regarder tous les semis d\u2019Europe, reprend-il. J\u2019ai vu une course en Norv\u00e8ge avec un profil similaire mais 100\u00a0m de d\u00e9nivel\u00e9 en moins et des portions de plat et de descente. Une autre en Espagne, mais qui n\u2019\u00e9tait pas que sur route. Il y a aussi <a href=\"https:\/\/www.defiduportet.com\/le-semi-marathon\" rel=\"nofollow noopener\" target=\"_blank\" class=\"color-ultramarine c-link\">le col du Portet<\/a> [Hautes-Pyr\u00e9n\u00e9es] qui s\u2019est lanc\u00e9 mais avec un peu moins de d\u00e9nivel\u00e9 [1.400\u00a0m D +]. \u00bb Ce d\u00e9nivel\u00e9 \u00ab\u00a0qu\u2019on ne retrouve pas ailleurs\u00a0\u00bb, dixit l\u2019organisateur, lui donne un \u00ab\u00a0gros coup de com\u00a0\u00bb et la possibilit\u00e9 de revendiquer cette difficult\u00e9 pas vue ailleurs sur le continent.<\/p>\n<p class=\"mb-xxl@xs color-ultramarine font-weight-semi-bold@xs font-source-serif-pro heading-s@xs\">L\u2019acc\u00e8s \u00e0 ce contenu a \u00e9t\u00e9 bloqu\u00e9 afin de respecter votre choix de consentement<\/p>\n<p class=\"mb-m@xs text-l@xs\">En cliquant sur\u00ab J\u2019accepte \u00bb, vous acceptez le d\u00e9p\u00f4t de cookies par des services externes et aurez ainsi acc\u00e8s aux contenus de nos partenaires.<\/p>\n<p class=\"mb-xl@xs text-s@xs\">Plus d\u2019informations sur la page<a href=\"https:\/\/www.20minutes.fr\/gestion-cookies\" class=\"mx-xxs@xs color-ultramarine\" target=\"_blank\" rel=\"noopener\">Politique de gestion des cookies<\/a><\/p>\n<p>J\u2019accepte<\/p>\n<p>Ce dimanche, seuls 1.600 coureurs et coureuses s\u2019aligneront pour d\u00e9fier le mont chauve alors que 6.000 autres \u00e9taient sur liste d\u2019attente. \u00ab\u00a0On a en t\u00eate de se rapprocher des 2.000 participants, une jauge g\u00e9rable pour notre organisation 100\u00a0% b\u00e9n\u00e9vole, avance Bertrand Delhomme, qui rappelle qu\u2019en\u00a02022, la course ne comptait que 500 dossards. On veut conserver une bonne exp\u00e9rience coureur \u00e9galement.\u00a0\u00bb<\/p>\n<\/p>\n<p>\u00ab\u00a0On vient pour la diff\u00e9rence et la difficult\u00e9\u00a0\u00bb<\/p>\n<p><a href=\"https:\/\/www.20minutes.fr\/sport\/jo_2024\/4056003-20231005-marathon-raccrochee-vie-grace-course-pied-anais-quemener-vaincu-cancer-reve-jo-paris\" class=\"color-ultramarine c-link\" target=\"_blank\" rel=\"noopener\">Ana\u00efs Quemener<\/a> est redescendue ravie des \u00e9ditions 2023 et 2024 et nantie de deux succ\u00e8s. Egalement double championne de France de marathon (2016, 2022), l\u2019athl\u00e8te de 34 ans valide le qualificatif de \u00ab\u00a0semi le plus difficile d\u2019Europe\u00a0\u00bb pour le Ventoux. \u00ab\u00a0Compl\u00e8tement\u00a0! Je n\u2019ai jamais fait une course avec cette particularit\u00e9 de monter du d\u00e9but \u00e0 la fin. On vient pour \u00e7a, pour rechercher la diff\u00e9rence et la difficult\u00e9.\u00a0\u00bb Mais aussi pour la beaut\u00e9 des paysages et notamment \u00ab\u00a0les derniers kilom\u00e8tres sous le cagnard, qui ajoute une difficult\u00e9 suppl\u00e9mentaire, et l\u2019arriv\u00e9e en haut du Ventoux comme sur le Tour de France avec les encouragements\u00a0\u00bb. On jurerait qu\u2019un frisson \u00e9lectrise ses jambes.<\/p>\n<p><img decoding=\"async\" alt=\"Ana\u00efs Quemener domptant les 1.610 m de d\u00e9nivel\u00e9 positif du semi-marathon du mont Ventoux. L'athl\u00e8te a remport\u00e9 deux fois la course en 2023 et 2024.\" class=\"c-img\" loading=\"lazy\" fetchpriority=\"auto\" width=\"718\"  src=\"https:\/\/img.20mn.fr\/9T6_ccjITImYokSJFLhHWik\/718x0\" \/>Ana\u00efs Quemener domptant les 1.610 m de d\u00e9nivel\u00e9 positif du semi-marathon du mont Ventoux. L&rsquo;athl\u00e8te a remport\u00e9 deux fois la course en 2023 et 2024.\u2002-\u00a0Damien Rosso \/ DROZ PHOTO<\/p>\n<p>Les sp\u00e9cialistes de la course sur route en recherche d&rsquo;\u00ab\u00a0un break sur le chrono avec un d\u00e9fi \u00e0 part\u00a0\u00bb ne sont pas les seuls \u00e0 postuler \u00e0 un dossard. \u00ab\u00a0On a aussi des traileurs qui viennent sur route pour ce col mythique, des coureurs qui veulent du d\u00e9nivel\u00e9 sans faire de trail, des cyclistes qui ont mont\u00e9 le Ventoux 50 fois et veulent le faire une fois en courant, liste Bertrand Delhomme. Le public est hyper large mais il faut \u00eatre un minimum entra\u00een\u00e9.\u00a0\u00bb<\/p>\n<p><a href=\"https:\/\/www.semi-montventoux.com\/r%C3%A9sultats-semi-mont-ventoux\" rel=\"nofollow noopener\" target=\"_blank\" class=\"color-ultramarine c-link\">Les plus vaillants<\/a> ont aval\u00e9 les 21,6\u00a0km en 1h29&rsquo;10 chez les hommes \u2013 Hassan Chahdi en\u00a02024 \u2013 et 1h48&rsquo;05 chez les femmes \u2013 Ana\u00efs Quemener en\u00a02023. Pour les moins rapides, il faudra rejoindre le sommet du Ventoux en 3h40 et \u00eatre pass\u00e9s au chalet Reynard, au KM15, en moins de 2h30 sous peine d\u2019un retrait de dossard. Et ce \u00ab\u00a0pour des raisons de s\u00e9curit\u00e9 li\u00e9es au timing de reprise de la circulation sur la D974\u00a0\u00bb, indique l\u2019organisation. En\u00a02024, seuls douze coureurs et coureuses ont \u00e9t\u00e9 hors d\u00e9lai sur les 1.078 au d\u00e9part, et six ont abandonn\u00e9. Malgr\u00e9 ce statut de \u00ab\u00a0semi-marathon le plus difficile d\u2019Europe\u00a0\u00bb, moins de 2\u00a0% n\u2019arrivent donc pas au sommet.<\/p>\n","protected":false},"excerpt":{"rendered":"Un chiffre qui donne le vertige\u00a0: 1.610 m\u00e8tres de d\u00e9nivel\u00e9 positif avec \u00ab\u00a0une mont\u00e9e en continu\u00a0\u00bb. C\u2019est le&hellip;\n","protected":false},"author":2,"featured_media":225793,"comment_status":"","ping_status":"","sticky":false,"template":"","format":"standard","meta":{"footnotes":""},"categories":[9],"tags":[885,7712,1011,27,884,5324,883,882,517,60,210,4520],"class_list":{"0":"post-225792","1":"post","2":"type-post","3":"status-publish","4":"format-standard","5":"has-post-thumbnail","7":"category-sports","8":"tag-bouches-du-rhone","9":"tag-course-a-pied","10":"tag-fr","11":"tag-france","12":"tag-marseille","13":"tag-montagne","14":"tag-paca","15":"tag-provence-alpes-cote-dazur","16":"tag-sport","17":"tag-sports","18":"tag-tour-de-france","19":"tag-vaucluse"},"share_on_mastodon":{"url":"https:\/\/pubeurope.com\/@fr\/114795369386462835","error":""},"_links":{"self":[{"href":"https:\/\/www.europesays.com\/fr\/wp-json\/wp\/v2\/posts\/225792","targetHints":{"allow":["GET"]}}],"collection":[{"href":"https:\/\/www.europesays.com\/fr\/wp-json\/wp\/v2\/posts"}],"about":[{"href":"https:\/\/www.europesays.com\/fr\/wp-json\/wp\/v2\/types\/post"}],"author":[{"embeddable":true,"href":"https:\/\/www.europesays.com\/fr\/wp-json\/wp\/v2\/users\/2"}],"replies":[{"embeddable":true,"href":"https:\/\/www.europesays.com\/fr\/wp-json\/wp\/v2\/comments?post=225792"}],"version-history":[{"count":0,"href":"https:\/\/www.europesays.com\/fr\/wp-json\/wp\/v2\/posts\/225792\/revisions"}],"wp:featuredmedia":[{"embeddable":true,"href":"https:\/\/www.europesays.com\/fr\/wp-json\/wp\/v2\/media\/225793"}],"wp:attachment":[{"href":"https:\/\/www.europesays.com\/fr\/wp-json\/wp\/v2\/media?parent=225792"}],"wp:term":[{"taxonomy":"category","embeddable":true,"href":"https:\/\/www.europesays.com\/fr\/wp-json\/wp\/v2\/categories?post=225792"},{"taxonomy":"post_tag","embeddable":true,"href":"https:\/\/www.europesays.com\/fr\/wp-json\/wp\/v2\/tags?post=225792"}],"curies":[{"name":"wp","href":"https:\/\/api.w.org\/{rel}","templated":true}]}}