{"id":225796,"date":"2025-07-04T14:12:10","date_gmt":"2025-07-04T14:12:10","guid":{"rendered":"https:\/\/www.europesays.com\/fr\/225796\/"},"modified":"2025-07-04T14:12:10","modified_gmt":"2025-07-04T14:12:10","slug":"lapple-store-de-cap-3000-evacue-en-urgence-le-magasin-ferme-jusqua-nouvel-ordre","status":"publish","type":"post","link":"https:\/\/www.europesays.com\/fr\/225796\/","title":{"rendered":"L&rsquo;Apple Store de Cap 3000 \u00e9vacu\u00e9 en urgence, le magasin ferm\u00e9 jusqu&rsquo;\u00e0 nouvel ordre"},"content":{"rendered":"<p>Il \u00e9tait <strong>13h30 ce vendredi 4 juillet quand l\u2019Apple Store de Cap 3000<\/strong> a \u00e9t\u00e9 \u00e9vacu\u00e9. En cause: une forte odeur suspecte de type javel. Elle se serait \u00e9chapp\u00e9e de la climatisation.<\/p>\n<p>Le personnel et les clients du magasin ont \u00e9t\u00e9 \u00e9vacu\u00e9s. L\u2019Apple Store a imm\u00e9diatement \u00e9t\u00e9 ferm\u00e9.<\/p>\n<p>Aucun bless\u00e9 signal\u00e9<\/p>\n<p>La soci\u00e9t\u00e9 de climatisation devait se rendre sur les lieux dans l&rsquo;apr\u00e8s-midi. L\u2019\u00e9quipe sp\u00e9cialis\u00e9e en risques chimiques des sapeurs-pompiers a \u00e9galement \u00e9t\u00e9 mobilis\u00e9e.<\/p>\n<p>A ce stade, aucun bless\u00e9 n\u2019est \u00e0 signaler. Et le danger semble ma\u00eetris\u00e9.<\/p>\n<p>Aucune pr\u00e9cision n\u2019a \u00e9t\u00e9 donn\u00e9e quand \u00e0 l\u2019heure de r\u00e9ouverture du magasin.<\/p>\n","protected":false},"excerpt":{"rendered":"Il \u00e9tait 13h30 ce vendredi 4 juillet quand l\u2019Apple Store de Cap 3000 a \u00e9t\u00e9 \u00e9vacu\u00e9. En cause:&hellip;\n","protected":false},"author":2,"featured_media":225797,"comment_status":"","ping_status":"","sticky":false,"template":"","format":"standard","meta":{"footnotes":""},"categories":[7],"tags":[118,1011,27,43,40,41,39,42,44],"class_list":{"0":"post-225796","1":"post","2":"type-post","3":"status-publish","4":"format-standard","5":"has-post-thumbnail","7":"category-sciences-et-technologies","8":"tag-faits-divers","9":"tag-fr","10":"tag-france","11":"tag-science","12":"tag-science-and-technology","13":"tag-sciences","14":"tag-sciences-et-technologies","15":"tag-technologies","16":"tag-technology"},"share_on_mastodon":{"url":"https:\/\/pubeurope.com\/@fr\/114795377127358725","error":""},"_links":{"self":[{"href":"https:\/\/www.europesays.com\/fr\/wp-json\/wp\/v2\/posts\/225796","targetHints":{"allow":["GET"]}}],"collection":[{"href":"https:\/\/www.europesays.com\/fr\/wp-json\/wp\/v2\/posts"}],"about":[{"href":"https:\/\/www.europesays.com\/fr\/wp-json\/wp\/v2\/types\/post"}],"author":[{"embeddable":true,"href":"https:\/\/www.europesays.com\/fr\/wp-json\/wp\/v2\/users\/2"}],"replies":[{"embeddable":true,"href":"https:\/\/www.europesays.com\/fr\/wp-json\/wp\/v2\/comments?post=225796"}],"version-history":[{"count":0,"href":"https:\/\/www.europesays.com\/fr\/wp-json\/wp\/v2\/posts\/225796\/revisions"}],"wp:featuredmedia":[{"embeddable":true,"href":"https:\/\/www.europesays.com\/fr\/wp-json\/wp\/v2\/media\/225797"}],"wp:attachment":[{"href":"https:\/\/www.europesays.com\/fr\/wp-json\/wp\/v2\/media?parent=225796"}],"wp:term":[{"taxonomy":"category","embeddable":true,"href":"https:\/\/www.europesays.com\/fr\/wp-json\/wp\/v2\/categories?post=225796"},{"taxonomy":"post_tag","embeddable":true,"href":"https:\/\/www.europesays.com\/fr\/wp-json\/wp\/v2\/tags?post=225796"}],"curies":[{"name":"wp","href":"https:\/\/api.w.org\/{rel}","templated":true}]}}