{"id":225800,"date":"2025-07-04T14:14:10","date_gmt":"2025-07-04T14:14:10","guid":{"rendered":"https:\/\/www.europesays.com\/fr\/225800\/"},"modified":"2025-07-04T14:14:10","modified_gmt":"2025-07-04T14:14:10","slug":"elle-utilise-son-telephone-en-charge-pendant-un-orage-et-se-fait-electrocuter","status":"publish","type":"post","link":"https:\/\/www.europesays.com\/fr\/225800\/","title":{"rendered":"Elle utilise son t\u00e9l\u00e9phone en charge pendant un orage et se fait \u00e9lectrocuter"},"content":{"rendered":"<p>Une belle frayeur. Dimanche soir, une jeune femme de 19 ans se trouvait chez elle \u00e0\u00a0Russellville (<a href=\"https:\/\/www.20minutes.fr\/monde\/etats-unis\/\" class=\"color-ultramarine c-link\" target=\"_blank\" rel=\"noopener\">Etats-Unis<\/a>) lorsque des <a href=\"https:\/\/www.20minutes.fr\/societe\/orage\/\" class=\"color-ultramarine c-link\" target=\"_blank\" rel=\"noopener\">orages <\/a>ont \u00e9clat\u00e9.\u00a0Comme le raconte le m\u00e9dia\u00a0<a href=\"https:\/\/whnt.com\/news\/shoals\/felt-pins-and-needles-russellville-woman-speaks-out-after-being-struck-by-lightning\/\" target=\"_blank\" class=\"color-ultramarine c-link\" rel=\"noopener\">19\u00a0News<\/a>, elle s\u2019est allong\u00e9e dans son lit et s\u2019occupait en scrollant sur son t\u00e9l\u00e9phone qui \u00e9tait en train de charger. Puis soudainement, la <a href=\"https:\/\/www.20minutes.fr\/dossier\/foudre\" class=\"color-ultramarine c-link\" target=\"_blank\" rel=\"noopener\">foudre <\/a>a frapp\u00e9.<\/p>\n<p>\u00ab\u00a0J\u2019ai ensuite entendu un gros bruit. Apr\u00e8s ce bruit, tout ce que j\u2019entendais, c\u2019\u00e9tait un bourdonnement dans mes oreilles\u00a0\u00bb, raconte-t-elle.\u00a0Elle a ensuite senti des picotements dans ses mains, comme\u00a0si elle avait \u00ab\u00a0enfonc\u00e9 une fourchette dans une prise \u00e9lectrique\u00a0\u00bb. Elle a en r\u00e9alit\u00e9 \u00e9t\u00e9 \u00e9lectrocut\u00e9e par\u00a0la foudre, qui\u00a0a frapp\u00e9 la prise \u00e0 laquelle \u00e9tait branch\u00e9 son chargeur de t\u00e9l\u00e9phone.<\/p>\n<p>Une chance sur 1,6\u00a0million<\/p>\n<p>Heureusement, elle a tout de suite eu le r\u00e9flexe de jeter l\u2019appareil. \u00ab\u00a0Si je l\u2019avais gard\u00e9, j\u2019aurais pu \u00eatre \u00e9lectrocut\u00e9e encore plus violemment\u00a0\u00bb, poursuit-elle. Les secours se sont rapidement rendus chez elle et l\u2019ont transport\u00e9e \u00e0 l\u2019h\u00f4pital. Elle \u00e9tait alors tr\u00e8s \u00e9tourdie. \u00ab\u00a0J\u2019essayais de leur dire mon nom mais j\u2019avais du mal, se souvient-elle. J\u2019ai voulu leur dire mon \u00e2ge, mais j\u2019ai failli dire 18\u00a0alors que j\u2019en ai 19. Il m\u2019a fallu une minute pour me souvenir de mon \u00e2ge.\u00a0\u00bb<\/p>\n<\/p>\n<p>La jeune Am\u00e9ricaine a quitt\u00e9 l\u2019h\u00f4pital lundi. Selon nos confr\u00e8res, elle souffrait encore de quelques douleurs au poignet droit, au bras droit et \u00e0 la poitrine. Mais elle est tr\u00e8s reconnaissante d\u2019\u00eatre en vie. \u00c0 l\u2019h\u00f4pital, les m\u00e9decins lui ont dit qu\u2019elle avait\u00a0eu beaucoup de chance que le choc ne se soit pas approch\u00e9 de son c\u0153ur. D\u2019apr\u00e8s le National Lightning Safety Council, la probabilit\u00e9 d\u2019\u00eatre frapp\u00e9 par la foudre au cours d\u2019une ann\u00e9e est de 1\u00a0sur 1.600.000.<\/p>\n","protected":false},"excerpt":{"rendered":"Une belle frayeur. Dimanche soir, une jeune femme de 19 ans se trouvait chez elle \u00e0\u00a0Russellville (Etats-Unis) lorsque&hellip;\n","protected":false},"author":2,"featured_media":225801,"comment_status":"","ping_status":"","sticky":false,"template":"","format":"standard","meta":{"footnotes":""},"categories":[5],"tags":[47,11,73,118,1011,27,1757,14,74,12,4594,319,28],"class_list":{"0":"post-225800","1":"post","2":"type-post","3":"status-publish","4":"format-standard","5":"has-post-thumbnail","7":"category-international","8":"tag-actualite","9":"tag-actualites","10":"tag-etats-unis","11":"tag-faits-divers","12":"tag-fr","13":"tag-france","14":"tag-insolite","15":"tag-international","16":"tag-monde","17":"tag-news","18":"tag-orages","19":"tag-telephone","20":"tag-world"},"share_on_mastodon":{"url":"https:\/\/pubeurope.com\/@fr\/114795384891533244","error":""},"_links":{"self":[{"href":"https:\/\/www.europesays.com\/fr\/wp-json\/wp\/v2\/posts\/225800","targetHints":{"allow":["GET"]}}],"collection":[{"href":"https:\/\/www.europesays.com\/fr\/wp-json\/wp\/v2\/posts"}],"about":[{"href":"https:\/\/www.europesays.com\/fr\/wp-json\/wp\/v2\/types\/post"}],"author":[{"embeddable":true,"href":"https:\/\/www.europesays.com\/fr\/wp-json\/wp\/v2\/users\/2"}],"replies":[{"embeddable":true,"href":"https:\/\/www.europesays.com\/fr\/wp-json\/wp\/v2\/comments?post=225800"}],"version-history":[{"count":0,"href":"https:\/\/www.europesays.com\/fr\/wp-json\/wp\/v2\/posts\/225800\/revisions"}],"wp:featuredmedia":[{"embeddable":true,"href":"https:\/\/www.europesays.com\/fr\/wp-json\/wp\/v2\/media\/225801"}],"wp:attachment":[{"href":"https:\/\/www.europesays.com\/fr\/wp-json\/wp\/v2\/media?parent=225800"}],"wp:term":[{"taxonomy":"category","embeddable":true,"href":"https:\/\/www.europesays.com\/fr\/wp-json\/wp\/v2\/categories?post=225800"},{"taxonomy":"post_tag","embeddable":true,"href":"https:\/\/www.europesays.com\/fr\/wp-json\/wp\/v2\/tags?post=225800"}],"curies":[{"name":"wp","href":"https:\/\/api.w.org\/{rel}","templated":true}]}}